{"id":6817,"date":"2016-02-18T17:50:46","date_gmt":"2016-02-18T20:50:46","guid":{"rendered":"https:\/\/quasarcomunicacion.com.ar\/web\/?p=6817"},"modified":"2016-02-18T17:50:46","modified_gmt":"2016-02-18T20:50:46","slug":"la-asociacion-patrimonio-natural-en-defensa-del-bosque-nativo-y-con-caminata-nocturna","status":"publish","type":"post","link":"https:\/\/quasarcomunicacion.com.ar\/web\/la-asociacion-patrimonio-natural-en-defensa-del-bosque-nativo-y-con-caminata-nocturna\/","title":{"rendered":"La Asociaci\u00f3n Patrimonio Natural \u00a1En defensa del Bosque Nativo! y con caminata nocturna"},"content":{"rendered":"<p style=\"text-align: left;\" align=\"center\"><i>\u00a0<\/i><span style=\"font-family: Verdana; font-size: small;\">La <b>Asociaci\u00f3n Patrimonio Natural<\/b>, invita este s\u00e1bado 20 de febrero a las actividades que se llevar\u00e1n a cabo durante toda la jornada en la <b>Reserva Natural de Pilar<\/b> con la premisa \u00a1En defensa del Bosque Nativo! El d\u00eda terminar\u00e1 con una caminata nocturna.\u00a0 M\u00e1s informaci\u00f3n escribiendo a <a href=\"mailto:info@patrimonionatural.org.ar\"> info@patrimonionatural.org.ar<\/a> o a <a href=\"mailto:apatrimonionatural@gmail.com\">patrimonionatural@gmail.com<\/a> \u00f3 telef\u00f3nicamente comunic\u00e1ndose con el 011 15 57302504.<!--more--><\/span><\/p>\n<p><span style=\"font-family: Verdana; font-size: small;\">El programa del d\u00eda consiste en un control de ex\u00f3ticas, que tendr\u00e1 lugar de 11 a 17 hs, una vez finalizada la actividad se dictar\u00e1 a las 18 hs un Taller de Murci\u00e9lagos, finalizando con una tradicional caminata nocturna a lo largo de la Reserva Natural, a las 20 hs.<\/span><\/p>\n<p><img loading=\"lazy\" class=\"aligncenter\" alt=\"\" src=\"http:\/\/www.quasarcomunicacion.com.ar\/reserva\/2016\/nativos.gif\" width=\"550\" height=\"403\" \/><\/p>\n<p><span style=\"font-family: Verdana; font-size: small;\">Se recomienda llevar protecci\u00f3n contra los mosquitos, linterna calzado cerrado, pantalones largos y vianda, los que deseen participar del fog\u00f3n al cierre de la caminata nocturna.<\/span><\/p>\n<p><span style=\"font-family: Verdana; font-size: small;\">Los objetivos de esta jornada constan de conocer, concientizar a los vecinos y sumar voluntarios para la preservaci\u00f3n de este ambiente natural tan cercano a nosotros.<\/span><\/p>\n<p><span style=\"font-family: Verdana; font-size: small;\"><b>La Reserva Natural del Pilar <\/b>se encuentra a menos de 2 km del casco urbano de la ciudad del Pilar y de la Panamericana (Ramal Pilar). Su acceso es muy f\u00e1cil ya que hay asfalto hasta el ingreso a la misma y el colectivo 503 llega hasta all\u00ed, indica a Ex F\u00e1brica Militar y parte del centro de Pilar. La Reserva se halla en la calle Argerich sin n\u00famero, detr\u00e1s de la ex F\u00e1brica Militar, por ruta 25 camino a Escobar.<\/span><\/p>\n<p><span style=\"font-family: Verdana; font-size: small;\">La actividad es libre y gratuita, y abierta a toda la familia. En caso de mal tiempo o mal estado del camino de ingreso, la actividad se suspende. <\/span><\/p>\n<p><span style=\"font-family: Verdana; font-size: small;\">\u00a0<\/span><b><span style=\"font-family: Arial; font-size: small;\">Toda la info de la Reserva ingresando en\u00a0<\/span><\/b><br \/>\n<a href=\"http:\/\/www.quasarcomunicacion.com.ar\/web\/reserva\"> http:\/\/www.quasarcomunicacion.com.ar\/web\/reserva<\/a><\/p>\n<p><span style=\"font-size: small;\"><b><i><span style=\"font-family: Arial;\">Por otras im\u00e1genes, audios o entrevistas no dude en contactarse<\/span><\/i><\/b><\/span><\/p>\n<p align=\"center\"><span style=\"font-size: small;\"><b><i> Contactos de Prensa<\/i><\/b><\/span><\/p>\n<div align=\"left\">\n<table width=\"100%\" border=\"1\" cellpadding=\"2\" align=\"left\">\n<tbody>\n<tr>\n<td align=\"center\" width=\"50%\">\n<p align=\"left\"><strong> <span style=\"color: #ff0000; font-family: Arial; font-size: small;\">Mayra Ibarra<\/span><\/strong><span style=\"font-size: medium;\"><strong><span style=\"color: #808080; font-family: Arial; font-size: small;\"> &#8211; Asistente de Cuentas<\/p>\n<p><\/span> <\/strong><\/span> <span style=\"font-size: xx-small;\"><span style=\"color: #ff0000;\"> Directo<\/span><b>: <\/b> 0230<\/span><span style=\"font-size: xx-small;\">-4664772<br \/>\n<\/span><span style=\"color: #ff0000; font-size: xx-small;\"> Skype:<\/span><span style=\"font-size: xx-small;\"> quasarcomunicacion<br \/>\n<\/span><span style=\"color: #ff0000; font-size: xx-small;\"> Twitter:<\/span><span style=\"font-size: xx-small;\"> @quasarpilar<br \/>\n<\/span><span style=\"color: #ff0000; font-size: xx-small;\"> Gr<\/span><span style=\"color: #ff0000; font-size: xx-small;\">upo y p\u00e1gina en Facebook: <\/span> <span style=\"color: #808080; font-size: xx-small;\">www.facebook.com\/<\/span><a href=\"mailto:mfipata@gmail.com\"><span style=\"font-size: xx-small;\">Quasar<\/span><\/a><span style=\"font-size: xx-small;\">Comunicacion<br \/>\n<\/span><span style=\"color: #ff0000; font-size: xx-small;\"> Web:<\/span><b><\/b> <a href=\"http:\/\/www.quasarcomunicacion.com.ar\/\"> <span style=\"font-size: xx-small;\">www.quasarcomunicacion.com.ar<\/span><\/a><\/p>\n<p align=\"left\"><span style=\"font-size: xx-small;\"> <span style=\"color: #ff0000;\">Mail<\/span><b>:<\/b><\/span><span style=\"font-size: xx-small;\"> <a href=\"mailto:fernanda@quasarcomunicacion.com.ar\"> quasar@quasarcomunicacion.com.ar<\/a><\/span><\/p>\n<\/td>\n<td align=\"center\" width=\"50%\">\n<p align=\"right\"><span style=\"font-size: medium;\"><strong> <span style=\"color: #808080; font-family: Arial; font-size: small;\"> Lic. Mar\u00eda Fernanda Ipata &#8211; Directora<br \/>\n<\/span> <\/strong><\/span> <span style=\"font-size: xx-small;\"><span style=\"color: #ff0000;\"><br \/>\nDirecto<\/span><b>: <\/b> 0230<\/span><span style=\"font-size: xx-small;\">-4664772<\/span><span style=\"font-size: xx-small;\"><br \/>\n<\/span><span style=\"font-size: xx-small;\"> <span style=\"color: #ff0000;\">M\u00f3vil:<\/span><b> <\/b> 0230<\/span><span style=\"font-size: xx-small;\">-15-4584535<br \/>\n011-15-6096-4656 ID 558*3763<br \/>\n<\/span><span style=\"color: #ff0000; font-size: xx-small;\"> Skype:<\/span><span style=\"font-size: xx-small;\"> quasarcomunicacion<br \/>\n<\/span><span style=\"color: #ff0000; font-size: xx-small;\"> Twitter:<\/span><span style=\"font-size: xx-small;\"> @quasarpilar<br \/>\n<\/span><span style=\"color: #ff0000; font-size: xx-small;\"> Gr<\/span><span style=\"color: #ff0000; font-size: xx-small;\">upo y p\u00e1gina en Facebook: <\/span> <span style=\"color: #808080; font-size: xx-small;\">www.facebook.com\/<\/span><a href=\"mailto:mfipata@gmail.com\"><span style=\"font-size: xx-small;\">Quasar<\/span><\/a><span style=\"font-size: xx-small;\">Comunicacion<br \/>\n<\/span><span style=\"font-size: xx-small;\"> <span style=\"color: #ff0000;\">LinkedIn<\/span><b>:\u00a0 <\/b><\/span> <span style=\"font-size: xx-small;\"><b> <a href=\"http:\/\/www.linkedin.com\/in\/mfipata\"> http:\/\/www.linkedin.com\/in\/mfipata<\/a><\/b><\/span><span style=\"font-size: xx-small;\"><br \/>\n<\/span><span style=\"color: #ff0000; font-size: xx-small;\"> Web:<\/span><b><\/b> <a href=\"http:\/\/www.quasarcomunicacion.com.ar\/\"> <span style=\"font-size: xx-small;\">www.quasarcomunicacion.com.ar<\/span><\/a><span style=\"font-size: xx-small;\"><br \/>\n<\/span><span style=\"font-size: xx-small;\"> <span style=\"color: #ff0000;\">Mail<\/span><b>:<\/b><\/span><span style=\"font-size: xx-small;\"><a href=\"mailto:fernanda@quasarcomunicacion.com.ar\"> fernanda@quasarcomunicacion.com.ar<\/a><\/span><\/p>\n<\/td>\n<\/tr>\n<\/tbody>\n<\/table>\n<\/div>\n","protected":false},"excerpt":{"rendered":"<p>\u00a0La Asociaci\u00f3n Patrimonio Natural, invita este s\u00e1bado 20 de febrero a las actividades que se llevar\u00e1n a cabo durante toda [&hellip;]<\/p>\n","protected":false},"author":2,"featured_media":0,"comment_status":"open","ping_status":"open","sticky":false,"template":"","format":"standard","meta":[],"categories":[2],"tags":[],"_links":{"self":[{"href":"https:\/\/quasarcomunicacion.com.ar\/web\/wp-json\/wp\/v2\/posts\/6817"}],"collection":[{"href":"https:\/\/quasarcomunicacion.com.ar\/web\/wp-json\/wp\/v2\/posts"}],"about":[{"href":"https:\/\/quasarcomunicacion.com.ar\/web\/wp-json\/wp\/v2\/types\/post"}],"author":[{"embeddable":true,"href":"https:\/\/quasarcomunicacion.com.ar\/web\/wp-json\/wp\/v2\/users\/2"}],"replies":[{"embeddable":true,"href":"https:\/\/quasarcomunicacion.com.ar\/web\/wp-json\/wp\/v2\/comments?post=6817"}],"version-history":[{"count":0,"href":"https:\/\/quasarcomunicacion.com.ar\/web\/wp-json\/wp\/v2\/posts\/6817\/revisions"}],"wp:attachment":[{"href":"https:\/\/quasarcomunicacion.com.ar\/web\/wp-json\/wp\/v2\/media?parent=6817"}],"wp:term":[{"taxonomy":"category","embeddable":true,"href":"https:\/\/quasarcomunicacion.com.ar\/web\/wp-json\/wp\/v2\/categories?post=6817"},{"taxonomy":"post_tag","embeddable":true,"href":"https:\/\/quasarcomunicacion.com.ar\/web\/wp-json\/wp\/v2\/tags?post=6817"}],"curies":[{"name":"wp","href":"https:\/\/api.w.org\/{rel}","templated":true}]}}