{"id":6790,"date":"2016-02-17T14:00:52","date_gmt":"2016-02-17T17:00:52","guid":{"rendered":"https:\/\/quasarcomunicacion.com.ar\/web\/?p=6790"},"modified":"2016-02-17T14:00:52","modified_gmt":"2016-02-17T17:00:52","slug":"hay-que-ir-sembrando-el-virus-de-la-creatividad-dijo-estanislao-bachrach","status":"publish","type":"post","link":"https:\/\/quasarcomunicacion.com.ar\/web\/hay-que-ir-sembrando-el-virus-de-la-creatividad-dijo-estanislao-bachrach\/","title":{"rendered":"\u201cHay que ir sembrando el virus de la creatividad\u201d, dijo Estanislao Bachrach"},"content":{"rendered":"<p style=\"text-align: left;\" align=\"center\">\u00a0<span style=\"font-family: Verdana; font-size: small;\">En el marco del<b> XII Congreso de Educaci\u00f3n<\/b> organizado por el <b>Polo Educativo Pilar<\/b>, llevado a cabo el 17 y 18 de este mes en la Universidad del Salvador sede Pilar, los asistentes escucharon la disertaci\u00f3n del Dr. Estanislao Bachrach, el cual estuvo presentado por el presidente honorario del <b>Polo Educativo<\/b>, el Prof. Alberto Noble.<!--more--><\/span><\/p>\n<p><a href=\"https:\/\/quasarcomunicacion.com.ar\/web\/wp-content\/uploads\/2016\/02\/bachrach.gif\"><img class=\"aligncenter\" alt=\"bachrach\" src=\"https:\/\/quasarcomunicacion.com.ar\/web\/wp-content\/uploads\/2016\/02\/bachrach.gif\" \/><\/a><\/p>\n<p><span style=\"font-family: Verdana; font-size: small;\">Durante su exposici\u00f3n, Bachrach trat\u00f3 acerca de los patrones habituales de pensamiento y comportamiento. Comparti\u00f3 con los presentes, los \u00faltimos 10 a\u00f1os de investigaciones cient\u00edficas sobre el cerebro y su relaci\u00f3n con la creatividad; brind\u00f3 algunos datos sobre c\u00f3mo funciona el cerebro y habl\u00f3 de \u201cmitos\u201d que se van cayendo gracias al avance de la ciencia. Con un toque de humor, Bachrach fue explicando el mundo del cerebro y la creatividad desmitificando que la creatividad sea un talento, \u00abla creatividad se puede ejercitar y todos pueden ser creativos\u00bb.<\/span><\/p>\n<p><span style=\"font-family: Verdana; font-size: small;\">Bajo el t\u00edtulo <b>\u201cCreatividad e innovaci\u00f3n\u201d<\/b>, el Dr. Bacharach se refiri\u00f3 a la creatividad como una habilidad mental a desarrollar, en donde la experiencia, cultura y las certezas se ponen en juego vs. la desinhibici\u00f3n y las posibilidades.<\/span><\/p>\n<p><span style=\"font-family: Verdana; font-size: small;\">Durante la conferencia, el Dr. Bachrach hizo menci\u00f3n de numerosos t\u00f3picos que involucran la creatividad a la hora de innovar. Pasando por reconocidos estudios sobre creativos alrededor del mundo, la neurociencia de la mano de la creatividad, el proceso creativo y el proceso de innovaci\u00f3n, c\u00f3mo construir equipos creativos, y quienes son capaces de innovar en mi equipo.<\/span><\/p>\n<p><span style=\"font-family: Verdana; font-size: small;\">La creatividad no tiene que ver con las edades, \u201cvoy a hablar un poco mal de la escuela y los padres que hacen todo lo contrario logrando desmotivar estas habilidades que tiene el cerebro y que derivar\u00eda en personas creativas. Lo mismo ocurre con la escuela. No porque la escuela sea mala persona o mala instituci\u00f3n sino que est\u00e1 preparando personas que serv\u00edan en la \u00e9poca de la revoluci\u00f3n industrial y la realidad ha cambiado\u201d.<\/span><\/p>\n<p><span style=\"font-family: Verdana; font-size: small;\">\u201cLa escuela debe ponerse al d\u00eda sobre c\u00f3mo funciona la sociedad. Hoy se forman chicos para que terminen trabajando de algo, y hoy las empresas buscan personas creativas: que sepan de finanzas y sean creativos; que sean periodistas y sean creativos\u201d, dijo Bachrach. Por este motivo, las industrias forman a sus empleados de adultos, ya que la escuela y la sociedad no forman gente creativa.<\/span><\/p>\n<p><span style=\"font-family: Verdana; font-size: small;\">\u201cEl problema no son los chicos, sino los padres y los maestros porque tienen h\u00e1bitos y les cuesta salir de la zona de confort\u201d, aclar\u00f3. \u201cEs normal no querer que pasen cosas nuevas en el colegio porque es normal tener miedo. Todos quieren matem\u00e1tica y lengua. Pero la realidad ya es otra, ya no es lo mismo, la diferencia ya no est\u00e1 en el que sabe m\u00e1s porque el conocimiento est\u00e1 al alcance de todos desde una computadora\u201d.<\/span><\/p>\n<p><span style=\"font-family: Verdana; font-size: small;\">Es importante introducir estos conceptos en los padres para que tomen el riesgo de lo nuevo y que puedan acompa\u00f1ar.<\/span><\/p>\n<p><span style=\"font-family: Verdana; font-size: small;\">\u201cHay herramientas nuevas y es normal que generen miedo, pero hay que tomarlas para no quedarnos atr\u00e1s y vale la pena correr el riesgo\u201d, desafi\u00f3 al auditorio.<\/span><\/p>\n<p><span style=\"font-family: Verdana; font-size: small;\">\u00abHay que ir sembrando el virus de la creatividad\u00bb, invit\u00f3 al finalizar.<\/span><\/p>\n<p><span style=\"font-family: Verdana; font-size: small;\"><b><br \/>\n<\/b><\/span><b><span style=\"font-family: Verdana; font-size: small;\">Acerca de Estanislao Bachrach<\/span><\/b><\/p>\n<p><span style=\"font-family: Verdana; font-size: xx-small;\">Es Doctor en Biolog\u00eda Molecular de la UBA y de la Universidad de Montpellier en Francia. Adem\u00e1s, posee m\u00faltiples especializaciones en el extranjero en Liderazgo, Innovaci\u00f3n y Cambio y una Maestr\u00eda en Direcci\u00f3n de Empresas de la Universidad Torcuato Di Tella, donde hoy se desempe\u00f1a como Profesor Full-Time de Liderazgo e Innovaci\u00f3n. Fund\u00f3 y es director de la consultora internacional COCOLAB en temas de creatividad, inteligencia emocional, innovaci\u00f3n y cambio.<\/span><\/p>\n<p><span style=\"font-family: Verdana; font-size: xx-small;\">Ense\u00f1\u00f3 e investig\u00f3 en la Universidad de Harvard durante 5 a\u00f1os donde sus estudiantes le otorgaron el Certificate of Distinction in Teaching Biological Sciences 4 a\u00f1os consecutivos y lo nominaron al prestigioso Joseph R. Levenson Memorial Teaching Prize. Antes de volver al pa\u00eds public\u00f3 12 trabajos cient\u00edficos en revistas de alto impacto internacional y 3 cap\u00edtulos de libros. Ya en Argentina Co-Dirigi\u00f3 programas de posgrado de Harvard y de Columbia Business School para Am\u00e9rica Latina y fue Director de la Licenciatura en Econom\u00eda Empresarial y de varios programas de Educaci\u00f3n Ejecutiva en la Escuela de Negocios de la Universidad Torcuato Di Tella. En Septiembre 2012 public\u00f3 su primer libro, \u00c1gilmente, que r\u00e1pidamente se convirti\u00f3 en Best Seller y el libro de no ficci\u00f3n m\u00e1s vendido de la Argentina, vendiendo m\u00e1s de 250.000 copias, continuando hoy en la lista de Long Sellers. <\/span><\/p>\n<p><span style=\"font-family: Verdana; font-size: xx-small;\">\u00c1gilmente, fue editado en toda Am\u00e9rica Latina, Espa\u00f1a, y traducido y editado en Inglaterra e Italia. En 2013 el C\u00edrculo de Creativos Argentinos le otorg\u00f3 el premio Diente al Creativo del a\u00f1o y en 2014 entr\u00f3 al libro Guiness de Records por dirigir en la ciudad de Rosario, Argentina, el \u201cbrain storming\u201d m\u00e1s grande del mundo. Ese mismo a\u00f1o public\u00f3 su segundo libro En Cambio, que r\u00e1pidamente se convirti\u00f3 en \u201cbest seller\u201d. Hoy dedica gran parte de su tiempo a trabajar con maestros y deportistas de elite, es columnista de la Revista La Naci\u00f3n, miembro activo del Board de la ONG LIDERAR, colaborador de la Fundaci\u00f3n ENSE\u00d1A POR ARGENTINA y un reconocido conferencista internacional habiendo participado de varios TEDx y WOBIs por el mundo.<\/span><\/p>\n<p align=\"center\"><span style=\"font-size: small;\"><b><i><span style=\"font-family: Arial;\">Por otras im\u00e1genes, audios o entrevistas no dude en contactarse<\/span><\/i><\/b><\/span><\/p>\n<p align=\"center\"><span style=\"font-size: small;\"><b><i> Contactos de Prensa<\/i><\/b><\/span><\/p>\n<div align=\"left\">\n<table width=\"100%\" border=\"1\" cellpadding=\"2\" align=\"left\">\n<tbody>\n<tr>\n<td align=\"center\" width=\"50%\">\n<p align=\"left\"><strong> <span style=\"color: #ff0000; font-family: Arial; font-size: small;\">Mayra Ibarra<\/span><\/strong><span style=\"font-size: medium;\"><strong><span style=\"color: #808080; font-family: Arial; font-size: small;\"> &#8211; Asistente de Cuentas<\/p>\n<p><\/span> <\/strong><\/span> <span style=\"font-size: xx-small;\"><span style=\"color: #ff0000;\"> Directo<\/span><b>: <\/b> 0230<\/span><span style=\"font-size: xx-small;\">-4664772<br \/>\n<\/span><span style=\"color: #ff0000; font-size: xx-small;\"> Skype:<\/span><span style=\"font-size: xx-small;\"> quasarcomunicacion<br \/>\n<\/span><span style=\"color: #ff0000; font-size: xx-small;\"> Twitter:<\/span><span style=\"font-size: xx-small;\"> @quasarpilar<br \/>\n<\/span><span style=\"color: #ff0000; font-size: xx-small;\"> Gr<\/span><span style=\"color: #ff0000; font-size: xx-small;\">upo y p\u00e1gina en Facebook: <\/span> <span style=\"color: #808080; font-size: xx-small;\">www.facebook.com\/<\/span><a href=\"mailto:mfipata@gmail.com\"><span style=\"font-size: xx-small;\">Quasar<\/span><\/a><span style=\"font-size: xx-small;\">Comunicacion<br \/>\n<\/span><span style=\"color: #ff0000; font-size: xx-small;\"> Web:<\/span><b><\/b> <a href=\"http:\/\/www.quasarcomunicacion.com.ar\/\"> <span style=\"font-size: xx-small;\">www.quasarcomunicacion.com.ar<\/span><\/a><\/p>\n<p align=\"left\"><span style=\"font-size: xx-small;\"> <span style=\"color: #ff0000;\">Mail<\/span><b>:<\/b><\/span><span style=\"font-size: xx-small;\"> <a href=\"mailto:fernanda@quasarcomunicacion.com.ar\"> quasar@quasarcomunicacion.com.ar<\/a><\/span><\/p>\n<\/td>\n<td align=\"center\" width=\"50%\">\n<p align=\"right\"><span style=\"font-size: medium;\"><strong> <span style=\"color: #808080; font-family: Arial; font-size: small;\"> Lic. Mar\u00eda Fernanda Ipata &#8211; Directora<br \/>\n<\/span> <\/strong><\/span> <span style=\"font-size: xx-small;\"><span style=\"color: #ff0000;\"><br \/>\nDirecto<\/span><b>: <\/b> 0230<\/span><span style=\"font-size: xx-small;\">-4664772<\/span><span style=\"font-size: xx-small;\"><br \/>\n<\/span><span style=\"font-size: xx-small;\"> <span style=\"color: #ff0000;\">M\u00f3vil:<\/span><b> <\/b> 0230<\/span><span style=\"font-size: xx-small;\">-15-4584535<br \/>\n011-15-6096-4656 ID 558*3763<br \/>\n<\/span><span style=\"color: #ff0000; font-size: xx-small;\"> Skype:<\/span><span style=\"font-size: xx-small;\"> quasarcomunicacion<br \/>\n<\/span><span style=\"color: #ff0000; font-size: xx-small;\"> Twitter:<\/span><span style=\"font-size: xx-small;\"> @quasarpilar<br \/>\n<\/span><span style=\"color: #ff0000; font-size: xx-small;\"> Gr<\/span><span style=\"color: #ff0000; font-size: xx-small;\">upo y p\u00e1gina en Facebook: <\/span> <span style=\"color: #808080; font-size: xx-small;\">www.facebook.com\/<\/span><a href=\"mailto:mfipata@gmail.com\"><span style=\"font-size: xx-small;\">Quasar<\/span><\/a><span style=\"font-size: xx-small;\">Comunicacion<br \/>\n<\/span><span style=\"font-size: xx-small;\"> <span style=\"color: #ff0000;\">LinkedIn<\/span><b>:\u00a0 <\/b><\/span> <span style=\"font-size: xx-small;\"><b> <a href=\"http:\/\/www.linkedin.com\/in\/mfipata\"> http:\/\/www.linkedin.com\/in\/mfipata<\/a><\/b><\/span><span style=\"font-size: xx-small;\"><br \/>\n<\/span><span style=\"color: #ff0000; font-size: xx-small;\"> Web:<\/span><b><\/b> <a href=\"http:\/\/www.quasarcomunicacion.com.ar\/\"> <span style=\"font-size: xx-small;\">www.quasarcomunicacion.com.ar<\/span><\/a><span style=\"font-size: xx-small;\"><br \/>\n<\/span><span style=\"font-size: xx-small;\"> <span style=\"color: #ff0000;\"> Mail<\/span><b>:<\/b><\/span><span style=\"font-size: xx-small;\"><a href=\"mailto:fernanda@quasarcomunicacion.com.ar\"> fernanda@quasarcomunicacion.com.ar<\/a><\/span><\/p>\n<\/td>\n<\/tr>\n<\/tbody>\n<\/table>\n<\/div>\n<hr \/>\n<p align=\"left\">\n<p align=\"left\">\n<p align=\"left\">\n<p align=\"left\">\n","protected":false},"excerpt":{"rendered":"<p>\u00a0En el marco del XII Congreso de Educaci\u00f3n organizado por el Polo Educativo Pilar, llevado a cabo el 17 y [&hellip;]<\/p>\n","protected":false},"author":2,"featured_media":6791,"comment_status":"open","ping_status":"open","sticky":false,"template":"","format":"standard","meta":[],"categories":[2],"tags":[],"_links":{"self":[{"href":"https:\/\/quasarcomunicacion.com.ar\/web\/wp-json\/wp\/v2\/posts\/6790"}],"collection":[{"href":"https:\/\/quasarcomunicacion.com.ar\/web\/wp-json\/wp\/v2\/posts"}],"about":[{"href":"https:\/\/quasarcomunicacion.com.ar\/web\/wp-json\/wp\/v2\/types\/post"}],"author":[{"embeddable":true,"href":"https:\/\/quasarcomunicacion.com.ar\/web\/wp-json\/wp\/v2\/users\/2"}],"replies":[{"embeddable":true,"href":"https:\/\/quasarcomunicacion.com.ar\/web\/wp-json\/wp\/v2\/comments?post=6790"}],"version-history":[{"count":0,"href":"https:\/\/quasarcomunicacion.com.ar\/web\/wp-json\/wp\/v2\/posts\/6790\/revisions"}],"wp:featuredmedia":[{"embeddable":true,"href":"https:\/\/quasarcomunicacion.com.ar\/web\/wp-json\/wp\/v2\/media\/6791"}],"wp:attachment":[{"href":"https:\/\/quasarcomunicacion.com.ar\/web\/wp-json\/wp\/v2\/media?parent=6790"}],"wp:term":[{"taxonomy":"category","embeddable":true,"href":"https:\/\/quasarcomunicacion.com.ar\/web\/wp-json\/wp\/v2\/categories?post=6790"},{"taxonomy":"post_tag","embeddable":true,"href":"https:\/\/quasarcomunicacion.com.ar\/web\/wp-json\/wp\/v2\/tags?post=6790"}],"curies":[{"name":"wp","href":"https:\/\/api.w.org\/{rel}","templated":true}]}}