{"id":679,"date":"2012-08-07T14:13:28","date_gmt":"2012-08-07T14:13:28","guid":{"rendered":"http:\/\/quasarcomunicacion.wordpress.com\/?p=679"},"modified":"2012-08-07T14:13:28","modified_gmt":"2012-08-07T14:13:28","slug":"seminario-gratuito-de-capacitacion-en-marketing-y-publicidad-para-emprendedores","status":"publish","type":"post","link":"https:\/\/quasarcomunicacion.com.ar\/web\/seminario-gratuito-de-capacitacion-en-marketing-y-publicidad-para-emprendedores\/","title":{"rendered":"Seminario Gratuito de Capacitaci\u00f3n en Marketing y Publicidad para Emprendedores"},"content":{"rendered":"<p style=\"text-align:left;\" align=\"center\"><span style=\"font-family:Verdana;font-size:small;\">El pr\u00f3ximo jueves 16 de agosto a las 18 hs se dictar\u00e1 el\u00a0<\/span><strong>Seminario Gratuito de Capacitaci\u00f3n en Marketing y Publicidad para Emprendedores\u00a0<\/strong><span style=\"font-family:Verdana;font-size:small;\">abierto a todo p\u00fablico. La charla se dar\u00e1 en el primer piso de\u00a0<\/span><strong>Pilar Point\u00a0<\/strong><span style=\"font-family:Verdana;font-size:small;\">(Estanislao L\u00f3pez 538, ex ruta 8, esquina Ituzaing\u00f3), paseo comercial donde el 1\u00ba de septiembre se realizar\u00e1 la\u00a0<\/span><strong>III Edici\u00f3n de Pilar de Feria &#8211; de Shopping<\/strong><span style=\"font-family:Verdana;font-size:small;\">. Los interesados pueden inscribirse o recibir m\u00e1s informaci\u00f3n escribiendo a\u00a0<\/span><a style=\"font-size:small;\" href=\"mailto:info@pilardeferia.com.ar\">info@pilardeferia.com.ar<\/a><span style=\"font-family:Verdana;font-size:small;\">\u00a0 \u00f3 llamando al\u00a0\u00a0<\/span><span style=\"font-family:Verdana;font-size:small;\">0230-4664772. Se requiere inscripci\u00f3n previa, cupos limitados. Entrada libre y gratuita.<!--more--><\/span><\/p>\n<p><img loading=\"lazy\" src=\"http:\/\/www.quasarcomunicacion.com.ar\/pilardeferia\/2012\/seminario.gif\" alt=\"\" width=\"500\" height=\"333\" \/><br \/>\n<span style=\"font-family:Verdana;font-size:small;\">El evento es organizado por\u00a0<strong>Pilar de Feria<\/strong>\u00a0y ser\u00e1 dado por profesionales de la consultora\u00a0<strong>Qu\u00e1sar Comunicaci\u00f3n<\/strong>. En esta ocasi\u00f3n lo dictar\u00e1 la Lic. Mar\u00eda Fernanda Ipata, titular de la consultora boutique de prensa.<\/span><br \/>\n<span style=\"font-family:Verdana;font-size:small;\">En el encuentro, se fomentar\u00e1 el networking entre los asistentes, por lo cual se solicita se concurra provisto de tarjetas personales o material de difusi\u00f3n para favorecer el intercambio.<\/span><br \/>\n<span style=\"font-family:Verdana;font-size:small;\">Durante la charla, se presentar\u00e1 el espacio de la pr\u00f3xima edici\u00f3n en\u00a0<strong>Pilar Point\u00a0<\/strong>y\u00a0 se brindar\u00e1n los lineamientos generales para garantizar el \u00e9xito de los expositores que participan de diversas ferias que se organizan en la zona y c\u00f3mo encarar la comunicaci\u00f3n de su emprendimiento, antes, durante y luego de dicho evento.<\/span><br \/>\n<span style=\"font-family:Verdana;font-size:small;\">Adem\u00e1s, a trav\u00e9s de la comunicaci\u00f3n, se brindar\u00e1n sugerencias para conseguir ventas efectivas en una feria.<\/span><br \/>\n<span style=\"font-family:Verdana;font-size:small;\">En el Seminario se buscar\u00e1 abordar conceptos que permitan conocer \u00bfc\u00f3mo\u00a0 convivo con el dise\u00f1o, el arte, el precio, los costos, la calidad, el valor percibido y obtengo resultados beneficiosos?\u00bb\u00a0<\/span><br \/>\n<span style=\"font-family:Verdana;font-size:small;\">\u00abLa idea es poder brindar herramientas b\u00e1sicas para que cada expositor le saque el mayor beneficio a una Feria. Se ofrecer\u00e1n recursos para aprovechar antes, durante y despu\u00e9s, de la mejor manera posible, el paso por una feria\u00bb, anticiparon los profesionales.<\/span><br \/>\n<span style=\"font-family:Verdana;font-size:small;\">Tambi\u00e9n se aportar\u00e1n lineamientos sobre la presencia en redes sociales y la comunicaci\u00f3n de sus productos y servicios antes, durante y despu\u00e9s de una Feria.<\/span><br \/>\n<span style=\"font-family:Verdana;font-size:small;\">Esta actividad de capacitaci\u00f3n se da en el marco de la organizaci\u00f3n de<strong>Pilar de Feria &#8211; III Edici\u00f3n de Shopping<\/strong>, que se realizar\u00e1 el pr\u00f3ximo s\u00e1bado 1\u00ba de septiembre en\u00a0<strong>Pilar Point<\/strong>.<\/span><br \/>\n<span style=\"font-family:Verdana;font-size:small;\">Tambi\u00e9n podr\u00e1 acceder a m\u00e1s informaci\u00f3n en facebook en<a href=\"http:\/\/www.facebook.com\/pilardeferia\">www.facebook.com\/pilardeferia<\/a>\u00a0<\/span><br \/>\n<span style=\"font-family:Verdana;font-size:small;\"><strong>Pilar de Feria\u00a0<\/strong>es un evento tem\u00e1tico que en esta tercera edici\u00f3n tendr\u00e1 como eje que por primera vez se realizar\u00e1 en un paseo comercial.<\/span><br \/>\n<span style=\"font-family:Verdana;font-size:small;\">Los expositores interesados en llegar a un p\u00fablico selecto, podr\u00e1n comunicarse escribiendo a\u00a0<a href=\"mailto:info@pilardeferia.com.ar\">info@pilardeferia.com.ar<\/a>\u00a0o telef\u00f3nicamente al\u00a0\u00a0<img src=\"\/\/lifbcibllhkdhoafpjfnlhfpfgnpldfl\/numbers_button_skype_logo.png\" alt=\"\" \/>0230-4664772\u00a0\u00f3 011-15-6096-4656.<\/span><br \/>\n<span style=\"font-family:Verdana;font-size:small;\">Adem\u00e1s, desde la organizaci\u00f3n tienen pensados precios especiales para los primeros expositores y promociones de difusi\u00f3n a valores especiales para que la presencia en la feria sea todo un \u00e9xito.<\/span><br \/>\n<span style=\"font-family:Verdana;font-size:small;\"><strong>\u00bfcu\u00e1les son los beneficios de estar en Pilar de Feria de Shopping?<\/strong><\/span><br \/>\n<img loading=\"lazy\" src=\"http:\/\/www.pilardeferia.com.ar\/imagenes\/logo2.gif\" alt=\"\" width=\"300\" height=\"212\" align=\"right\" border=\"0\" \/><span style=\"font-family:Verdana;font-size:small;\">Acceso directo desde Panamericana por ruta 8<br \/>\nEstacionamiento cubierto y al aire libre<br \/>\nActividades de capacitaci\u00f3n<br \/>\nEntrada libre y gratuita para todos los visitantes<br \/>\nSeguridad<br \/>\nApta para todo p\u00fablico<br \/>\nPresencia de la marca en la web de la feria (www.pilardeferia.com.ar) y en las redes sociales<br \/>\nSeguros y Emergencias M\u00e9dicas<br \/>\nSanitarios<br \/>\nPatio de comidas cubierto<br \/>\nEspacio para la recreaci\u00f3n infantil y de toda la familia<br \/>\nActividades Especiales<br \/>\nShows y Animaci\u00f3n<br \/>\nCentro de atenci\u00f3n para los expositores durante todo el evento<br \/>\nCo-branding con otras empresas o comercios de la zona<br \/>\nNo se suspende por lluvia<br \/>\nWi-Fi gratuito<br \/>\nDirectorio de expositores de la feria en la web y en la fan page<br \/>\nPresencia en redes sociales con fan page en facebook:<a href=\"http:\/\/www.facebook.com\/pilardeferia\">www.facebook.com\/pilardeferia<\/a><br \/>\nE.marketing para expositores y visitantes (m\u00e1s de 100 mil contactos de la zona)<br \/>\nCampa\u00f1a publicitaria en medios y en v\u00eda p\u00fablica.<br \/>\nBanner anuncio feria<br \/>\nCampa\u00f1a de prensa en medios locales y nacionales<\/span><br \/>\n<strong><span style=\"font-family:Verdana;font-size:small;\">Acerca de Qu\u00e1sar Comunicaci\u00f3n<\/span><\/strong><br \/>\n<img loading=\"lazy\" src=\"https:\/\/quasarcomunicacion.com.ar\/home_r1_c1.gif\" alt=\"\" width=\"180\" height=\"119\" align=\"right\" \/><span style=\"font-family:Verdana;font-size:xx-small;\">Qu\u00e1sar Comunicaci\u00f3n es una empresa especializada en estrategias de comunicaci\u00f3n, comunicaci\u00f3n interna, relaciones p\u00fablicas, organizaci\u00f3n de eventos, Community Manager y difusi\u00f3n period\u00edstica; intr\u00ednsecamente ligada a los medios de informaci\u00f3n.<\/span><br \/>\n<span style=\"font-family:Verdana;font-size:xx-small;\">La informaci\u00f3n de los clientes llega, a trav\u00e9s de Qu\u00e1sar Comunicaci\u00f3n, a los periodistas y medios de comunicaci\u00f3n que a su vez la difundir\u00e1n al p\u00fablico objetivo.<\/span><br \/>\n<span style=\"font-family:Verdana;font-size:xx-small;\">Con la gesti\u00f3n en redes sociales tambi\u00e9n llegan a los consumidores finales y clientes de su empresa.\u00a0<\/span><br \/>\n<span style=\"font-family:Verdana;font-size:xx-small;\">Adem\u00e1s, la consultora posee un gran n\u00famero de suscriptores que se engloba dentro del p\u00fablico general, sin ser periodistas o comunicadores.\u00a0<\/span><br \/>\n<span style=\"font-family:Verdana;font-size:xx-small;\">Qu\u00e1sar Comunicaci\u00f3n ofrece a Empresas y Organizaciones servicios de:<\/span><br \/>\n<span style=\"font-family:Verdana;font-size:xx-small;\">Utilizando innovadoras tecnolog\u00edas, Qu\u00e1sar\u00a0 Comunicaci\u00f3n sabe c\u00f3mo crear inter\u00e9s en segmentos espec\u00edficos y generar resultados a trav\u00e9s del an\u00e1lisis de las necesidades de su instituci\u00f3n, brindando un asesoramiento integral acerca de qu\u00e9 comunicar, a qui\u00e9n comunic\u00e1rselo y c\u00f3mo dirigir exitosamente la informaci\u00f3n a los medios y target objetivo.<\/span><br \/>\n<span style=\"font-family:Verdana;font-size:xx-small;\">\u00a0Contrariamente a lo que com\u00fanmente se cree, contratar a una consultora de estas caracter\u00edsticas es, en relaci\u00f3n costo-beneficio, absolutamente accesible ya que se adaptan los servicios a sus necesidades y a su realidad organizacional, ya sea en proyectos puntuales, in company o near shore.<\/span><\/p>\n","protected":false},"excerpt":{"rendered":"<p>El pr\u00f3ximo jueves 16 de agosto a las 18 hs se dictar\u00e1 el\u00a0Seminario Gratuito de Capacitaci\u00f3n en Marketing y Publicidad [&hellip;]<\/p>\n","protected":false},"author":2,"featured_media":0,"comment_status":"open","ping_status":"open","sticky":false,"template":"","format":"standard","meta":[],"categories":[2],"tags":[],"_links":{"self":[{"href":"https:\/\/quasarcomunicacion.com.ar\/web\/wp-json\/wp\/v2\/posts\/679"}],"collection":[{"href":"https:\/\/quasarcomunicacion.com.ar\/web\/wp-json\/wp\/v2\/posts"}],"about":[{"href":"https:\/\/quasarcomunicacion.com.ar\/web\/wp-json\/wp\/v2\/types\/post"}],"author":[{"embeddable":true,"href":"https:\/\/quasarcomunicacion.com.ar\/web\/wp-json\/wp\/v2\/users\/2"}],"replies":[{"embeddable":true,"href":"https:\/\/quasarcomunicacion.com.ar\/web\/wp-json\/wp\/v2\/comments?post=679"}],"version-history":[{"count":0,"href":"https:\/\/quasarcomunicacion.com.ar\/web\/wp-json\/wp\/v2\/posts\/679\/revisions"}],"wp:attachment":[{"href":"https:\/\/quasarcomunicacion.com.ar\/web\/wp-json\/wp\/v2\/media?parent=679"}],"wp:term":[{"taxonomy":"category","embeddable":true,"href":"https:\/\/quasarcomunicacion.com.ar\/web\/wp-json\/wp\/v2\/categories?post=679"},{"taxonomy":"post_tag","embeddable":true,"href":"https:\/\/quasarcomunicacion.com.ar\/web\/wp-json\/wp\/v2\/tags?post=679"}],"curies":[{"name":"wp","href":"https:\/\/api.w.org\/{rel}","templated":true}]}}