{"id":6787,"date":"2016-02-17T13:45:16","date_gmt":"2016-02-17T16:45:16","guid":{"rendered":"https:\/\/quasarcomunicacion.com.ar\/web\/?p=6787"},"modified":"2016-02-17T13:45:16","modified_gmt":"2016-02-17T16:45:16","slug":"autoridades-provinciales-y-locales-presentaron-sus-proyectos-en-materia-de-educacion","status":"publish","type":"post","link":"https:\/\/quasarcomunicacion.com.ar\/web\/autoridades-provinciales-y-locales-presentaron-sus-proyectos-en-materia-de-educacion\/","title":{"rendered":"Autoridades provinciales y locales presentaron sus proyectos en materia de educaci\u00f3n"},"content":{"rendered":"<p style=\"text-align: left;\" align=\"center\"><span style=\"color: #ff0000; font-size: large;\"><span style=\"color: #333333; font-size: 13px;\">Durante la primera jornada del <\/span><b style=\"color: #333333; font-size: 13px;\">XII Congreso Educativo <\/b><span style=\"color: #333333; font-size: 13px;\">organizado por el <\/span><b style=\"color: #333333; font-size: 13px;\"> Polo Educativo Pilar<\/b><span style=\"color: #333333; font-size: 13px;\">, autoridades municipales y provinciales se hicieron presentes para difundir cu\u00e1les ser\u00e1n las pol\u00edticas que en materia educativa implementar\u00e1 el nuevo gobierno provincial a partir de su gesti\u00f3n.<\/span><\/span><\/p>\n<p><!--more--><\/p>\n<p><a href=\"https:\/\/quasarcomunicacion.com.ar\/web\/wp-content\/uploads\/2016\/02\/planautoridades.gif\"><img class=\"aligncenter\" alt=\"planautoridades\" src=\"https:\/\/quasarcomunicacion.com.ar\/web\/wp-content\/uploads\/2016\/02\/planautoridades.gif\" \/><\/a><\/p>\n<p>Luego de las palabras dirigidas por el Intendente Pilarense Nicol\u00e1s Ducot\u00e9, fue el turno de la Secretaria de Educaci\u00f3n de la Municipalidad de Pilar, Dra Marcela Campagnoli, quien agradeci\u00f3 al <b>Polo Educativo<\/b> \u201cpor esta oportunidad de poder articular lo p\u00fablico y lo privado, con este objetivo com\u00fan que tenemos que es mejorar la educaci\u00f3n de los ni\u00f1os y j\u00f3venes de Pilar\u201d.<\/p>\n<p>Durante un alentador discurso, la Secretaria se refiri\u00f3 a los grades y notables problemas que actualmente le toca afrontar a los docentes de Pilar: \u201cSabemos que los problemas que tiene hoy la escuela en un gran porcentaje no son responsabilidad total del docente, y justamente porque sabemos eso es que queremos acompa\u00f1arlos d\u00e1ndoles mejores herramientas para poder afrontar todas estas dificultades que la Argentina de hoy nos presenta para poder tener una educaci\u00f3n destacable\u201d.<\/p>\n<p>Campagnoli tambi\u00e9n alent\u00f3 \u201cqueremos docentes humanos, motivados, entusiasmados, que vuelvan a conectarse con ese primer docente que fueron en las primeras clases que dieron en sus vidas\u201d. Bas\u00e1ndose en esta premisa es que los instructores de las Escuelas Municipales fueron invitados a participar de este <b>XII Congreso de Educaci\u00f3n <\/b>organizado por el <b>Polo Educativo Pilar<\/b>.<\/p>\n<p>Tras el motivador discurso de la Secretaria de Educaci\u00f3n de la Municipalidad de Pilar, tom\u00f3 la palabra el Subsecretario de Educaci\u00f3n de la Provincia de Buenos Aires, el Licenciado Sergio Hern\u00e1n Siciliano, que propuso cambiar el lema del Congreso \u201cCultura de Pensamiento\u201d, para transformarlo a \u201cPensar lo Educativo\u201d: \u201cEl Pensando educativo, me hace direccionarme directamente a cuando uno habla y mira las encuestas, se da cuenta que todo el mundo piensa en la educaci\u00f3n y todo el mundo piensa que lo educativo es importante, y la verdad es que muchas veces, el pensar no se ve plasmado en la acci\u00f3n\u201d.<\/p>\n<p>El Subsecretario remarc\u00f3 la importancia de la formaci\u00f3n docente a la hora de proporcionar una buena educaci\u00f3n para los ni\u00f1os y j\u00f3venes de todo el pa\u00eds. Sostuvo tambi\u00e9n: \u201cLa educaci\u00f3n consiste en ense\u00f1arle a los hombres no lo que deben pensar, sino \u201ca pensar\u201d y eso para esta gesti\u00f3n va a ser absolutamente una l\u00ednea de trabajo, nosotros venimos a darles las herramientas para que puedan ense\u00f1ar a sus alumnos c\u00f3mo pensar. Y en esto vamos a tener que trabajar mucho con la formaci\u00f3n docente inicial, que hoy en d\u00eda es un gran problema\u201d.<\/p>\n<p>Para concluir, el Subsecretario Siciliano comparti\u00f3 con todos los docentes presentes en el Congreso el objetivo que tiene el Ministerio para este a\u00f1o: escuch\u00e9mosnos.<\/p>\n<p>\u201cNosotros desde el ministerio los vamos a estar acompa\u00f1ando durante todo el proceso\u201d, concluy\u00f3.<\/p>\n<p align=\"center\"><span style=\"font-size: small;\"><b><i><span style=\"font-family: Arial;\">Por otras im\u00e1genes, audios o entrevistas no dude en contactarse<\/span><\/i><\/b><\/span><\/p>\n<p align=\"center\"><span style=\"font-size: small;\"><b><i> Contactos de Prensa<\/i><\/b><\/span><\/p>\n<div align=\"left\">\n<table width=\"100%\" border=\"1\" cellpadding=\"2\" align=\"left\">\n<tbody>\n<tr>\n<td align=\"center\" width=\"50%\">\n<p align=\"left\"><strong> <span style=\"color: #ff0000; font-family: Arial; font-size: small;\">Mayra Ibarra<\/span><\/strong><span style=\"font-size: medium;\"><strong><span style=\"color: #808080; font-family: Arial; font-size: small;\"> &#8211; Asistente de Cuentas<\/p>\n<p><\/span> <\/strong><\/span> <span style=\"font-size: xx-small;\"><span style=\"color: #ff0000;\"> Directo<\/span><b>: <\/b> 0230<\/span><span style=\"font-size: xx-small;\">-4664772<br \/>\n<\/span><span style=\"color: #ff0000; font-size: xx-small;\"> Skype:<\/span><span style=\"font-size: xx-small;\"> quasarcomunicacion<br \/>\n<\/span><span style=\"color: #ff0000; font-size: xx-small;\"> Twitter:<\/span><span style=\"font-size: xx-small;\"> @quasarpilar<br \/>\n<\/span><span style=\"color: #ff0000; font-size: xx-small;\"> Gr<\/span><span style=\"color: #ff0000; font-size: xx-small;\">upo y p\u00e1gina en Facebook: <\/span> <span style=\"color: #808080; font-size: xx-small;\">www.facebook.com\/<\/span><a href=\"mailto:mfipata@gmail.com\"><span style=\"font-size: xx-small;\">Quasar<\/span><\/a><span style=\"font-size: xx-small;\">Comunicacion<br \/>\n<\/span><span style=\"color: #ff0000; font-size: xx-small;\"> Web:<\/span><b><\/b> <a href=\"http:\/\/www.quasarcomunicacion.com.ar\/\"> <span style=\"font-size: xx-small;\">www.quasarcomunicacion.com.ar<\/span><\/a><\/p>\n<p align=\"left\"><span style=\"font-size: xx-small;\"> <span style=\"color: #ff0000;\">Mail<\/span><b>:<\/b><\/span><span style=\"font-size: xx-small;\"> <a href=\"mailto:fernanda@quasarcomunicacion.com.ar\"> quasar@quasarcomunicacion.com.ar<\/a><\/span><\/p>\n<\/td>\n<td align=\"center\" width=\"50%\">\n<p align=\"right\"><span style=\"font-size: medium;\"><strong> <span style=\"color: #808080; font-family: Arial; font-size: small;\"> Lic. Mar\u00eda Fernanda Ipata &#8211; Directora<br \/>\n<\/span> <\/strong><\/span> <span style=\"font-size: xx-small;\"><span style=\"color: #ff0000;\"><br \/>\nDirecto<\/span><b>: <\/b> 0230<\/span><span style=\"font-size: xx-small;\">-4664772<\/span><span style=\"font-size: xx-small;\"><br \/>\n<\/span><span style=\"font-size: xx-small;\"> <span style=\"color: #ff0000;\">M\u00f3vil:<\/span><b> <\/b> 0230<\/span><span style=\"font-size: xx-small;\">-15-4584535<br \/>\n011-15-6096-4656 ID 558*3763<br \/>\n<\/span><span style=\"color: #ff0000; font-size: xx-small;\"> Skype:<\/span><span style=\"font-size: xx-small;\"> quasarcomunicacion<br \/>\n<\/span><span style=\"color: #ff0000; font-size: xx-small;\"> Twitter:<\/span><span style=\"font-size: xx-small;\"> @quasarpilar<br \/>\n<\/span><span style=\"color: #ff0000; font-size: xx-small;\"> Gr<\/span><span style=\"color: #ff0000; font-size: xx-small;\">upo y p\u00e1gina en Facebook: <\/span> <span style=\"color: #808080; font-size: xx-small;\">www.facebook.com\/<\/span><a href=\"mailto:mfipata@gmail.com\"><span style=\"font-size: xx-small;\">Quasar<\/span><\/a><span style=\"font-size: xx-small;\">Comunicacion<br \/>\n<\/span><span style=\"font-size: xx-small;\"> <span style=\"color: #ff0000;\">LinkedIn<\/span><b>:\u00a0 <\/b><\/span> <span style=\"font-size: xx-small;\"><b> <a href=\"http:\/\/www.linkedin.com\/in\/mfipata\"> http:\/\/www.linkedin.com\/in\/mfipata<\/a><\/b><\/span><span style=\"font-size: xx-small;\"><br \/>\n<\/span><span style=\"color: #ff0000; font-size: xx-small;\"> Web:<\/span><b><\/b> <a href=\"http:\/\/www.quasarcomunicacion.com.ar\/\"> <span style=\"font-size: xx-small;\">www.quasarcomunicacion.com.ar<\/span><\/a><span style=\"font-size: xx-small;\"><br \/>\n<\/span><span style=\"font-size: xx-small;\"> <span style=\"color: #ff0000;\"> Mail<\/span><b>:<\/b><\/span><span style=\"font-size: xx-small;\"><a href=\"mailto:fernanda@quasarcomunicacion.com.ar\"> fernanda@quasarcomunicacion.com.ar<\/a><\/span><\/p>\n<\/td>\n<\/tr>\n<\/tbody>\n<\/table>\n<\/div>\n<hr \/>\n<p align=\"left\">\n<p align=\"left\">\n<p align=\"left\">\n<p align=\"left\">\n","protected":false},"excerpt":{"rendered":"<p>Durante la primera jornada del XII Congreso Educativo organizado por el Polo Educativo Pilar, autoridades municipales y provinciales se hicieron [&hellip;]<\/p>\n","protected":false},"author":2,"featured_media":6788,"comment_status":"open","ping_status":"open","sticky":false,"template":"","format":"standard","meta":[],"categories":[2],"tags":[],"_links":{"self":[{"href":"https:\/\/quasarcomunicacion.com.ar\/web\/wp-json\/wp\/v2\/posts\/6787"}],"collection":[{"href":"https:\/\/quasarcomunicacion.com.ar\/web\/wp-json\/wp\/v2\/posts"}],"about":[{"href":"https:\/\/quasarcomunicacion.com.ar\/web\/wp-json\/wp\/v2\/types\/post"}],"author":[{"embeddable":true,"href":"https:\/\/quasarcomunicacion.com.ar\/web\/wp-json\/wp\/v2\/users\/2"}],"replies":[{"embeddable":true,"href":"https:\/\/quasarcomunicacion.com.ar\/web\/wp-json\/wp\/v2\/comments?post=6787"}],"version-history":[{"count":0,"href":"https:\/\/quasarcomunicacion.com.ar\/web\/wp-json\/wp\/v2\/posts\/6787\/revisions"}],"wp:featuredmedia":[{"embeddable":true,"href":"https:\/\/quasarcomunicacion.com.ar\/web\/wp-json\/wp\/v2\/media\/6788"}],"wp:attachment":[{"href":"https:\/\/quasarcomunicacion.com.ar\/web\/wp-json\/wp\/v2\/media?parent=6787"}],"wp:term":[{"taxonomy":"category","embeddable":true,"href":"https:\/\/quasarcomunicacion.com.ar\/web\/wp-json\/wp\/v2\/categories?post=6787"},{"taxonomy":"post_tag","embeddable":true,"href":"https:\/\/quasarcomunicacion.com.ar\/web\/wp-json\/wp\/v2\/tags?post=6787"}],"curies":[{"name":"wp","href":"https:\/\/api.w.org\/{rel}","templated":true}]}}