{"id":6780,"date":"2016-02-17T11:32:21","date_gmt":"2016-02-17T14:32:21","guid":{"rendered":"https:\/\/quasarcomunicacion.com.ar\/web\/?p=6780"},"modified":"2016-02-17T11:32:21","modified_gmt":"2016-02-17T14:32:21","slug":"comenzo-el-xii-congreso-de-educacion-presencia-de-autoridades-locales-y-provinciales","status":"publish","type":"post","link":"https:\/\/quasarcomunicacion.com.ar\/web\/comenzo-el-xii-congreso-de-educacion-presencia-de-autoridades-locales-y-provinciales\/","title":{"rendered":"Comenz\u00f3 el XII Congreso de Educaci\u00f3n presencia de autoridades locales y provinciales"},"content":{"rendered":"<p style=\"text-align: left;\" align=\"center\">El <b> XII Congreso de Educaci\u00f3n<\/b> \u201c<b>La Cultura del Pensamiento\u201d <\/b>organizado por el <b>Polo Educativo Pilar<\/b> tuvo su jornada inaugural en el Auditorio de la Universidad del Salvador en su Campus de Pilar en un auditorio colmado y con vacantes agotadas desde el d\u00eda anterior.<!--more--><\/p>\n<p><a href=\"https:\/\/quasarcomunicacion.com.ar\/web\/wp-content\/uploads\/2016\/02\/auditorio.gif\"><img class=\"aligncenter\" alt=\"auditorio\" src=\"https:\/\/quasarcomunicacion.com.ar\/web\/wp-content\/uploads\/2016\/02\/auditorio.gif\" \/><\/a><\/p>\n<p>Como cada a\u00f1o, los docentes de escuelas de gesti\u00f3n p\u00fablica del partido de Pilar fueron becados en su totalidad, y este a\u00f1o se sumaron por primera vez los instructores de las Escuelas Municipales de Pilar.<\/p>\n<p>El acto de apertura cont\u00f3 con la presencia del subsecretario de Educaci\u00f3n de la Provincia de Buenos Aires, Lic Sergio Siciliano; el intendente municipal de Pilar, Lic. Nicol\u00e1s Ducot\u00e9; la secretaria de Educaci\u00f3n de la Municipalidad del Pilar, la Dra. Marcela Campagnoli; el secretario de Salud de Pilar, Dr. Carlos Kambourian; la responsable de Universidades y Educaci\u00f3n terciaria de Pilar, Mar\u00eda Rosa Batalla; la inspectora Jefe Distrital de la Regi\u00f3n 11, Lic. Julia Deget; la Directora de Escuelas Municipales de Pilar, Prof Jesica Bortule; representante de la Unidad de Coordinaci\u00f3n de la Universidad del Salvador, Dr. Pablo Nielsen. Tambi\u00e9n estuvieron presentes inspectoras e inspectores del distrito de Pilar y distritos vecinos, representantes legales, directivos y docentes de las escuelas de gesti\u00f3n p\u00fablica y privada.<\/p>\n<p><a href=\"https:\/\/quasarcomunicacion.com.ar\/web\/wp-content\/uploads\/2016\/02\/autoridades.gif\"><img class=\"aligncenter\" alt=\"autoridades\" src=\"https:\/\/quasarcomunicacion.com.ar\/web\/wp-content\/uploads\/2016\/02\/autoridades.gif\" \/><\/a> <a href=\"https:\/\/quasarcomunicacion.com.ar\/web\/wp-content\/uploads\/2016\/02\/auditorio.gif\"><br \/>\n<\/a>En su discurso inaugural, la presidente del Polo Educativo Pilar, Graciela Rold\u00e1n, asegur\u00f3 que \u00abtenemos la profunda convicci\u00f3n de que solo un renovado entusiasmo del docente moviliza a quien aprende. Por este motivo, quienes \u00aba\u00fan aprendemos\u00bb -m\u00e1s all\u00e1 del tiempo que llevemos en esta apasionante tarea- volvemos a encontrarnos para seguir pensando juntos en este espacio ya tradicional de comienzo de a\u00f1o\u00bb.<\/p>\n<p>A su vez, agreg\u00f3 Rold\u00e1n \u00abel que piensa es el que puede conocer y se plantea el qu\u00e9, el c\u00f3mo, el por qu\u00e9, y el para qu\u00e9 de las cosas. Pensando nos podemos alejar de la ignorancia, saber que existimos y que sentimos, saber qui\u00e9nes somos y transformarnos en due\u00f1os de nosotros mismos y no abdicar en nuestra naturaleza racional\u00bb.<\/p>\n<p>\u00abEl lema del Congreso: CULTURA DEL PENSAMIENTO: \u00bfC\u00f3mo pensamos? \u00bfC\u00f3mo aprendemos a pensar? \u00bfC\u00f3mo ense\u00f1amos a pensar? \u00bfC\u00f3mo ponemos el conocimiento, hoy, al alcance de todos? Estas son preguntas importantes que nos hacemos. \u00bfQu\u00e9 estrategias nos permiten hacer visibles las realidades aparentemente intangibles del pensamiento y las emociones para que confluyan en acciones concretas y en nuevos conocimientos?\u00bb, indic\u00f3 Rold\u00e1n.<\/p>\n<p>\u00abEl que piensa es el que puede conocer y se plantea el Qu\u00e9, el C\u00f3mo, el Por qu\u00e9 y el Para qu\u00e9 de las cosas. Pensando nos podemos alejar de la ignorancia, saber que existimos y que sentimos, saber qui\u00e9nes somos y transformarnos en due\u00f1os nosotros mismos y no abdicar de nuestra naturaleza humana\u00bb<\/p>\n<p>Para finalizar, hizo p\u00fablico su agradecimiento \u00aba cada uno de los expositores, que compartir\u00e1n su saber y su ser con nosotros, a cada uno de los docentes que nos acompa\u00f1an y renuevan su compromiso y su pasi\u00f3n en la tarea de educar y a la comisi\u00f3n Organizadora por su dedicaci\u00f3n y empe\u00f1o. Que este Congreso sea una excelente oportunidad para seguir haci\u00e9ndonos m\u00faltiples preguntas&#8230; y buscar algunas respuestas.\u00bb<\/p>\n<p><span style=\"font-size: small;\">Este es el d\u00e9cimo a\u00f1o que el Congreso de Educaci\u00f3n se realiza en el Campus Nuestra Se\u00f1ora del Pilar, por lo cual el Polo Educativo Pilar agradeci\u00f3 a las autoridades de la Universidad del Salvador por permitir el uso de sus instalaciones tanto para este evento anual como para actividades culturales y de capacitaci\u00f3n docente.<\/span><\/p>\n<p><span style=\"font-size: small;\"> Por su parte, el intendente de Pilar Nicol\u00e1s Ducot\u00e9 dirigi\u00f3 unas palabras al auditorio poniendo de relevancia la educaci\u00f3n dentro de su gesti\u00f3n. \u00abQuiero agradecerles, celebrar y reconocer el esfuerzo enorme que vienen haciendo muchos de uds para mejorar la educaci\u00f3n. Le dediqu\u00e9 mucho m\u00e1s tiempo a la educaci\u00f3n que a la pol\u00edtica, le dediqu\u00e9 14 a\u00f1os de mi vida a estudiar en la Argentina y en el exterior. Por eso destaco el esfuerzo que han hecho para generar v\u00ednculos y aprender.\u00bb <\/span><\/p>\n<p><span style=\"font-size: small;\"> Tambi\u00e9n cabe un p\u00e1rrafo aparte a los sponsors que hacen posible este Congreso: Fase2, Avondoglio Sochel SRL, Kidactis, Lapa y Edu SA, Creando Puentes, Bypalta SRL y Revista Colegios.<\/span><\/p>\n<p><span style=\"font-size: small;\">Es de destacar<\/span> que este a\u00f1o, las instancias del Congreso se podr\u00e1n seguir por las redes sociales en @poloeducativo (en Twitter y en Facebook) con el hashtag #congresopep2016<\/p>\n<p>Como en cada edici\u00f3n, el evento cuenta con disertantes de primer nivel, abriendo las conferencias el Dr. Estanislao Bachrach que hablar\u00e1 sobre \u00abCreatividad e Innovaci\u00f3n\u00bb y el Dr Pedro Luis Barcia regresar\u00e1 a Pilar para cerrar el encuentro con la conferencia \u00abLa Cultura formativa de la persona versus la cultura adictiva\u00bb. Adem\u00e1s, habr\u00e1 una sucesi\u00f3n de talleres y la conferencia de apertura a cargo de autoridades provinciales que dar\u00e1n a conocer cu\u00e1les ser\u00e1n las pol\u00edticas que en materia educativa implementar\u00e1 el nuevo gobierno provincial a partir de su gesti\u00f3n.<\/p>\n<p>El evento est\u00e1 dirigido a Directivos y docentes de institutos de ense\u00f1anza de gesti\u00f3n p\u00fablica y privada, investigadores y profesionales relacionados con la educaci\u00f3n. <b>El Polo Educativo Pilar<\/b> beca a todos los docentes de las escuelas p\u00fablicas del Distrito quienes tambi\u00e9n deber\u00e1n inscribirse.<\/p>\n<p>Los dos d\u00edas de actividades comenzaron hoy, mi\u00e9rcoles 17 de febrero a las 8 con la acreditaci\u00f3n de los participantes para dar inicio el Congreso a las 9 con la Conferencia de apertura y la participaci\u00f3n de autoridades locales y provinciales. Ese ser\u00e1 el momento de destinar un espacio para conocer cu\u00e1les ser\u00e1n las pol\u00edticas que en materia educativa implementar\u00e1 el nuevo gobierno provincial a partir de su gesti\u00f3n.<\/p>\n<p><strong><span style=\"font-size: small;\"> Todo el calendario<\/span><\/strong><\/p>\n<p>A las 11.15 hs comenzar\u00e1 la primera conferencia del d\u00eda titulada <b>\u201cCREATIVIDAD E INNOVACI\u00d3N\u201d<\/b>\u00a0 a cargo de Dr. Estanislao Bachrach.<\/p>\n<p>Luego del almuerzo comienza el primer turno de los Talleres y Ponencias titulados:<\/p>\n<p><b> \u201cPUENTES\u201d. <\/b> Expositores: Laura Retes y Natalia Maidana \u2013 Bede\u2019s Grammar School.<\/p>\n<p><b>\u201cLOS BENEFICIOS DE LA INTERPRETACI\u00d3N Y LA PRODUCCI\u00d3N DE TEXTOS EN LA EDUCACI\u00d3N SECUNDARIA\u201d<\/b> \u2013 Expositora: Mar\u00eda Teresa Aller Maisonnave \u2013 Brick Towers College<\/p>\n<p><b> \u201cEDUCACI\u00d3N DE LA CREATIVIDAD Y DESIGN THINKING\u201d<\/b> &#8211; Expositoras: Mercedes Herr\u00e1n y Silvia Bilbao \u2013 Trama Creatividad<\/p>\n<p>En el segundo turno se podr\u00e1 elegir entre los diversos talleres:<\/p>\n<p><b> \u201c\u00bfQU\u00c9 APORTA EL PENSAMIENTO VISIBLE EN EL PROCESO DE APRENDIZAJE DE LA LECTOESCRITURA?\u201d<\/b> &#8211; Expositoras: Paola Murad y Mar\u00eda Barrientos \u2013 Northfield School.<\/p>\n<p><b> \u201cESTRATEGIAS NEUROSICOEDUCATIVAS Y PENSAMIENTO VISIBLE EN LOS ADOLESCENTES\u201d <\/b> \u2013 Expositoras: Viviana Araya y \u00c9rica Miretti \u2013 Colegio Norbridge<\/p>\n<p><b> \u201cGameROI, APRENDER SIMULANDO\u201d <\/b> \u2013 Expositor: Lic. Gast\u00f3n Maglione -Business Skills<\/p>\n<p><b> \u201cPENSAR PARA APRENDER: \u201cSEMANA HIST\u00d3RICA MAGNA\u201d<\/b> Expositora: Mar\u00eda Guadalupe Alonso \u2013 Magno College<\/p>\n<p>Y en el \u00faltimo turno, se podr\u00e1 participar de los siguientes Talleres y Ponencias:<\/p>\n<p><b> \u201cPIENSO LUEGO ESCRIBO &#8211; HERRAMIENTAS PARA PROFUNDIZAR EL PENSAMIENTO EN LA INICIACI\u00d3N LITERARIA\u201d<\/b>. Expositoras: Viviana Araya y Marcela Rimini \u2013 Brick Towers College.<\/p>\n<p><b> \u201cPR\u00c1CTICAS INNOVADORAS SE BUSCAN\u2026Y EL QUE BUSCA\u2026\u201d<\/b> Expositor: Pablo Leon \u2013 Northfield School<\/p>\n<p><b> \u201cEL PENSAMIENTO A TRAV\u00c9S DEL INTERCAMBIO EN NIVEL INICIAL\u201d <\/b> -Expositoras: Carina Lopez Giolfo, Aldana Bianchi, Ver\u00f3nica Sola Prats \u2013 Colegio Los Robles.<\/p>\n<p>Al d\u00eda siguiente, el Jueves 18 de Febrero comienza a las 9 hs con la <b>Conferencia \u201cUNA MAESTRA, UNA ALUMNA, UN L\u00edDER\u201d<\/b> a cargo del Lic. Rafael Jijena S\u00e1nchez \u2013 Lic. Adriana Canga \u2013 Lic. Lucila Dotto<\/p>\n<p>Tras el Coffee break, se inicia la Conferencia <b>\u201cCULTURA DE PENSAMIENTO\u2026 UNA NECESIDAD HECHA REALIDAD\u201d <\/b>a cargo de la Lic. Ana Mar\u00eda Fern\u00e1ndez<\/p>\n<p>Luego del almuerzo, a las 14 hs tendr\u00e1 lugar la Conferencia de cierre a cargo del Dr. Pedro Luis Barcia sobre <b>\u201cLA CULTURA FORMATIVA DE LA PERSONA VERSUS LA CULTURA ADICTIVA\u201d <\/b><\/p>\n<p><b> ARANCELES<\/b><br \/>\nSocios $ 450<br \/>\nNo Socios\u00a0 $ 550<br \/>\nCorporativo $ 5.500<\/p>\n<p>Descuento del 10% por cada asistente de la misma instituci\u00f3n no socia cuando el n\u00famero supere los 3 inscriptos. Docentes de escuelas de gesti\u00f3n p\u00fablica de Pilar: sin cargo con inscripci\u00f3n previa obligatoria.<\/p>\n<p><b> INSCRIPCIONES <\/b><br \/>\nLas inscripciones previas ser\u00e1n obligatorias y podr\u00e1n hacerse:<br \/>\na) a trav\u00e9s del link <a href=\"http:\/\/goo.gl\/forms\/V8JLFFZjX9\" target=\"_blank\" rel=\"noopener noreferrer\"> http:\/\/goo.gl\/forms\/V8JLFFZjX9<\/a><\/p>\n<p>Es importante completar correctamente los datos solicitados y especialmente las opciones propuestas para los talleres del d\u00eda 17\/02\/2016.<\/p>\n<p>M\u00e1s info escribiendo a <a href=\"mailto:congresos@poloeducativopilar.com.ar\" target=\"_blank\" rel=\"noopener noreferrer\"> congresos@poloeducativopilar.com.ar<\/a>.<\/p>\n<p>El <b>Polo Educativo Pilar <\/b>beca a todos los directivos y docentes de las escuelas de gesti\u00f3n p\u00fablica del Partido de Pilar.<\/p>\n<p align=\"center\"><span style=\"font-size: small;\"><b><i><span style=\"font-family: Arial;\">Por otras im\u00e1genes, audios o entrevistas no dude en contactarse<\/span><\/i><\/b><\/span><\/p>\n<p align=\"center\"><span style=\"font-size: small;\"><b><i> Contactos de Prensa<\/i><\/b><\/span><\/p>\n<div align=\"left\">\n<table width=\"100%\" border=\"1\" cellpadding=\"2\" align=\"left\">\n<tbody>\n<tr>\n<td align=\"center\" width=\"50%\">\n<p align=\"left\"><strong> <span style=\"color: #ff0000; font-family: Arial; font-size: small;\">Mayra Ibarra<\/span><\/strong><span style=\"font-size: medium;\"><strong><span style=\"color: #808080; font-family: Arial; font-size: small;\"> &#8211; Asistente de Cuentas<\/span><\/strong><\/span><\/p>\n<p><span style=\"font-size: xx-small;\"><span style=\"color: #ff0000;\"> Directo<\/span><b>: <\/b> 0230<\/span><span style=\"font-size: xx-small;\">-4664772<br \/>\n<\/span><span style=\"color: #ff0000; font-size: xx-small;\"> Skype:<\/span><span style=\"font-size: xx-small;\"> quasarcomunicacion<br \/>\n<\/span><span style=\"color: #ff0000; font-size: xx-small;\"> Twitter:<\/span><span style=\"font-size: xx-small;\"> @quasarpilar<br \/>\n<\/span><span style=\"color: #ff0000; font-size: xx-small;\"> Gr<\/span><span style=\"color: #ff0000; font-size: xx-small;\">upo y p\u00e1gina en Facebook: <\/span> <span style=\"color: #808080; font-size: xx-small;\">www.facebook.com\/<\/span><a href=\"mailto:mfipata@gmail.com\"><span style=\"font-size: xx-small;\">Quasar<\/span><\/a><span style=\"font-size: xx-small;\">Comunicacion<br \/>\n<\/span><span style=\"color: #ff0000; font-size: xx-small;\"> Web:<\/span><b><\/b> <a href=\"http:\/\/www.quasarcomunicacion.com.ar\/\"> <span style=\"font-size: xx-small;\">www.quasarcomunicacion.com.ar<\/span><\/a><\/p>\n<p align=\"left\"><span style=\"font-size: xx-small;\"> <span style=\"color: #ff0000;\">Mail<\/span><b>:<\/b><\/span><span style=\"font-size: xx-small;\"> <a href=\"mailto:fernanda@quasarcomunicacion.com.ar\"> quasar@quasarcomunicacion.com.ar<\/a><\/span><\/p>\n<\/td>\n<td align=\"center\" width=\"50%\">\n<p align=\"right\"><span style=\"font-size: medium;\"><strong> <span style=\"color: #808080; font-family: Arial; font-size: small;\"> Lic. Mar\u00eda Fernanda Ipata &#8211; Directora<br \/>\n<\/span> <\/strong><\/span> <span style=\"font-size: xx-small;\"><span style=\"color: #ff0000;\"><br \/>\nDirecto<\/span><b>: <\/b> 0230<\/span><span style=\"font-size: xx-small;\">-4664772<\/span><span style=\"font-size: xx-small;\"><br \/>\n<\/span><span style=\"font-size: xx-small;\"> <span style=\"color: #ff0000;\">M\u00f3vil:<\/span><b> <\/b> 0230<\/span><span style=\"font-size: xx-small;\">-15-4584535<br \/>\n011-15-6096-4656 ID 558*3763<br \/>\n<\/span><span style=\"color: #ff0000; font-size: xx-small;\"> Skype:<\/span><span style=\"font-size: xx-small;\"> quasarcomunicacion<br \/>\n<\/span><span style=\"color: #ff0000; font-size: xx-small;\"> Twitter:<\/span><span style=\"font-size: xx-small;\"> @quasarpilar<br \/>\n<\/span><span style=\"color: #ff0000; font-size: xx-small;\"> Gr<\/span><span style=\"color: #ff0000; font-size: xx-small;\">upo y p\u00e1gina en Facebook: <\/span> <span style=\"color: #808080; font-size: xx-small;\">www.facebook.com\/<\/span><a href=\"mailto:mfipata@gmail.com\"><span style=\"font-size: xx-small;\">Quasar<\/span><\/a><span style=\"font-size: xx-small;\">Comunicacion<br \/>\n<\/span><span style=\"font-size: xx-small;\"> <span style=\"color: #ff0000;\">LinkedIn<\/span><b>:\u00a0 <\/b><\/span> <span style=\"font-size: xx-small;\"><b> <a href=\"http:\/\/www.linkedin.com\/in\/mfipata\"> http:\/\/www.linkedin.com\/in\/mfipata<\/a><\/b><\/span><span style=\"font-size: xx-small;\"><br \/>\n<\/span><span style=\"color: #ff0000; font-size: xx-small;\"> Web:<\/span><b><\/b> <a href=\"http:\/\/www.quasarcomunicacion.com.ar\/\"> <span style=\"font-size: xx-small;\">www.quasarcomunicacion.com.ar<\/span><\/a><span style=\"font-size: xx-small;\"><br \/>\n<\/span><span style=\"font-size: xx-small;\"> <span style=\"color: #ff0000;\"> Mail<\/span><b>:<\/b><\/span><span style=\"font-size: xx-small;\"><a href=\"mailto:fernanda@quasarcomunicacion.com.ar\"> fernanda@quasarcomunicacion.com.ar<\/a><\/span><\/p>\n<\/td>\n<\/tr>\n<\/tbody>\n<\/table>\n<\/div>\n<hr \/>\n<p align=\"left\">\u00a0<b><span style=\"color: #ff0000; font-family: Verdana; font-size: small;\">Acerca del Polo Educativo Pilar<\/span><\/b><\/p>\n<p align=\"left\"><span style=\"font-size: xx-small;\">El <b>Polo Educativo Pilar <\/b>es una asociaci\u00f3n civil sin fines de lucro que fue fundada en el a\u00f1o 2002, que re\u00fane a instituciones educativas del Partido de Pilar y tiene como objetivo principal el promover y desarrollar la educaci\u00f3n, p\u00fablica y privada, en todo el distrito.<\/span><\/p>\n<p>La asociaci\u00f3n nace a partir de 1999 cuando los directivos de los j\u00f3venes colegios privados de Pilar, junto con los que llevaban m\u00e1s a\u00f1os en la ciudad, comienzan a reunirse para considerar sus problem\u00e1ticas comunes. Este hecho, in\u00e9dito en la educaci\u00f3n privada en la Argentina, alcanza un alto grado de sinergia cuando los Colegios deciden trazar un plan para convertir al Partido de Pilar en una localidad que sea conocida por su alto nivel educativo, tanto en las instituciones privadas como en las p\u00fablicas. Con esa idea, un grupo original de 14 Colegios de distintos niveles, funda el <b>Polo Educativo Pilar<\/b>.<\/p>\n<p>Cabe destacar que entidad obtuvo su personer\u00eda jur\u00eddica en diciembre de 2004 bajo el Nro. 7000\/04 expedido por la Inspecci\u00f3n de Persona jur\u00eddica de la Provincia de Buenos Aires. En el a\u00f1o 2003 es declarada entidad de Bien P\u00fablico por el Municipio de Pilar por Decreto Municipal Nro. 6679\/2003.<\/p>\n<p>&nbsp;<\/p>\n","protected":false},"excerpt":{"rendered":"<p>El XII Congreso de Educaci\u00f3n \u201cLa Cultura del Pensamiento\u201d organizado por el Polo Educativo Pilar tuvo su jornada inaugural en [&hellip;]<\/p>\n","protected":false},"author":2,"featured_media":6781,"comment_status":"open","ping_status":"open","sticky":false,"template":"","format":"standard","meta":[],"categories":[2],"tags":[],"_links":{"self":[{"href":"https:\/\/quasarcomunicacion.com.ar\/web\/wp-json\/wp\/v2\/posts\/6780"}],"collection":[{"href":"https:\/\/quasarcomunicacion.com.ar\/web\/wp-json\/wp\/v2\/posts"}],"about":[{"href":"https:\/\/quasarcomunicacion.com.ar\/web\/wp-json\/wp\/v2\/types\/post"}],"author":[{"embeddable":true,"href":"https:\/\/quasarcomunicacion.com.ar\/web\/wp-json\/wp\/v2\/users\/2"}],"replies":[{"embeddable":true,"href":"https:\/\/quasarcomunicacion.com.ar\/web\/wp-json\/wp\/v2\/comments?post=6780"}],"version-history":[{"count":0,"href":"https:\/\/quasarcomunicacion.com.ar\/web\/wp-json\/wp\/v2\/posts\/6780\/revisions"}],"wp:featuredmedia":[{"embeddable":true,"href":"https:\/\/quasarcomunicacion.com.ar\/web\/wp-json\/wp\/v2\/media\/6781"}],"wp:attachment":[{"href":"https:\/\/quasarcomunicacion.com.ar\/web\/wp-json\/wp\/v2\/media?parent=6780"}],"wp:term":[{"taxonomy":"category","embeddable":true,"href":"https:\/\/quasarcomunicacion.com.ar\/web\/wp-json\/wp\/v2\/categories?post=6780"},{"taxonomy":"post_tag","embeddable":true,"href":"https:\/\/quasarcomunicacion.com.ar\/web\/wp-json\/wp\/v2\/tags?post=6780"}],"curies":[{"name":"wp","href":"https:\/\/api.w.org\/{rel}","templated":true}]}}