{"id":6775,"date":"2016-02-16T17:59:55","date_gmt":"2016-02-16T20:59:55","guid":{"rendered":"https:\/\/quasarcomunicacion.com.ar\/web\/?p=6775"},"modified":"2016-02-16T17:59:55","modified_gmt":"2016-02-16T20:59:55","slug":"charla-sobre-seguridad-vial-y-accidentes-de-transito-en-via-publica","status":"publish","type":"post","link":"https:\/\/quasarcomunicacion.com.ar\/web\/charla-sobre-seguridad-vial-y-accidentes-de-transito-en-via-publica\/","title":{"rendered":"Charla sobre Seguridad Vial y Accidentes de Tr\u00e1nsito en V\u00eda P\u00fablica"},"content":{"rendered":"<p style=\"text-align: left;\" align=\"center\"><span style=\"font-family: Verdana; font-size: small;\">El pr\u00f3ximo viernes 26 de febrero a las 15 hs <\/span><b style=\"font-family: Verdana; font-size: small;\">Gestor\u00eda Montoya<\/b><span style=\"font-family: Verdana; font-size: small;\"> junto a la <\/span><b style=\"font-family: Verdana; font-size: small;\">Municipalidad de Pilar<\/b><span style=\"font-family: Verdana; font-size: small;\"> organizan la<\/span><b style=\"font-family: Verdana; font-size: small;\"> charla gratuita y abierta a la comunidad \u00abSeguridad vial y accidentes de tr\u00e1nsito en v\u00eda p\u00fablica\u00bb <\/b><span style=\"font-family: Verdana; font-size: small;\">a cargo del <strong>Ing. Fabi\u00e1n Pons<\/strong>, presidente del <strong>Observatorio Vial Latinoamericano (Ovilam)<\/strong>.<!--more--><\/span><\/p>\n<p align=\"left\"><span style=\"font-family: Verdana; font-size: small;\">La charla se realizar\u00e1 en el sal\u00f3n de sesiones del Honorable Concejo Deliberante de Pilar ubicado en el 1\u00ba piso del Palacio Municipal, en Rivadavia 660, frente a la Plaza 12 de Octubre. <\/span><\/p>\n<p align=\"left\"><span style=\"font-family: Verdana; font-size: small;\">El evento es organizado por Alicia del Valle Montoya, titular de Gestor\u00eda Montoya, quien convoc\u00f3 al profesional con gran trayectoria en la tem\u00e1tica para hablar de un tema tan importante para la comunidad como la seguridad vial.<\/span><\/p>\n<p align=\"left\"><span style=\"font-family: Verdana; font-size: small;\">La charla es abierta a toda la comunidad e instituciones interesadas.<\/span><\/p>\n<p align=\"left\"><span style=\"font-family: Verdana; font-size: small;\">El evento cuenta con el apoyo de Pilar GPS, Qu\u00e1sar Comunicaci\u00f3n y Pilar hoy Noticias<\/span><\/p>\n<p align=\"left\"><b><span style=\"font-family: Verdana; font-size: small;\">Acerca de Gestor\u00eda Montoya<\/span><\/b><\/p>\n<p><span style=\"font-family: Verdana; font-size: small;\"> <img loading=\"lazy\" alt=\"\" src=\"http:\/\/www.quasarcomunicacion.com.ar\/varios\/montoya.gif\" width=\"300\" height=\"213\" align=\"right\" border=\"0\" hspace=\"6\" vspace=\"6\" \/>Se trata de un grupo de Profesionales altamente Capacitados con amplia experiencia y responsabilidad que permite brindar soluciones eficaces y eficientes en cada caso. <\/span><\/p>\n<p><span style=\"font-family: Verdana; font-size: small;\">Sus servicios est\u00e1n basados en el cumplimiento de Leyes y Reglamentaciones vigentes en lo que refiere a:<br \/>\nRegistraci\u00f3n y Transferencias, de Veh\u00edculos en todas sus categor\u00edas Nacionales e Importados<br \/>\n\u2022 Autos<br \/>\n\u2022 Camiones \u2013 Remolques &#8211; Semiremolques<br \/>\n\u2022 Motoveh\u00edculo<br \/>\n\u2022 M\u00e1quinas Agr\u00edcolas<br \/>\n\u2022 M\u00e1quinas Viales<br \/>\n\u2022 N\u00e1utica<br \/>\nTambi\u00e9n:<br \/>\n\u2022 Cambio de Titularidad<br \/>\n\u2022 Denuncias de Venta y Compra<br \/>\n\u2022 Duplicado de Titulo<br \/>\n\u2022 C\u00e9dula Azul (autorizado a conducir)<br \/>\n\u2022 Informe de Dominio<br \/>\n\u2022 Libre Deuda<br \/>\n\u2022 Altas y Bajas Motor<br \/>\n\u2022 Prendas<br \/>\n\u2022 R.U.T.A<br \/>\n\u2022 R.P.A<br \/>\n\u2022 R.P.T.C<br \/>\n\u2022 Grabado de Cristales<br \/>\n\u2022 Identificaci\u00f3n y Verificaci\u00f3n Vehicular antes de la Compra<br \/>\n\u2022 Cambios de Tipo<br \/>\n\u2022 Peritajes<\/span><\/p>\n<p><span style=\"font-family: Verdana; font-size: small;\">Brindan asesoramiento y control t\u00e9cnico adecuado a la Industria: Higiene y Seguridad en el Trabajo &#8211; Capacitaciones \u2013 Auditor\u00edas \u2013 Habilitaci\u00f3n Municipal &#8211; Programas de Trabajo ART \u2013 Normas ISO de las Series 3779 (Automotriz) 9000 (Calidad) \u2013 14000 (M Ambiente) \u2013 18000 (Seguridad y Salud Ocupacional)\u2013 OSHAS \u2013 22000 (Alimentos HACCP) (Control Higi\u00e9nico Sanitario de Comedores Industriales), Pericias Judiciales Laborales<\/span><\/p>\n<p><span style=\"font-family: Verdana; font-size: small;\">M\u00e1s info en <a href=\"https:\/\/www.facebook.com\/GestoriaMontoya\"> https:\/\/www.facebook.com\/GestoriaMontoya<\/a> <\/span><\/p>\n<p align=\"left\"><b><span style=\"font-family: Verdana; font-size: small;\">Acerca de Ovilam<\/span><\/b><\/p>\n<p align=\"left\"><span style=\"font-family: Verdana; font-size: small;\"> <img loading=\"lazy\" alt=\"\" src=\"http:\/\/www.quasarcomunicacion.com.ar\/varios\/ovilam.gif\" width=\"300\" height=\"121\" align=\"right\" border=\"0\" \/>El Observatorio Vial Latinoamericano ofrece asesoramiento, investigaci\u00f3n, educaci\u00f3n, estad\u00edsticas y planificaci\u00f3n en todos los temas relativos a la seguridad<\/span><\/p>\n<p align=\"left\"><span style=\"font-family: Verdana; font-size: small;\">Con el objetivo de brindar soluciones t\u00e9cnicas, estad\u00edsticas y educativas nace OVILAM \u2013 OBSERVATORIO VIAL LATINOAMERICANO, con sede en la Ciudad de Buenos Aires pero con la vista puesta en todos los pa\u00edses de la regi\u00f3n. OVILAM tiene por objeto la investigaci\u00f3n, experimentaci\u00f3n, capacitaci\u00f3n, asesoramiento y desarrollo de todo tipo de actividades referidas a las personas, los veh\u00edculos y el entorno en materia de seguridad vial.<\/span><\/p>\n<p align=\"left\"><span style=\"font-family: Verdana; font-size: small;\">La Visi\u00f3n de OVILAM es \u201cgenerar soluciones inteligentes que permitan combatir con \u00e9xito el flagelo de la inseguridad vial\u201d Su Misi\u00f3n es \u201cser una empresa con profesionales que aporten servicios de primer nivel t\u00e9cnico y educativo para que la sociedad argentina y latinoamericana tenga una vida m\u00e1s segura en todo el \u00e1mbito vial\u201d. Los Valores Nucleares que la movilizan son: Seriedad, Independencia, Rigor t\u00e9cnico, Excelencia y Compromiso. OVILAM cuenta con un grupo de profesionales con una vasta experiencia en todos los temas referidos a la seguridad vial que abarcan desde el equipamiento de los autom\u00f3viles, el an\u00e1lisis de las rutas y su entorno y los factores humanos que generan la mayor parte de los siniestros viales.<\/span><\/p>\n<p align=\"left\"><span style=\"font-family: Verdana; font-size: small;\">La Misi\u00f3n es \u201cser una empresa con profesionales que aporten servicios de primer nivel t\u00e9cnico y educativo para que la sociedad argentina y latinoamericana tenga una vida m\u00e1s segura en todo el \u00e1mbito vial\u201d.<\/span><\/p>\n<p align=\"left\"><i><span style=\"font-family: Verdana; font-size: small;\">Entre sus\u00a0 productos y servicios se encuentran:<\/span><\/i><\/p>\n<p align=\"left\"><span style=\"font-family: Verdana; font-size: small;\">Capacitaciones<br \/>\nPlanes de Ordenamiento Vial<br \/>\nEstudios Estadisticos<br \/>\nInvestigaci\u00f3n de Siniestros<br \/>\nGesti\u00f3n de Flotas<br \/>\nCampa\u00f1as y Conferencias<br \/>\nEducaci\u00f3n Vial<br \/>\nRelevamientos de Rutas<\/span><\/p>\n<p align=\"left\"><span style=\"font-family: Verdana; font-size: small;\">M\u00e1s info en <a href=\"https:\/\/www.facebook.com\/ovilam1\"> https:\/\/www.facebook.com\/ovilam1<\/a> <\/span><\/p>\n","protected":false},"excerpt":{"rendered":"<p>El pr\u00f3ximo viernes 26 de febrero a las 15 hs Gestor\u00eda Montoya junto a la Municipalidad de Pilar organizan la [&hellip;]<\/p>\n","protected":false},"author":2,"featured_media":6776,"comment_status":"open","ping_status":"open","sticky":false,"template":"","format":"standard","meta":[],"categories":[2],"tags":[],"_links":{"self":[{"href":"https:\/\/quasarcomunicacion.com.ar\/web\/wp-json\/wp\/v2\/posts\/6775"}],"collection":[{"href":"https:\/\/quasarcomunicacion.com.ar\/web\/wp-json\/wp\/v2\/posts"}],"about":[{"href":"https:\/\/quasarcomunicacion.com.ar\/web\/wp-json\/wp\/v2\/types\/post"}],"author":[{"embeddable":true,"href":"https:\/\/quasarcomunicacion.com.ar\/web\/wp-json\/wp\/v2\/users\/2"}],"replies":[{"embeddable":true,"href":"https:\/\/quasarcomunicacion.com.ar\/web\/wp-json\/wp\/v2\/comments?post=6775"}],"version-history":[{"count":0,"href":"https:\/\/quasarcomunicacion.com.ar\/web\/wp-json\/wp\/v2\/posts\/6775\/revisions"}],"wp:featuredmedia":[{"embeddable":true,"href":"https:\/\/quasarcomunicacion.com.ar\/web\/wp-json\/wp\/v2\/media\/6776"}],"wp:attachment":[{"href":"https:\/\/quasarcomunicacion.com.ar\/web\/wp-json\/wp\/v2\/media?parent=6775"}],"wp:term":[{"taxonomy":"category","embeddable":true,"href":"https:\/\/quasarcomunicacion.com.ar\/web\/wp-json\/wp\/v2\/categories?post=6775"},{"taxonomy":"post_tag","embeddable":true,"href":"https:\/\/quasarcomunicacion.com.ar\/web\/wp-json\/wp\/v2\/tags?post=6775"}],"curies":[{"name":"wp","href":"https:\/\/api.w.org\/{rel}","templated":true}]}}