{"id":6756,"date":"2016-02-04T19:36:59","date_gmt":"2016-02-04T22:36:59","guid":{"rendered":"https:\/\/quasarcomunicacion.com.ar\/web\/?p=6756"},"modified":"2016-02-04T19:36:59","modified_gmt":"2016-02-04T22:36:59","slug":"se-viene-el-xiii-congreso-de-educacion-organizado-por-el-polo-educativo-pilar","status":"publish","type":"post","link":"https:\/\/quasarcomunicacion.com.ar\/web\/se-viene-el-xiii-congreso-de-educacion-organizado-por-el-polo-educativo-pilar\/","title":{"rendered":"Se viene el XII Congreso de Educaci\u00f3n organizado por el Polo Educativo Pilar"},"content":{"rendered":"<p style=\"text-align: left;\" align=\"center\">\u00a0El <b>Polo Educativo Pilar<\/b> ya abri\u00f3 las inscripciones para participar del<b> XII Congreso de Educaci\u00f3n<\/b> \u201c<b>La Cultura del Pensamiento\u201d<\/b> que se llevar\u00e1 a cabo los d\u00edas mi\u00e9rcoles 17 y jueves 18 de febrero de 2016 en el Auditorio de la Universidad del Salvador en su Campus de Pilar.<\/p>\n<p>Este a\u00f1o, como los anteriores, el Congreso contar\u00e1 con disertantes de muy alto nivel acad\u00e9mico.\u00a0<!--more--><\/p>\n<p>El evento est\u00e1 dirigido a Directivos y docentes de institutos de ense\u00f1anza de gesti\u00f3n p\u00fablica y privada, investigadores y profesionales relacionados con la educaci\u00f3n. <b>El Polo Educativo Pilar<\/b> beca a todos los docentes de las escuelas p\u00fablicas del Distrito quienes tambi\u00e9n deber\u00e1n inscribirse.<\/p>\n<p><img loading=\"lazy\" class=\"aligncenter\" alt=\"\" src=\"http:\/\/www.quasarcomunicacion.com.ar\/poloeducativo\/congreso15\/apertura.gif\" width=\"550\" height=\"413\" \/><\/p>\n<p>Los dos d\u00edas de actividades comienzan el mi\u00e9rcoles 17 de febrero a las 8 con la acreditaci\u00f3n de los participantes para iniciar el Congreso a las 9 con la Conferencia de apertura y la participaci\u00f3n de autoridades locales y provinciales. Ese ser\u00e1 el momento de destinar un espacio para conocer cu\u00e1les ser\u00e1n las pol\u00edticas que en materia educativa implementar\u00e1 el nuevo gobierno provincial a partir de su gesti\u00f3n.<\/p>\n<p>A las 11.15 hs comenzar\u00e1 la primera conferencia del d\u00eda titulada <b>\u201cCREATIVIDAD E INNOVACI\u00d3N\u201d<\/b>\u00a0 a cargo de Dr. Estanislao Bachrach.<\/p>\n<p>Luego del almuerzo comienza el primer turno de los Talleres y Ponencias titulados:<\/p>\n<p><b> \u201cPUENTES\u201d. <\/b> Expositores: Laura Retes y Natalia Maidana \u2013 Bede\u2019s Grammar School.<br \/>\n<b>\u201cLOS BENEFICIOS DE LA INTERPRETACI\u00d3N Y LA PRODUCCI\u00d3N DE TEXTOS EN LA EDUCACI\u00d3N SECUNDARIA\u201d<\/b> \u2013 Expositora: Mar\u00eda Teresa Aller Maisonnave \u2013 Brick Towers College<\/p>\n<p><b> \u201cEDUCACI\u00d3N DE LA CREATIVIDAD Y DESIGN THINKING\u201d<\/b> &#8211; Expositoras: Mercedes Herr\u00e1n y Silvia Bilbao \u2013 Trama Creatividad<\/p>\n<p>En el segundo turno se podr\u00e1 elegir entre los diversos talleres:<\/p>\n<p><b> \u201c\u00bfQU\u00c9 APORTA EL PENSAMIENTO VISIBLE EN EL PROCESO DE APRENDIZAJE DE LA LECTOESCRITURA?\u201d<\/b> &#8211; Expositoras: Paola Murad y Mar\u00eda Barrientos \u2013 Northfield School.<\/p>\n<p><b> \u201cESTRATEGIAS NEUROSICOEDUCATIVAS Y PENSAMIENTO VISIBLE EN LOS ADOLESCENTES\u201d <\/b> \u2013 Expositoras: Viviana Araya y \u00c9rica Miretti \u2013 Colegio Norbridge<\/p>\n<p><b> \u201cGameROI, APRENDER SIMULANDO\u201d <\/b> \u2013 Expositor: Lic. Gast\u00f3n Maglione -Business Skills<\/p>\n<p><b> \u201cPENSAR PARA APRENDER: \u201cSEMANA HIST\u00d3RICA MAGNA\u201d<\/b> Expositora: Mar\u00eda Guadalupe Alonso \u2013 Magno College<\/p>\n<p>Y en el \u00faltimo turno, se podr\u00e1 participar de los siguientes Talleres y Ponencias:<\/p>\n<p><b> \u201cPIENSO LUEGO ESCRIBO &#8211; HERRAMIENTAS PARA PROFUNDIZAR EL PENSAMIENTO EN LA INICIACI\u00d3N LITERARIA\u201d<\/b>. Expositoras: Viviana Araya y Marcela Rimini \u2013 Brick Towers College.<\/p>\n<p><b> \u201cPR\u00c1CTICAS INNOVADORAS SE BUSCAN\u2026Y EL QUE BUSCA\u2026\u201d<\/b> Expositor: Pablo Leon \u2013 Northfield School<\/p>\n<p><b> \u201cEL PENSAMIENTO A TRAV\u00c9S DEL INTERCAMBIO EN NIVEL INICIAL\u201d <\/b> -Expositoras: Carina Lopez Giolfo, Aldana Bianchi, Ver\u00f3nica Sola Prats \u2013 Colegio Los Robles.<\/p>\n<p>&nbsp;<\/p>\n<p>Al d\u00eda siguiente, el Jueves 18 de Febrero comienza a las 9 hs con la <b>Conferencia \u201cUNA MAESTRA, UNA ALUMNA, UN L\u00edDER\u201d<\/b> a cargo del Lic. Rafael Jijena S\u00e1nchez \u2013 Lic. Adriana Canga \u2013 Lic. Lucila Dotto<\/p>\n<p>Tras el Coffee break, se inicia la Conferencia <b>\u201cCULTURA DE PENSAMIENTO\u2026 UNA NECESIDAD HECHA REALIDAD\u201d <\/b>a cargo de la Lic. Ana Mar\u00eda Fern\u00e1ndez<\/p>\n<p>Luego del almuerzo, a las 14 hs tendr\u00e1 lugar la Conferencia de cierre a cargo del Dr. Pedro Luis Barcia sobre <b>\u201cLA CULTURA FORMATIVA DE LA PERSONA VERSUS LA CULTURA ADICTIVA\u201d <\/b><\/p>\n<p><b> ARANCELES<\/b><br \/>\nSocios $ 450<br \/>\nNo Socios\u00a0 $ 550<br \/>\nCorporativo $ 5.500<\/p>\n<p>Descuento del 10% por cada asistente de la misma instituci\u00f3n no socia cuando el n\u00famero supere los 3 inscriptos. Docentes de escuelas de gesti\u00f3n p\u00fablica de Pilar: sin cargo con inscripci\u00f3n previa obligatoria.<\/p>\n<p><b> INSCRIPCIONES <\/b><br \/>\nLas inscripciones previas ser\u00e1n obligatorias y podr\u00e1n hacerse:<br \/>\na) a trav\u00e9s del link <a href=\"http:\/\/goo.gl\/forms\/V8JLFFZjX9\" target=\"_blank\" rel=\"noopener noreferrer\"> http:\/\/goo.gl\/forms\/V8JLFFZjX9<\/a><\/p>\n<p>Es importante completar correctamente los datos solicitados y especialmente las opciones propuestas para los talleres del d\u00eda 17\/02\/2016.<\/p>\n<p>M\u00e1s info escribiendo a <a href=\"mailto:congresos@poloeducativopilar.com.ar\" target=\"_blank\" rel=\"noopener noreferrer\"> congresos@poloeducativopilar.com.ar<\/a>.<\/p>\n<p>El <b>Polo Educativo Pilar <\/b>beca a todos los directivos y docentes de las escuelas de gesti\u00f3n p\u00fablica del Partido de Pilar.<\/p>\n<p align=\"center\"><span style=\"font-size: small;\"><b><i><span style=\"font-family: Arial;\">Por otras im\u00e1genes, audios o entrevistas no dude en contactarse<\/span><\/i><\/b><\/span><\/p>\n<p align=\"center\"><span style=\"font-size: small;\"><b><i> Contactos de Prensa<\/i><\/b><\/span><\/p>\n<div align=\"left\">\n<table width=\"100%\" border=\"1\" cellpadding=\"2\" align=\"left\">\n<tbody>\n<tr>\n<td align=\"center\" width=\"50%\">\n<p align=\"left\"><strong> <span style=\"color: #ff0000; font-family: Arial; font-size: small;\">Mayra Ibarra<\/span><\/strong><span style=\"font-size: medium;\"><strong><span style=\"color: #808080; font-family: Arial; font-size: small;\"> &#8211; Asistente de Cuentas<\/span><\/strong><\/span><\/p>\n<p><span style=\"font-size: xx-small;\"><span style=\"color: #ff0000;\"> Directo<\/span><b>: <\/b> 0230<\/span><span style=\"font-size: xx-small;\">-4664772<br \/>\n<\/span><span style=\"color: #ff0000; font-size: xx-small;\"> Skype:<\/span><span style=\"font-size: xx-small;\"> quasarcomunicacion<br \/>\n<\/span><span style=\"color: #ff0000; font-size: xx-small;\"> Twitter:<\/span><span style=\"font-size: xx-small;\"> @quasarpilar<br \/>\n<\/span><span style=\"color: #ff0000; font-size: xx-small;\"> Gr<\/span><span style=\"color: #ff0000; font-size: xx-small;\">upo y p\u00e1gina en Facebook: <\/span> <span style=\"color: #808080; font-size: xx-small;\">www.facebook.com\/<\/span><a href=\"mailto:mfipata@gmail.com\"><span style=\"font-size: xx-small;\">Quasar<\/span><\/a><span style=\"font-size: xx-small;\">Comunicacion<br \/>\n<\/span><span style=\"color: #ff0000; font-size: xx-small;\"> Web:<\/span><b><\/b> <a href=\"http:\/\/www.quasarcomunicacion.com.ar\/\"> <span style=\"font-size: xx-small;\">www.quasarcomunicacion.com.ar<\/span><\/a><\/p>\n<p align=\"left\"><span style=\"font-size: xx-small;\"> <span style=\"color: #ff0000;\">Mail<\/span><b>:<\/b><\/span><span style=\"font-size: xx-small;\"> <a href=\"mailto:fernanda@quasarcomunicacion.com.ar\"> quasar@quasarcomunicacion.com.ar<\/a><\/span><\/p>\n<\/td>\n<td align=\"center\" width=\"50%\">\n<p align=\"right\"><span style=\"font-size: medium;\"><strong> <span style=\"color: #808080; font-family: Arial; font-size: small;\"> Lic. Mar\u00eda Fernanda Ipata &#8211; Directora<br \/>\n<\/span> <\/strong><\/span> <span style=\"font-size: xx-small;\"><span style=\"color: #ff0000;\"><br \/>\nDirecto<\/span><b>: <\/b> 0230<\/span><span style=\"font-size: xx-small;\">-4664772<\/span><span style=\"font-size: xx-small;\"><br \/>\n<\/span><span style=\"font-size: xx-small;\"> <span style=\"color: #ff0000;\">M\u00f3vil:<\/span><b> <\/b> 0230<\/span><span style=\"font-size: xx-small;\">-15-4584535<br \/>\n011-15-6096-4656 ID 558*3763<br \/>\n<\/span><span style=\"color: #ff0000; font-size: xx-small;\"> Skype:<\/span><span style=\"font-size: xx-small;\"> quasarcomunicacion<br \/>\n<\/span><span style=\"color: #ff0000; font-size: xx-small;\"> Twitter:<\/span><span style=\"font-size: xx-small;\"> @quasarpilar<br \/>\n<\/span><span style=\"color: #ff0000; font-size: xx-small;\"> Gr<\/span><span style=\"color: #ff0000; font-size: xx-small;\">upo y p\u00e1gina en Facebook: <\/span> <span style=\"color: #808080; font-size: xx-small;\">www.facebook.com\/<\/span><a href=\"mailto:mfipata@gmail.com\"><span style=\"font-size: xx-small;\">Quasar<\/span><\/a><span style=\"font-size: xx-small;\">Comunicacion<br \/>\n<\/span><span style=\"font-size: xx-small;\"> <span style=\"color: #ff0000;\">LinkedIn<\/span><b>:\u00a0 <\/b><\/span> <span style=\"font-size: xx-small;\"><b> <a href=\"http:\/\/www.linkedin.com\/in\/mfipata\"> http:\/\/www.linkedin.com\/in\/mfipata<\/a><\/b><\/span><span style=\"font-size: xx-small;\"><br \/>\n<\/span><span style=\"color: #ff0000; font-size: xx-small;\"> Web:<\/span><b><\/b> <a href=\"http:\/\/www.quasarcomunicacion.com.ar\/\"> <span style=\"font-size: xx-small;\">www.quasarcomunicacion.com.ar<\/span><\/a><span style=\"font-size: xx-small;\"><br \/>\n<\/span><span style=\"font-size: xx-small;\"> <span style=\"color: #ff0000;\"> Mail<\/span><b>:<\/b><\/span><span style=\"font-size: xx-small;\"><a href=\"mailto:fernanda@quasarcomunicacion.com.ar\"> fernanda@quasarcomunicacion.com.ar<\/a><\/span><\/p>\n<\/td>\n<\/tr>\n<\/tbody>\n<\/table>\n<\/div>\n<hr \/>\n<p align=\"left\">\u00a0<b><span style=\"color: #ff0000; font-family: Verdana; font-size: small;\">Acerca del Polo Educativo Pilar<\/span><\/b><\/p>\n<p align=\"left\"><span style=\"font-size: xx-small;\">El <b>Polo Educativo Pilar <\/b>es una asociaci\u00f3n civil sin fines de lucro que fue fundada en el a\u00f1o 2002, que re\u00fane a instituciones educativas del Partido de Pilar y tiene como objetivo principal el promover y desarrollar la educaci\u00f3n, p\u00fablica y privada, en todo el distrito.<\/span><\/p>\n<p>La asociaci\u00f3n nace a partir de 1999 cuando los directivos de los j\u00f3venes colegios privados de Pilar, junto con los que llevaban m\u00e1s a\u00f1os en la ciudad, comienzan a reunirse para considerar sus problem\u00e1ticas comunes. Este hecho, in\u00e9dito en la educaci\u00f3n privada en la Argentina, alcanza un alto grado de sinergia cuando los Colegios deciden trazar un plan para convertir al Partido de Pilar en una localidad que sea conocida por su alto nivel educativo, tanto en las instituciones privadas como en las p\u00fablicas. Con esa idea, un grupo original de 14 Colegios de distintos niveles, funda el <b>Polo Educativo Pilar<\/b>.<\/p>\n<p>Cabe destacar que entidad obtuvo su personer\u00eda jur\u00eddica en diciembre de 2004 bajo el Nro. 7000\/04 expedido por la Inspecci\u00f3n de Persona jur\u00eddica de la Provincia de Buenos Aires. En el a\u00f1o 2003 es declarada entidad de Bien P\u00fablico por el Municipio de Pilar por Decreto Municipal Nro. 6679\/2003.<\/p>\n","protected":false},"excerpt":{"rendered":"<p>\u00a0El Polo Educativo Pilar ya abri\u00f3 las inscripciones para participar del XII Congreso de Educaci\u00f3n \u201cLa Cultura del Pensamiento\u201d que [&hellip;]<\/p>\n","protected":false},"author":2,"featured_media":5579,"comment_status":"open","ping_status":"open","sticky":false,"template":"","format":"standard","meta":[],"categories":[2],"tags":[],"_links":{"self":[{"href":"https:\/\/quasarcomunicacion.com.ar\/web\/wp-json\/wp\/v2\/posts\/6756"}],"collection":[{"href":"https:\/\/quasarcomunicacion.com.ar\/web\/wp-json\/wp\/v2\/posts"}],"about":[{"href":"https:\/\/quasarcomunicacion.com.ar\/web\/wp-json\/wp\/v2\/types\/post"}],"author":[{"embeddable":true,"href":"https:\/\/quasarcomunicacion.com.ar\/web\/wp-json\/wp\/v2\/users\/2"}],"replies":[{"embeddable":true,"href":"https:\/\/quasarcomunicacion.com.ar\/web\/wp-json\/wp\/v2\/comments?post=6756"}],"version-history":[{"count":0,"href":"https:\/\/quasarcomunicacion.com.ar\/web\/wp-json\/wp\/v2\/posts\/6756\/revisions"}],"wp:featuredmedia":[{"embeddable":true,"href":"https:\/\/quasarcomunicacion.com.ar\/web\/wp-json\/wp\/v2\/media\/5579"}],"wp:attachment":[{"href":"https:\/\/quasarcomunicacion.com.ar\/web\/wp-json\/wp\/v2\/media?parent=6756"}],"wp:term":[{"taxonomy":"category","embeddable":true,"href":"https:\/\/quasarcomunicacion.com.ar\/web\/wp-json\/wp\/v2\/categories?post=6756"},{"taxonomy":"post_tag","embeddable":true,"href":"https:\/\/quasarcomunicacion.com.ar\/web\/wp-json\/wp\/v2\/tags?post=6756"}],"curies":[{"name":"wp","href":"https:\/\/api.w.org\/{rel}","templated":true}]}}