{"id":6750,"date":"2016-01-17T16:12:55","date_gmt":"2016-01-17T19:12:55","guid":{"rendered":"https:\/\/quasarcomunicacion.com.ar\/web\/?p=6750"},"modified":"2016-01-17T16:12:55","modified_gmt":"2016-01-17T19:12:55","slug":"la-aguada-en-clarin-viajes","status":"publish","type":"post","link":"https:\/\/quasarcomunicacion.com.ar\/web\/la-aguada-en-clarin-viajes\/","title":{"rendered":"La Aguada en Clar\u00edn Viajes"},"content":{"rendered":"<p>La alianza entre La Aguada y Sofitel en la edici\u00f3n del domingo 17 de enero de Clar\u00edn Viajes<!--more--><a href=\"https:\/\/quasarcomunicacion.com.ar\/web\/wp-content\/uploads\/2016\/02\/Clarin-Viajes-17-de-enero-de-2016.jpg\"><img class=\"aligncenter\" alt=\"Clarin Viajes 17 de enero de 2016\" src=\"https:\/\/quasarcomunicacion.com.ar\/web\/wp-content\/uploads\/2016\/02\/Clarin-Viajes-17-de-enero-de-2016.jpg\" \/><\/a><\/p>\n","protected":false},"excerpt":{"rendered":"<p>La alianza entre La Aguada y Sofitel en la edici\u00f3n del domingo 17 de enero de Clar\u00edn Viajes<\/p>\n","protected":false},"author":2,"featured_media":0,"comment_status":"open","ping_status":"open","sticky":false,"template":"","format":"standard","meta":[],"categories":[42],"tags":[],"_links":{"self":[{"href":"https:\/\/quasarcomunicacion.com.ar\/web\/wp-json\/wp\/v2\/posts\/6750"}],"collection":[{"href":"https:\/\/quasarcomunicacion.com.ar\/web\/wp-json\/wp\/v2\/posts"}],"about":[{"href":"https:\/\/quasarcomunicacion.com.ar\/web\/wp-json\/wp\/v2\/types\/post"}],"author":[{"embeddable":true,"href":"https:\/\/quasarcomunicacion.com.ar\/web\/wp-json\/wp\/v2\/users\/2"}],"replies":[{"embeddable":true,"href":"https:\/\/quasarcomunicacion.com.ar\/web\/wp-json\/wp\/v2\/comments?post=6750"}],"version-history":[{"count":0,"href":"https:\/\/quasarcomunicacion.com.ar\/web\/wp-json\/wp\/v2\/posts\/6750\/revisions"}],"wp:attachment":[{"href":"https:\/\/quasarcomunicacion.com.ar\/web\/wp-json\/wp\/v2\/media?parent=6750"}],"wp:term":[{"taxonomy":"category","embeddable":true,"href":"https:\/\/quasarcomunicacion.com.ar\/web\/wp-json\/wp\/v2\/categories?post=6750"},{"taxonomy":"post_tag","embeddable":true,"href":"https:\/\/quasarcomunicacion.com.ar\/web\/wp-json\/wp\/v2\/tags?post=6750"}],"curies":[{"name":"wp","href":"https:\/\/api.w.org\/{rel}","templated":true}]}}