{"id":6738,"date":"2016-02-02T14:53:51","date_gmt":"2016-02-02T17:53:51","guid":{"rendered":"https:\/\/quasarcomunicacion.com.ar\/web\/?p=6738"},"modified":"2016-02-02T14:53:51","modified_gmt":"2016-02-02T17:53:51","slug":"convocan-a-emprendedores-para-la-octava-edicion-de-pilar-de-feria-en-la-fabrica-2","status":"publish","type":"post","link":"https:\/\/quasarcomunicacion.com.ar\/web\/convocan-a-emprendedores-para-la-octava-edicion-de-pilar-de-feria-en-la-fabrica-2\/","title":{"rendered":"Convocan a emprendedores para la octava edici\u00f3n de Pilar de Feria en \u00abLa F\u00e1brica\u00bb"},"content":{"rendered":"<p style=\"text-align: left;\" align=\"center\"><span style=\"font-family: Verdana; font-size: small;\">Se viene la<b> VIII edici\u00f3n de Pilar de Feria \u00abLa F\u00e1brica\u00bb <\/b>el pr\u00f3ximo s\u00e1bado 13 de febrero de 14 a 20 hs en La F\u00e1brica Centro Cultural y de Eventos <\/span> <span style=\"font-size: small;\">(<\/span><a href=\"http:\/\/www.pilardeferia.com.ar\/donde.htm\"><span style=\"font-size: small;\">Ambrosetti 633, Bo La Esmeralda, altura Km 50 de ruta y Ramal Pilar ruta Panamericana) ubicada a tres cuadras de Jumbo Pilar.<\/span><\/a><span style=\"font-size: small;\">\u00a0 <\/span> <span style=\"font-family: Verdana; font-size: small;\">Ya est\u00e1 abierta la convocatoria para los emprendedores que deseen participar con espacios desde 250 pesos. Por m\u00e1s informaci\u00f3n completar el formulario del link CONTACTO ingresando en <a href=\"http:\/\/www.pilardeferia.com.ar\/\"> www.pilardeferia.com.ar<\/a> o escribir a <a href=\"mailto:info@pilardeferia.com.ar\"> info@pilardeferia.com.ar<!--more--><\/a><\/span><b> <\/b><\/p>\n<p><a style=\"font-family: Verdana; font-size: small;\" href=\"https:\/\/quasarcomunicacion.com.ar\/web\/wp-content\/uploads\/2016\/02\/lafabrica1.gif\"><img class=\"aligncenter\" alt=\"lafabrica1\" src=\"https:\/\/quasarcomunicacion.com.ar\/web\/wp-content\/uploads\/2016\/02\/lafabrica1.gif\" \/><\/a><\/p>\n<p align=\"left\"><span style=\"font-family: Verdana; font-size: small;\">La organizaci\u00f3n de esta octava edici\u00f3n surgi\u00f3 como una necesidad de satisfacer la demanda del sector. \u00abEn los encuentros organizados por Pilar Emprende y seg\u00fan el resultado de una encuesta realizada a m\u00e1s de 400 emprendedores que participaron de las actividades llevadas a cabo durante 2015, la necesidad de espacios para exhibir y vender los productos es una de las prioridades de los emprendedores de la zona\u00bb, aseguraron desde la organizaci\u00f3n.<\/span><\/p>\n<p align=\"left\">\u00a0<b><span style=\"text-decoration: underline;\"><span style=\"font-size: small;\">Qui\u00e9nes pueden participar<\/span><\/span><\/b><\/p>\n<p><b> <span style=\"font-size: small;\">Expositores de todo el pa\u00eds<\/span><\/b><\/p>\n<p><b> <span style=\"font-size: small;\">ARTESANOS<\/span><\/b><span style=\"font-size: small;\"> que trabajen con distintas t\u00e9cnicas como Cer\u00e1mica, Porcelana Fr\u00eda, Goma Eva, Tejidos, Madera, Bijou, Velas, Pintura sobre cualquier superficie, Reciclados, Dulces, Conservas, Licores, Cocina Artesanal, Indumentaria, Cuero, Telar, Crochet, Bijouterie, Tejidos de punto, Manualidades, Velas, Jabones Artesanales, Fragancias, Vitrofusi\u00f3n, Yeso, Souvenirs, Sublimaci\u00f3n en general, Marroquiner\u00eda, Decoupage &#8211; Madera Tallada y productos de decoraci\u00f3n, etc.<\/span><\/p>\n<p><b> <span style=\"font-size: small;\">ARTISTAS<\/span><\/b><span style=\"font-size: small;\"> de las distintas expresiones, cantantes, escritores, pintura, etc<\/span><\/p>\n<p><b> <span style=\"font-size: small;\">DISE\u00d1ADORES<\/span><\/b><span style=\"font-size: small;\">: de Indumentaria de ni\u00f1os, femenina, y masculina. Calzado, accesorios, carteras, muebles, objetos de dise\u00f1o, etc.<\/span><span style=\"font-size: small;\">\u00a0<\/span><\/p>\n<p><span style=\"color: #141823; font-size: small;\"> \u00a0<\/span><span style=\"font-size: small;\">No se permite venta de art\u00edculos usados <\/span> <span style=\"font-size: small;\">excepto que revista el car\u00e1cter de antig\u00fcedad<\/span><span style=\"font-size: small;\">.<\/span><\/p>\n<p><b> <span style=\"font-size: small;\">Los interesados ser\u00e1n sometidos a una selecci\u00f3n por parte de la organizaci\u00f3n para asegurar que se ajusten al reglamento de la feria<\/span><\/b><\/p>\n<p><span style=\"font-size: small;\">Una vez que el comit\u00e9 organizador aprueba la participaci\u00f3n del expositor, se proceder\u00e1 a la confirmaci\u00f3n de la reserva por el medio de pago elegido.<\/span><\/p>\n<p><span style=\"font-size: small;\">Pueden visitar v\u00eda Internet la p\u00e1gina oficial de la feria,<\/span><span style=\"font-size: small;\">\u00a0<\/span><a href=\"http:\/\/www.pilardeferia.com.ar\/\"><span style=\"font-size: small;\">www.pilardeferia.com.ar<\/span><\/a><span style=\"font-size: small;\">\u00a0<\/span><span style=\"font-size: small;\">y <\/span><\/p>\n<p><span style=\"font-size: small;\">Por im\u00e1genes y m\u00e1s info ingresar en <\/span> <a href=\"http:\/\/www.facebook.com\/pilardeferia\"> <span style=\"font-size: small;\">www.facebook.com\/pilardeferia<\/span><\/a><\/p>\n<p><b> <span style=\"font-size: small;\">Contacto<\/span><\/b><span style=\"font-size: small;\">: Cel.: 011.15.6742.7635 o <a href=\"mailto:info@pilardeferia.com.ar\"> info@pilardeferia.com.ar<\/a><\/span><\/p>\n<p>&nbsp;<\/p>\n<p><b><span style=\"text-decoration: underline;\"> <span style=\"font-size: small;\">Qu\u00e9 se ofrece<\/span><\/span><\/b><\/p>\n<p><b> <span style=\"font-size: small;\">Pilar de Feria \u201cLa F\u00e1brica<\/span><\/b><span style=\"font-size: small;\">\u201d tendr\u00e1 lugar en este centro cultural y eventos ubicado en Km 50 con f\u00e1cil acceso desde Panamericana Ramal Pilar y desde Ruta 8, a tres cuadras de Jumbo Pilar.<\/span><\/p>\n<p><span style=\"font-size: small;\">Adem\u00e1s, durante el evento habr\u00e1 actividades abiertas y gratuitas para toda la familia con la participaci\u00f3n de los Artistas Organizados de Pilar, un espacio destinado a los Autores Locales que presentar\u00e1n y vender\u00e1n sus libros; la Asociaci\u00f3n Patrimonio Natural estar\u00e1 con su stand de plantas nativas del Vivero El Cachafaz; habr\u00e1 una exhibici\u00f3n y talleres de mandalas a beneficio del Comedor Confiar; desde la Direcci\u00f3n de Consumo Responsable capacitar\u00e1n sobre la tem\u00e1tica; los amantes de las mascotas podr\u00e1n adoptar una de la mano de Luceritos de Derqui y mucho m\u00e1s para pasar una tarde en familia.\u00a0 <\/span><\/p>\n<p><span style=\"font-size: small;\">El lugar ofrece espacio cubierto en sus salones y espacio al aire libre en el amplio parque. Adem\u00e1s cuenta con estacionamiento, sanitarios y espacio gastron\u00f3mico, entre otros servicios.<\/span><\/p>\n<p><span style=\"font-size: small;\">Para difundir la participaci\u00f3n de los emprendedores, se confeccionar\u00e1 un cat\u00e1logo con los datos de los expositores (ver ejemplos <\/span> <a href=\"http:\/\/www.pilardeferia.com.ar\/catalogo.htm\"> <span style=\"font-size: small;\">http:\/\/www.pilardeferia.com.ar\/catalogo.htm<\/span><\/a><span style=\"font-size: small;\">) que le permitir\u00e1 a los expositores darse a conocer antes, durante y despu\u00e9s de la feria<\/span><\/p>\n<p><span style=\"font-size: small;\">Tambi\u00e9n se armar\u00e1 una cuponera de descuentos para que los visitantes aprovechen las promociones de cada stand.\u00a0 <\/span><\/p>\n<p><span style=\"font-size: small;\">Por otro lado, los expositores contaron con una CAPACITACI\u00d3N SIN CARGO sobre \u00ab\u00bfC\u00f3mo me preparo para participar en una feria?\u00bb para que puedan aprender c\u00f3mo aprovechar de la mejor manera posible su paso por el evento.<\/span><\/p>\n<p><span style=\"font-size: small;\">Tambi\u00e9n recibir\u00e1n asesoramiento para sacarle el mayor r\u00e9dito a tu presencia en<b> Pilar de Feria\u00a0 <\/b> <\/span><\/p>\n<p><span style=\"font-size: small;\"> Acerca de Pilar de Feria<\/span><\/p>\n<p><span style=\"font-size: xx-small;\">Esta es la octava edici\u00f3n de<b> Pilar de Feria<\/b> (mir\u00e1 todas las ediciones en <\/span> <a href=\"http:\/\/www.pilardeferia.com.ar\/ediciones.htm\"> <span style=\"font-size: xx-small;\">http:\/\/www.pilardeferia.com.ar\/ediciones.htm<\/span><\/a><span style=\"font-size: xx-small;\">). El equipo de <b>Pilar de Feria <\/b>viene organizando este tipo de eventos desde 2011 cuando realizaron<b> Pilar de Feria Navidad<\/b>, luego la edici\u00f3n Verano en 2012. M\u00e1s tarde dos ediciones en Pilar Point (\u201cDe Shopping\u201d y \u201cArtesan\u00edas, Arte y Dise\u00f1o D\u00eda de la Madre\u201d) para terminar el 2012 con la Edici\u00f3n Navidad. En 2015 realizaron la edici\u00f3n \u201cEmprendedores\u201d y \u201cShowroom\u201d en Galer\u00eda Site Zen. <\/span><\/p>\n<p><b> <span style=\"font-size: xx-small;\">Pilar de Feria<\/span><\/b><span style=\"font-size: xx-small;\"> es un evento peri\u00f3dico y tem\u00e1tico\u00a0 posee diversos t\u00f3picos. La entrada siempre es libre y gratuita para todo el p\u00fablico y el objetivo es darle a los emprendedores un lugar para la exhibici\u00f3n y venta de sus productos.<\/span><\/p>\n<p><span style=\"font-size: xx-small;\">Como signo distintivo, a la muestra de productos y servicios se le agregan eventos y herramientas que se le otorgan a los emprendedores como valor agregado para convertirse en una excelente herramienta de marketing, difusi\u00f3n y venta. Adem\u00e1s, de un recomendable paseo en familia. <\/span><\/p>\n<p><span style=\"font-size: xx-small;\">Los emprendedores, adem\u00e1s del apoyo en la difusi\u00f3n de su actividad reciben capacitaci\u00f3n, tips y consejos brindados por expertos en la materia<\/span><\/p>\n<p><span style=\"font-size: small;\"><b><i><span style=\"font-family: Arial;\">Por otras im\u00e1genes, audios o entrevistas no dude en contactarse<\/span><\/i><\/b><\/span><\/p>\n<p align=\"center\"><span style=\"font-size: small;\"><b><i> Contactos de Prensa<\/i><\/b><\/span><\/p>\n<div align=\"left\">\n<table width=\"100%\" border=\"1\" cellpadding=\"2\" align=\"left\">\n<tbody>\n<tr>\n<td align=\"center\" width=\"50%\">\n<p align=\"left\"><span style=\"font-size: medium;\"><strong><span style=\"color: #808080; font-family: Arial; font-size: small;\"> Candela Villanueva &#8211; Asistente de Cuentas<\/p>\n<p><\/span> <\/strong><\/span> <span style=\"font-size: xx-small;\"><span style=\"color: #ff0000;\"> Directo<\/span><b>: <\/b> 0230<\/span><span style=\"font-size: xx-small;\">-4664772<br \/>\n<\/span><span style=\"color: #ff0000; font-size: xx-small;\"> Skype:<\/span><span style=\"font-size: xx-small;\"> quasarcomunicacion<br \/>\n<\/span><span style=\"color: #ff0000; font-size: xx-small;\"> Twitter:<\/span><span style=\"font-size: xx-small;\"> @quasarpilar<br \/>\n<\/span><span style=\"color: #ff0000; font-size: xx-small;\"> Gr<\/span><span style=\"color: #ff0000; font-size: xx-small;\">upo y p\u00e1gina en Facebook: <\/span> <span style=\"color: #808080; font-size: xx-small;\">www.facebook.com\/<\/span><a href=\"mailto:mfipata@gmail.com\"><span style=\"font-size: xx-small;\">Quasar<\/span><\/a><span style=\"font-size: xx-small;\">Comunicacion<br \/>\n<\/span><span style=\"color: #ff0000; font-size: xx-small;\"> Web:<\/span><b><\/b> <a href=\"http:\/\/www.quasarcomunicacion.com.ar\/\"> <span style=\"font-size: xx-small;\">www.quasarcomunicacion.com.ar<\/span><\/a><\/p>\n<p align=\"left\"><span style=\"font-size: xx-small;\"> <span style=\"color: #ff0000;\">Mail<\/span><b>:<\/b><\/span><span style=\"font-size: xx-small;\"> <a href=\"mailto:fernanda@quasarcomunicacion.com.ar\"> candela<\/a><a href=\"mailto:fernanda@quasarcomunicacion.com.ar\">@quasarcomunicacion.com.ar<\/a><\/span><\/p>\n<\/td>\n<td align=\"center\" width=\"50%\">\n<p align=\"right\"><span style=\"font-size: medium;\"><strong> <span style=\"color: #808080; font-family: Arial; font-size: small;\"> Lic. Mar\u00eda Fernanda Ipata &#8211; Directora<br \/>\n<\/span> <\/strong><\/span> <span style=\"font-size: xx-small;\"><span style=\"color: #ff0000;\"><br \/>\nDirecto<\/span><b>: <\/b> 0230<\/span><span style=\"font-size: xx-small;\">-4664772<\/span><span style=\"font-size: xx-small;\"><br \/>\n<\/span><span style=\"font-size: xx-small;\"> <span style=\"color: #ff0000;\">M\u00f3vil:<\/span><b> <\/b> 0230<\/span><span style=\"font-size: xx-small;\">-15-4584535<br \/>\n011-15-6096-4656 ID 558*3763<br \/>\n<\/span><span style=\"color: #ff0000; font-size: xx-small;\"> Skype:<\/span><span style=\"font-size: xx-small;\"> quasarcomunicacion<br \/>\n<\/span><span style=\"color: #ff0000; font-size: xx-small;\"> Twitter:<\/span><span style=\"font-size: xx-small;\"> @quasarpilar<br \/>\n<\/span><span style=\"color: #ff0000; font-size: xx-small;\"> Gr<\/span><span style=\"color: #ff0000; font-size: xx-small;\">upo y p\u00e1gina en Facebook: <\/span> <span style=\"color: #808080; font-size: xx-small;\">www.facebook.com\/<\/span><a href=\"mailto:mfipata@gmail.com\"><span style=\"font-size: xx-small;\">Quasar<\/span><\/a><span style=\"font-size: xx-small;\">Comunicacion<br \/>\n<\/span><span style=\"font-size: xx-small;\"> <span style=\"color: #ff0000;\">LinkedIn<\/span><b>:\u00a0 <\/b><\/span> <span style=\"font-size: xx-small;\"><b> <a href=\"http:\/\/www.linkedin.com\/in\/mfipata\"> http:\/\/www.linkedin.com\/in\/mfipata<\/a><\/b><\/span><span style=\"font-size: xx-small;\"><br \/>\n<\/span><span style=\"color: #ff0000; font-size: xx-small;\"> Web:<\/span><b><\/b> <a href=\"http:\/\/www.quasarcomunicacion.com.ar\/\"> <span style=\"font-size: xx-small;\">www.quasarcomunicacion.com.ar<\/span><\/a><span style=\"font-size: xx-small;\"><br \/>\n<\/span><span style=\"font-size: xx-small;\"> <span style=\"color: #ff0000;\">Mail<\/span><b>:<\/b><\/span><span style=\"font-size: xx-small;\"><a href=\"mailto:fernanda@quasarcomunicacion.com.ar\"> fernanda@quasarcomunicacion.com.ar<\/a><\/span><\/p>\n<\/td>\n<\/tr>\n<\/tbody>\n<\/table>\n<\/div>\n","protected":false},"excerpt":{"rendered":"<p>Se viene la VIII edici\u00f3n de Pilar de Feria \u00abLa F\u00e1brica\u00bb el pr\u00f3ximo s\u00e1bado 13 de febrero de 14 a [&hellip;]<\/p>\n","protected":false},"author":2,"featured_media":6739,"comment_status":"open","ping_status":"open","sticky":false,"template":"","format":"standard","meta":[],"categories":[2],"tags":[],"_links":{"self":[{"href":"https:\/\/quasarcomunicacion.com.ar\/web\/wp-json\/wp\/v2\/posts\/6738"}],"collection":[{"href":"https:\/\/quasarcomunicacion.com.ar\/web\/wp-json\/wp\/v2\/posts"}],"about":[{"href":"https:\/\/quasarcomunicacion.com.ar\/web\/wp-json\/wp\/v2\/types\/post"}],"author":[{"embeddable":true,"href":"https:\/\/quasarcomunicacion.com.ar\/web\/wp-json\/wp\/v2\/users\/2"}],"replies":[{"embeddable":true,"href":"https:\/\/quasarcomunicacion.com.ar\/web\/wp-json\/wp\/v2\/comments?post=6738"}],"version-history":[{"count":0,"href":"https:\/\/quasarcomunicacion.com.ar\/web\/wp-json\/wp\/v2\/posts\/6738\/revisions"}],"wp:featuredmedia":[{"embeddable":true,"href":"https:\/\/quasarcomunicacion.com.ar\/web\/wp-json\/wp\/v2\/media\/6739"}],"wp:attachment":[{"href":"https:\/\/quasarcomunicacion.com.ar\/web\/wp-json\/wp\/v2\/media?parent=6738"}],"wp:term":[{"taxonomy":"category","embeddable":true,"href":"https:\/\/quasarcomunicacion.com.ar\/web\/wp-json\/wp\/v2\/categories?post=6738"},{"taxonomy":"post_tag","embeddable":true,"href":"https:\/\/quasarcomunicacion.com.ar\/web\/wp-json\/wp\/v2\/tags?post=6738"}],"curies":[{"name":"wp","href":"https:\/\/api.w.org\/{rel}","templated":true}]}}