{"id":6720,"date":"2016-01-15T13:00:31","date_gmt":"2016-01-15T16:00:31","guid":{"rendered":"https:\/\/quasarcomunicacion.com.ar\/web\/?p=6720"},"modified":"2016-01-15T13:00:31","modified_gmt":"2016-01-15T16:00:31","slug":"charla-gratuita-como-me-preparo-para-participar-en-una-feria","status":"publish","type":"post","link":"https:\/\/quasarcomunicacion.com.ar\/web\/charla-gratuita-como-me-preparo-para-participar-en-una-feria\/","title":{"rendered":"Charla Gratuita \u00ab\u00bfC\u00f3mo me preparo para participar en una feria?\u00bb"},"content":{"rendered":"<p style=\"text-align: left;\" align=\"center\"><span style=\"font-family: Verdana; font-size: small;\"><i>\u00a0<\/i>El pr\u00f3ximo mi\u00e9rcoles 27 de enero a las 9 hs, <b>Pilar de Feria <\/b>brindar\u00e1 la <span style=\"text-decoration: underline;\"><b>Charla Gratuita \u00ab\u00bfC\u00f3mo me preparo para participar en una feria?\u00bb <\/b> <\/span>en <b>La F\u00e1brica Centro cultural y de Eventos<\/b> <\/span> <span style=\"font-size: small;\">(<\/span><span style=\"font-size: small;\"><a href=\"http:\/\/www.pilardeferia.com.ar\/donde.htm\">Ambrosetti 633, Bo La Esmeralda, altura Km 50 de ruta y Ramal Pilar ruta Panamericana) <\/a> <a href=\"http:\/\/www.pilardeferia.com.ar\/donde.htm\">ubicada a tres cuadras de Jumbo Pilar.<\/a>\u00a0 De la capacitaci\u00f3n podr\u00e1n participar t<\/span><span style=\"font-size: small;\">odos aquellos que comercializan sus productos en ferias y quieran aprender m\u00e1s sobre la tem\u00e1tica. Inscripci\u00f3n gratuita enviando sus datos a <a href=\"mailto:info@pilardeferia.com.ar\"> info@pilardeferia.com.ar<\/a> o completando el siguiente formulario <a href=\"http:\/\/emprenderhoy.com.ar\/prepararseparaunaferia.html\"> http:\/\/emprenderhoy.com.ar\/prepararseparaunaferia.html<!--more--><\/a><\/span><\/p>\n<p align=\"left\"><a href=\"https:\/\/quasarcomunicacion.com.ar\/web\/wp-content\/uploads\/2016\/01\/charla.gif\"><img class=\"aligncenter\" alt=\"charla\" src=\"https:\/\/quasarcomunicacion.com.ar\/web\/wp-content\/uploads\/2016\/01\/charla.gif\" \/><\/a><\/p>\n<p align=\"left\"><span style=\"font-size: small;\">La charla abierta a toda la comunidad tendr\u00e1 lugar en el bar de La F\u00e1brica donde los asistentes podr\u00e1n disfrutar del Coffee Break, la capacitaci\u00f3n y un espacio de networking. <\/span><\/p>\n<p align=\"left\"><span style=\"font-size: small;\"> Adem\u00e1s, se presentar\u00e1 <b>Pilar de Feria \u00abLa F\u00e1brica\u00bb <\/b>que tendr\u00e1 lugar el s\u00e1bado 13 de febrero en el predio, ofreciendo espacios cubiertos y al aire libre. La convocatoria ya est\u00e1 abierta y podr\u00e1n recibir m\u00e1s informaci\u00f3n dejando sus datos en <a href=\"http:\/\/www.pilardeferia.com.ar\/contacto.htm\"> www.pilardeferia.com.ar\/contacto.htm<\/a> o enviando un mail a <a href=\"mailto:info@pilardeferia.com.ar\">info@pilardeferia.com.ar<\/a> <\/span><\/p>\n<p align=\"left\"><span style=\"font-size: small;\"> Durante la capacitaci\u00f3n se hablar\u00e1 de las Ferias como herramientas de marketing; la Planificaci\u00f3n de la presencia en una Feria; \u00bfC\u00f3mo elegir una feria?; Tips para el \u00e9xito del paso por la feria; \u00bfC\u00f3mo comunicar mi presencia en la feria?; preparaci\u00f3n del material promocional de mi stand; claves para la venta exitosa: antes, durante y despu\u00e9s y mucho m\u00e1s. <\/span><\/p>\n<p><span style=\"font-size: small;\"> Acerca de Pilar de Feria<\/span><\/p>\n<p><span style=\"font-size: xx-small;\">Esta es la octava edici\u00f3n que organizan de<b> Pilar de Feria<\/b> (mir\u00e1 todas las ediciones en <\/span> <a href=\"http:\/\/www.pilardeferia.com.ar\/ediciones.htm\"> <span style=\"font-size: xx-small;\">http:\/\/www.pilardeferia.com.ar\/ediciones.htm<\/span><\/a><span style=\"font-size: xx-small;\">). El equipo de <b>Pilar de Feria <\/b>viene organizando este tipo de eventos desde 2011 cuando realizaron<b> Pilar de Feria Navidad<\/b>, luego la edici\u00f3n Verano en 2012. M\u00e1s tarde dos ediciones en Pilar Point (\u201cDe Shopping\u201d y \u201cArtesan\u00edas, Arte y Dise\u00f1o D\u00eda de la Madre\u201d) para terminar el 2012 con la Edici\u00f3n Navidad. En 2015 realizaron la edici\u00f3n \u201cEmprendedores\u201d y \u201cShowroom\u201d en Galer\u00eda Site Zen. <\/span><\/p>\n<p><b><span style=\"font-size: xx-small;\">Pilar de Feria<\/span><\/b><span style=\"font-size: xx-small;\"> es un evento peri\u00f3dico y tem\u00e1tico\u00a0 posee diversos t\u00f3picos. La entrada siempre es libre y gratuita para todo el p\u00fablico y el objetivo es darle a los emprendedores un lugar para la exhibici\u00f3n y venta de sus productos.<\/span><\/p>\n<p><span style=\"font-size: xx-small;\">Como signo distintivo, a la muestra de productos y servicios se le agregan eventos y herramientas que se le otorgan a los emprendedores como valor agregado para convertirse en una excelente herramienta de marketing, difusi\u00f3n y venta. Adem\u00e1s, de un recomendable paseo en familia. <\/span><\/p>\n<p><span style=\"font-size: xx-small;\">Los emprendedores, adem\u00e1s del apoyo en la difusi\u00f3n de su actividad reciben capacitaci\u00f3n, tips y consejos brindados por expertos en la materia<\/span><\/p>\n<p><span style=\"font-size: small;\"><b><i><span style=\"font-family: Arial;\">Por otras im\u00e1genes, audios o entrevistas no dude en contactarse<\/span><\/i><\/b><\/span><\/p>\n<p align=\"center\"><span style=\"font-size: small;\"><b><i> Contactos de Prensa<\/i><\/b><\/span><\/p>\n<div align=\"left\">\n<table width=\"100%\" border=\"1\" cellpadding=\"2\" align=\"left\">\n<tbody>\n<tr>\n<td align=\"center\" width=\"50%\">\n<p align=\"left\"><strong> <span style=\"color: #ff0000; font-family: Arial; font-size: small;\">Camila Sarmiento<\/span><\/strong><span style=\"font-size: medium;\"><strong><span style=\"color: #808080; font-family: Arial; font-size: small;\"> &#8211; Asistente de Cuentas<\/p>\n<p><\/span> <\/strong><\/span> <span style=\"font-size: xx-small;\"><span style=\"color: #ff0000;\"> Directo<\/span><b>: <\/b> 0230<\/span><span style=\"font-size: xx-small;\">-4664772<br \/>\n<\/span><span style=\"color: #ff0000; font-size: xx-small;\"> Skype:<\/span><span style=\"font-size: xx-small;\"> quasarcomunicacion<br \/>\n<\/span><span style=\"color: #ff0000; font-size: xx-small;\"> Twitter:<\/span><span style=\"font-size: xx-small;\"> @quasarpilar<br \/>\n<\/span><span style=\"color: #ff0000; font-size: xx-small;\"> Gr<\/span><span style=\"color: #ff0000; font-size: xx-small;\">upo y p\u00e1gina en Facebook: <\/span> <span style=\"color: #808080; font-size: xx-small;\">www.facebook.com\/<\/span><a href=\"mailto:mfipata@gmail.com\"><span style=\"font-size: xx-small;\">Quasar<\/span><\/a><span style=\"font-size: xx-small;\">Comunicacion<br \/>\n<\/span><span style=\"color: #ff0000; font-size: xx-small;\"> Web:<\/span><b><\/b> <a href=\"http:\/\/www.quasarcomunicacion.com.ar\/\"> <span style=\"font-size: xx-small;\">www.quasarcomunicacion.com.ar<\/span><\/a><\/p>\n<p align=\"left\"><span style=\"font-size: xx-small;\"> <span style=\"color: #ff0000;\">Mail<\/span><b>:<\/b><\/span><span style=\"font-size: xx-small;\"> <a href=\"mailto:fernanda@quasarcomunicacion.com.ar\"> asistente@quasarcomunicacion.com.ar<\/a><\/span><\/p>\n<\/td>\n<td align=\"center\" width=\"50%\">\n<p align=\"right\"><span style=\"font-size: medium;\"><strong> <span style=\"color: #808080; font-family: Arial; font-size: small;\"> Lic. Mar\u00eda Fernanda Ipata &#8211; Directora<br \/>\n<\/span> <\/strong><\/span> <span style=\"font-size: xx-small;\"><span style=\"color: #ff0000;\"><br \/>\nDirecto<\/span><b>: <\/b> 0230<\/span><span style=\"font-size: xx-small;\">-4664772<\/span><span style=\"font-size: xx-small;\"><br \/>\n<\/span><span style=\"font-size: xx-small;\"> <span style=\"color: #ff0000;\">M\u00f3vil:<\/span><b> <\/b> 0230<\/span><span style=\"font-size: xx-small;\">-15-4584535<br \/>\n011-15-6096-4656 ID 558*3763<br \/>\n<\/span><span style=\"color: #ff0000; font-size: xx-small;\"> Skype:<\/span><span style=\"font-size: xx-small;\"> quasarcomunicacion<br \/>\n<\/span><span style=\"color: #ff0000; font-size: xx-small;\"> Twitter:<\/span><span style=\"font-size: xx-small;\"> @quasarpilar<br \/>\n<\/span><span style=\"color: #ff0000; font-size: xx-small;\"> Gr<\/span><span style=\"color: #ff0000; font-size: xx-small;\">upo y p\u00e1gina en Facebook: <\/span> <span style=\"color: #808080; font-size: xx-small;\">www.facebook.com\/<\/span><a href=\"mailto:mfipata@gmail.com\"><span style=\"font-size: xx-small;\">Quasar<\/span><\/a><span style=\"font-size: xx-small;\">Comunicacion<br \/>\n<\/span><span style=\"font-size: xx-small;\"> <span style=\"color: #ff0000;\">LinkedIn<\/span><b>:\u00a0 <\/b><\/span> <span style=\"font-size: xx-small;\"><b> <a href=\"http:\/\/www.linkedin.com\/in\/mfipata\"> http:\/\/www.linkedin.com\/in\/mfipata<\/a><\/b><\/span><span style=\"font-size: xx-small;\"><br \/>\n<\/span><span style=\"color: #ff0000; font-size: xx-small;\"> Web:<\/span><b><\/b> <a href=\"http:\/\/www.quasarcomunicacion.com.ar\/\"> <span style=\"font-size: xx-small;\">www.quasarcomunicacion.com.ar<\/span><\/a><span style=\"font-size: xx-small;\"><br \/>\n<\/span><span style=\"font-size: xx-small;\"> <span style=\"color: #ff0000;\">Mail<\/span><b>:<\/b><\/span><span style=\"font-size: xx-small;\"><a href=\"mailto:fernanda@quasarcomunicacion.com.ar\"> fernanda@quasarcomunicacion.com.ar<\/a><\/span><\/p>\n<\/td>\n<\/tr>\n<\/tbody>\n<\/table>\n<\/div>\n","protected":false},"excerpt":{"rendered":"<p>\u00a0El pr\u00f3ximo mi\u00e9rcoles 27 de enero a las 9 hs, Pilar de Feria brindar\u00e1 la Charla Gratuita \u00ab\u00bfC\u00f3mo me preparo [&hellip;]<\/p>\n","protected":false},"author":2,"featured_media":6721,"comment_status":"open","ping_status":"open","sticky":false,"template":"","format":"standard","meta":[],"categories":[2],"tags":[],"_links":{"self":[{"href":"https:\/\/quasarcomunicacion.com.ar\/web\/wp-json\/wp\/v2\/posts\/6720"}],"collection":[{"href":"https:\/\/quasarcomunicacion.com.ar\/web\/wp-json\/wp\/v2\/posts"}],"about":[{"href":"https:\/\/quasarcomunicacion.com.ar\/web\/wp-json\/wp\/v2\/types\/post"}],"author":[{"embeddable":true,"href":"https:\/\/quasarcomunicacion.com.ar\/web\/wp-json\/wp\/v2\/users\/2"}],"replies":[{"embeddable":true,"href":"https:\/\/quasarcomunicacion.com.ar\/web\/wp-json\/wp\/v2\/comments?post=6720"}],"version-history":[{"count":0,"href":"https:\/\/quasarcomunicacion.com.ar\/web\/wp-json\/wp\/v2\/posts\/6720\/revisions"}],"wp:featuredmedia":[{"embeddable":true,"href":"https:\/\/quasarcomunicacion.com.ar\/web\/wp-json\/wp\/v2\/media\/6721"}],"wp:attachment":[{"href":"https:\/\/quasarcomunicacion.com.ar\/web\/wp-json\/wp\/v2\/media?parent=6720"}],"wp:term":[{"taxonomy":"category","embeddable":true,"href":"https:\/\/quasarcomunicacion.com.ar\/web\/wp-json\/wp\/v2\/categories?post=6720"},{"taxonomy":"post_tag","embeddable":true,"href":"https:\/\/quasarcomunicacion.com.ar\/web\/wp-json\/wp\/v2\/tags?post=6720"}],"curies":[{"name":"wp","href":"https:\/\/api.w.org\/{rel}","templated":true}]}}