{"id":6674,"date":"2015-12-30T13:20:46","date_gmt":"2015-12-30T16:20:46","guid":{"rendered":"https:\/\/quasarcomunicacion.com.ar\/web\/?p=6674"},"modified":"2015-12-30T13:20:46","modified_gmt":"2015-12-30T16:20:46","slug":"charlas-gratuitas-en-la-sucursal-flores-de-decomobi","status":"publish","type":"post","link":"https:\/\/quasarcomunicacion.com.ar\/web\/charlas-gratuitas-en-la-sucursal-flores-de-decomobi\/","title":{"rendered":"Charlas gratuitas en la Sucursal Flores de DECOmobi"},"content":{"rendered":"<p style=\"text-align: left;\" align=\"left\"><strong> <a href=\"https:\/\/quasarcomunicacion.com.ar\/web\/wp-content\/uploads\/2014\/08\/decomobi.gif\"><img class=\"alignright\" alt=\"decomobi\" src=\"https:\/\/quasarcomunicacion.com.ar\/web\/wp-content\/uploads\/2014\/08\/decomobi.gif\" \/><\/a><\/strong><span style=\"font-family: Verdana; font-size: small;\"><b>DECOmobi \u201cEscuelas de Decoraci\u00f3n\u201d <\/b>contin\u00faa con sus actividades durante el verano en sus sucursales ofreciendo charlas informativas <span style=\"text-decoration: underline;\"><b>GRATUITAS y abiertas a la comunidad<\/b><\/span>. En esta oportunidad, en la sucursal Flores se brindar\u00e1n dos charlas: el 6 y 13 de enero, a las 19 hs: <i>\u201cDise\u00f1o de locales comerciales y vidrieras\u201d <\/i>y el 20 y 27 de enero, a las 19 hs: <i>\u201cVisitando ferias de dise\u00f1o: Casa FOA y Casa Cor\u201d<\/i>. Ambas charlas estar\u00e1n a cargo del vidrierista iluminador, Fernando Mazzetti, director de la Sucursal Flores (Pedernera 141 C.A.B.A.) Informes e inscripci\u00f3n: (011) 15-6336-9216 \/ (011) 4703-4994, o <a href=\"mailto:info@decomobi.com.ar\"> info@decomobi.com.ar<!--more--><\/a><\/span><\/p>\n<p align=\"left\"><span style=\"font-family: Verdana; font-size: small;\">Durante las charlas gratuitas, el p\u00fablico asistente se podr\u00e1 interiorizar de los cursos que brinda la instituci\u00f3n y asesorarse respecto de la inscripci\u00f3n al curso Decoraci\u00f3n de Interiores 2016-2017 <\/span><\/p>\n<p align=\"left\"><span style=\"font-family: Verdana; font-size: small;\">Los que asistan, y deseen inscribirse en el curso ser\u00e1n beneficiados con un 10% de descuento en el costo de la matr\u00edcula (transferible)<\/span><\/p>\n<p align=\"left\"><span style=\"font-family: Verdana; font-size: small;\">El curso de Decoraci\u00f3n de Interiores se dicta en las 10 sucursales y tiene una duraci\u00f3n de dos a\u00f1os con una \u00fanica clase semanal de tres horas. La cuota incluye apuntes y materiales de estudio.<\/span><\/p>\n<p align=\"left\"><span style=\"font-family: Verdana; font-size: small;\">Con este sistema innovador de cursada, las clases no se pierden por ning\u00fan motivo. Si no pueden dictarse el d\u00eda fijado, por feriado u otro motivo, se recupera en fecha a convenir en cada caso con los alumnos.<br \/>\nEl alumno recibe en clase lo que necesita (la mayor\u00eda de los elementos de trabajo est\u00e1n incluidos en la cuota). Los apuntes para el curso est\u00e1n hechos especialmente por los propios profesores. No hay que comprar libros, ni sacar fotocopias. <\/span><\/p>\n<p align=\"left\"><span style=\"font-family: Verdana; font-size: small;\">Adem\u00e1s del curso propiamente dicho, para quienes disponen de un poco m\u00e1s de tiempo, ofrecen otras actividades (seminarios, visitas a museos y exposiciones, etc.) que realizan fuera de horario de clases para reforzar lo aprendido. Las sucursales m\u00e1s lejanas, organizan charters para visitar, siempre con la gu\u00eda de los docentes, museos de Estilo y exposiciones, como Casa FOA y Estilo Pilar.<br \/>\nPor otro lado, realizan viajes y visitas al exterior para nutrir a los alumnos de experiencias de otras latitudes. \u00abDurante mucho tiempo, organiz\u00e1bamos viajes de estudio a otros pa\u00edses; en particular, en septiembre de cada a\u00f1o visit\u00e1bamos Londres y Barcelona (algunas veces agregamos Par\u00eds), Brasil (en particular la exposici\u00f3n casa COR en varias ciudades), siempre con un nutrido plan de actividades. Luego de varios a\u00f1os de interrumpir los viajes, por motivos ajenos a nosotros y conocidos por todos, en 2012 pudimos reanudar esta actividad, concretando un intenso e interesant\u00edsimo recorrido por Londres, Par\u00eds y Barcelona\u00bb, aseguran desde la direcci\u00f3n de <b>DECOmobi<\/b>.<\/span><\/p>\n<p align=\"left\"><span style=\"font-family: Verdana; font-size: small;\">Para finalizar, es de destacar que al finalizar el 2do a\u00f1o, los alumnos reciben su Diploma. Quienes lo deseen pueden hacer el Seminario de Ejercitaci\u00f3n Profesional.<\/span><\/p>\n<p><span style=\"font-family: Verdana; font-size: small;\"><b>Acerca de DECOmobi<\/b><\/span><br \/>\n<span style=\"font-family: Verdana; font-size: xx-small;\"><b>DECOmobi \u00abEscuelas de Decoraci\u00f3n\u00bb <\/b>tiene dos cursos principales: uno presencial de dos a\u00f1os de duraci\u00f3n y tres horas semanales de cursada y otro a distancia. Adem\u00e1s de otras actividades relacionadas con el rubro como ser seminarios, talleres, visitas a museos y exposiciones, etc. que se realizan fuera del horario de cursada, muchas de las cuales son abiertas a la comunidad. <\/span><br \/>\n<span style=\"font-family: Verdana; font-size: xx-small;\">La instituci\u00f3n ofrece todos los materiales y apuntes de cursada incluidos en los aranceles, or lo cual el alumno s\u00f3lo deber\u00e1 ocuparse en estudiar y asistir a clase. Pero en este punto, es de destacar que como servicio innovador y altamente valioso, la misma clase se da en todas las sucursales, por lo cual si el alumno no puede asistir a su sucursal de origen, puede recuperar la clase en cualquiera de las 9 sucursales en un nuevo d\u00eda y horario a fin de no perder contenidos.<\/span><br \/>\n<span style=\"font-family: Verdana; font-size: xx-small;\">Por qu\u00e9 Cursos para Gente Ocupada? <b>DECOmobi<\/b> desarroll\u00f3 un sistema de aprendizaje basado en la concentraci\u00f3n durante la clase, para no tener que estudiar de memoria. En las cursadas se aprovecha el tiempo al m\u00e1ximo, e incluso se pueden recuperar las clases que coinciden con feriados. <\/span><br \/>\n<span style=\"font-family: Verdana; font-size: xx-small;\">\u00abUd. est\u00e1 por tomar una decisi\u00f3n muy importante: ESTUDIAR. No importa su edad. No necesita certificado de estudio ni saber dibujar. Haga la prueba! S\u00f3lo con 3 horas semanales, <b>DECOmobi <\/b>le dar\u00e1 las herramientas para aprender Decoraci\u00f3n. Cont\u00e1ctenos\u00bb,\u00a0 invitan desde la instituci\u00f3n que viene ense\u00f1ando s\u00f3lo decoraci\u00f3n desde 1972.<\/span><br \/>\n<b><span style=\"font-family: Verdana; font-size: xx-small;\">Datos de contacto:<\/span><\/b><br \/>\n<a href=\"http:\/\/www.decomobi.com.ar\/\"> <span style=\"font-family: Verdana; font-size: xx-small;\">www.decomobi.com.ar<\/span><\/a><br \/>\n<a href=\"https:\/\/www.facebook.com\/DECOmobi-135018043186557\/\"> <span style=\"font-family: Verdana; font-size: xx-small;\"> https:\/\/www.facebook.com\/DECOmobi-135018043186557\/<\/span><\/a><br \/>\n<a href=\"https:\/\/www.youtube.com\/channel\/UCHHuGw95w43jIJInzXf-gPQ\" target=\"_blank\" rel=\"noopener noreferrer\"> <span style=\"font-family: Verdana; font-size: xx-small;\"> https:\/\/www.youtube.com\/channel\/UCHHuGw95w43jIJInzXf-gPQ<\/span><\/a><br \/>\n<a href=\"mailto:info@decomobi.com.ar\"> <span style=\"font-family: Verdana; font-size: xx-small;\">info@decomobi.com.ar<\/span><\/a><br \/>\n<span style=\"font-family: Verdana; font-size: xx-small;\">(011) 4703-4994, y sucursales (Avellaneda, Bah\u00eda Blanca, La Plata, Pilar, Villa Devoto, Lomas de Zamora, Flores, Luj\u00e1n, Ingeniero Maschwitz y Nu\u00f1ez)<\/span><br \/>\n<b><span style=\"font-family: Verdana; font-size: small;\">Mini CV de Fernando Mazzetti<\/span><\/b><br \/>\n<span style=\"font-family: Verdana; font-size: xx-small;\"> Dise\u00f1ador de interiores, iluminaci\u00f3n y vidrierista.<\/span><br \/>\n<span style=\"font-family: Verdana; font-size: xx-small;\">Desde el a\u00f1o 1986 est\u00e1 involucrado en este \u00e1mbito desde diferentes perspectivas como asesor de ventas, proyectista, dise\u00f1ador de luminarias, dise\u00f1o y direcci\u00f3n de obras. Actualmente se dedica a proyectos de dise\u00f1o interior e iluminaci\u00f3n residencial y comercial.<\/span><br \/>\n<span style=\"font-family: Verdana; font-size: xx-small;\">Director de la sucursal Flores de la Escuela de Decoraci\u00f3n de Interiores \u201c<b>DECOmobi<\/b>\u201d de Buenos Aires y docente del \u00e1rea Dise\u00f1o de Iluminaci\u00f3n.<\/span><br \/>\n<span style=\"font-family: Verdana; font-size: xx-small;\">Dicta seminarios en exposiciones, congresos y universidades en Argentina.<br \/>\nEscribe en revistas especializadas de Argentina, Espa\u00f1a y M\u00e9xico<br \/>\nCreador del grupo en facebook \u201cDise\u00f1o interior e iluminaci\u00f3n\u201d.<\/span><br \/>\n<span style=\"font-family: Verdana; font-size: xx-small;\">Actualmente se dedica a proyectos de dise\u00f1o interior e iluminaci\u00f3n residencial y comercial.\u00a0 <\/span><\/p>\n<p align=\"right\"><span style=\"font-size: small;\"><b><i><span style=\"font-family: Arial;\">Por otras im\u00e1genes, audios o entrevistas no dude en contactarse<\/span><\/i><\/b><\/span><\/p>\n<p align=\"center\"><span style=\"font-size: small;\"><b><i> Contactos de Prensa<\/i><\/b><\/span><\/p>\n<div align=\"left\">\n<table width=\"100%\" border=\"1\" cellpadding=\"2\" align=\"left\">\n<tbody>\n<tr>\n<td width=\"50%\">\n<p align=\"left\"><strong> <span style=\"color: #ff0000; font-family: Arial; font-size: small;\">Mayra Ibarra <\/span><\/strong> <span style=\"font-size: medium;\"><strong> <span style=\"color: #808080; font-family: Arial; font-size: small;\"> &#8211; Asistente de Cuentas<br \/>\n<\/span> <\/strong><\/span> <span style=\"font-size: xx-small;\"><span style=\"color: #ff0000;\"> Directo<\/span><b>: <\/b> 0230<\/span><span style=\"font-size: xx-small;\">-4664772<br \/>\n<\/span><span style=\"color: #ff0000; font-size: xx-small;\"> Skype:<\/span><span style=\"font-size: xx-small;\"> quasarcomunicacion<br \/>\n<\/span><span style=\"color: #ff0000; font-size: xx-small;\"> Twitter:<\/span><span style=\"font-size: xx-small;\"> @quasarpilar<br \/>\n<\/span><span style=\"color: #ff0000; font-size: xx-small;\"> Gr<\/span><span style=\"color: #ff0000; font-size: xx-small;\">upo y p\u00e1gina en Facebook: <\/span> <span style=\"color: #808080; font-size: xx-small;\">www.facebook.com\/<\/span><a href=\"mailto:mfipata@gmail.com\"><span style=\"font-size: xx-small;\">Quasar<\/span><\/a><span style=\"font-size: xx-small;\">Comunicacion<br \/>\n<\/span><span style=\"color: #ff0000; font-size: xx-small;\"> Web:<\/span><b><\/b> <a href=\"http:\/\/www.quasarcomunicacion.com.ar\/\"> <span style=\"font-size: xx-small;\">www.quasarcomunicacion.com.ar<\/span><\/a><\/p>\n<p align=\"left\"><span style=\"font-size: xx-small;\"> <span style=\"color: #ff0000;\">Mail<\/span><b>:<\/b><\/span><span style=\"font-size: xx-small;\"> <a href=\"mailto:fernanda@quasarcomunicacion.com.ar\"> quasar@quasarcomunicacion.com.ar<\/a><\/span><\/p>\n<\/td>\n<td width=\"50%\">\n<p align=\"right\"><span style=\"font-size: medium;\"><strong> <span style=\"color: #808080; font-family: Arial; font-size: small;\"> Lic. Mar\u00eda Fernanda Ipata &#8211; Directora<br \/>\n<\/span> <\/strong><\/span> <span style=\"font-size: xx-small;\"><span style=\"color: #ff0000;\"><br \/>\nDirecto<\/span><b>: <\/b> 0230<\/span><span style=\"font-size: xx-small;\">-4664772<\/span><span style=\"font-size: xx-small;\"><br \/>\n<\/span><span style=\"font-size: xx-small;\"> <span style=\"color: #ff0000;\">M\u00f3vil:<\/span><b> <\/b> 0230<\/span><span style=\"font-size: xx-small;\">-15-4584535<br \/>\n011-15-6096-4656 ID 558*3763<br \/>\n<\/span><span style=\"color: #ff0000; font-size: xx-small;\"> Skype:<\/span><span style=\"font-size: xx-small;\"> quasarcomunicacion<br \/>\n<\/span><span style=\"color: #ff0000; font-size: xx-small;\"> Twitter:<\/span><span style=\"font-size: xx-small;\"> @quasarpilar<br \/>\n<\/span><span style=\"color: #ff0000; font-size: xx-small;\"> Gr<\/span><span style=\"color: #ff0000; font-size: xx-small;\">upo y p\u00e1gina en Facebook: <\/span> <span style=\"color: #808080; font-size: xx-small;\">www.facebook.com\/<\/span><a href=\"mailto:mfipata@gmail.com\"><span style=\"font-size: xx-small;\">Quasar<\/span><\/a><span style=\"font-size: xx-small;\">Comunicacion<br \/>\n<\/span><span style=\"font-size: xx-small;\"> <span style=\"color: #ff0000;\">LinkedIn<\/span><b>:\u00a0 <\/b><\/span> <span style=\"font-size: xx-small;\"><b> <a href=\"http:\/\/www.linkedin.com\/in\/mfipata\"> http:\/\/www.linkedin.com\/in\/mfipata<\/a><\/b><\/span><span style=\"font-size: xx-small;\"><br \/>\n<\/span><span style=\"color: #ff0000; font-size: xx-small;\"> Web:<\/span><b><\/b> <a href=\"http:\/\/www.quasarcomunicacion.com.ar\/\"> <span style=\"font-size: xx-small;\">www.quasarcomunicacion.com.ar<\/span><\/a><span style=\"font-size: xx-small;\"><br \/>\n<\/span><span style=\"font-size: xx-small;\"> <span style=\"color: #ff0000;\">Mail<\/span><b>:<\/b><\/span><span style=\"font-size: xx-small;\"><a href=\"mailto:fernanda@quasarcomunicacion.com.ar\"> fernanda@quasarcomunicacion.com.ar<\/a><\/span><\/p>\n<\/td>\n<\/tr>\n<\/tbody>\n<\/table>\n<\/div>\n","protected":false},"excerpt":{"rendered":"<p>DECOmobi \u201cEscuelas de Decoraci\u00f3n\u201d contin\u00faa con sus actividades durante el verano en sus sucursales ofreciendo charlas informativas GRATUITAS y abiertas [&hellip;]<\/p>\n","protected":false},"author":2,"featured_media":4859,"comment_status":"open","ping_status":"open","sticky":false,"template":"","format":"standard","meta":[],"categories":[2],"tags":[],"_links":{"self":[{"href":"https:\/\/quasarcomunicacion.com.ar\/web\/wp-json\/wp\/v2\/posts\/6674"}],"collection":[{"href":"https:\/\/quasarcomunicacion.com.ar\/web\/wp-json\/wp\/v2\/posts"}],"about":[{"href":"https:\/\/quasarcomunicacion.com.ar\/web\/wp-json\/wp\/v2\/types\/post"}],"author":[{"embeddable":true,"href":"https:\/\/quasarcomunicacion.com.ar\/web\/wp-json\/wp\/v2\/users\/2"}],"replies":[{"embeddable":true,"href":"https:\/\/quasarcomunicacion.com.ar\/web\/wp-json\/wp\/v2\/comments?post=6674"}],"version-history":[{"count":0,"href":"https:\/\/quasarcomunicacion.com.ar\/web\/wp-json\/wp\/v2\/posts\/6674\/revisions"}],"wp:featuredmedia":[{"embeddable":true,"href":"https:\/\/quasarcomunicacion.com.ar\/web\/wp-json\/wp\/v2\/media\/4859"}],"wp:attachment":[{"href":"https:\/\/quasarcomunicacion.com.ar\/web\/wp-json\/wp\/v2\/media?parent=6674"}],"wp:term":[{"taxonomy":"category","embeddable":true,"href":"https:\/\/quasarcomunicacion.com.ar\/web\/wp-json\/wp\/v2\/categories?post=6674"},{"taxonomy":"post_tag","embeddable":true,"href":"https:\/\/quasarcomunicacion.com.ar\/web\/wp-json\/wp\/v2\/tags?post=6674"}],"curies":[{"name":"wp","href":"https:\/\/api.w.org\/{rel}","templated":true}]}}