{"id":6667,"date":"2015-12-28T13:06:53","date_gmt":"2015-12-28T16:06:53","guid":{"rendered":"https:\/\/quasarcomunicacion.com.ar\/web\/?p=6667"},"modified":"2015-12-28T13:06:53","modified_gmt":"2015-12-28T16:06:53","slug":"nueva-fecha-para-estilo-pilar-2016","status":"publish","type":"post","link":"https:\/\/quasarcomunicacion.com.ar\/web\/nueva-fecha-para-estilo-pilar-2016\/","title":{"rendered":"Nueva fecha para Estilo Pilar 2016"},"content":{"rendered":"<p style=\"text-align: left;\" align=\"center\"><i><span style=\"font-family: Verdana; font-size: small;\">El prestigioso evento de decoraci\u00f3n, arte y paisajismo anuncia una reprogramaci\u00f3n en su apertura al p\u00fablico.<\/span><\/i><\/p>\n<p align=\"left\"><span style=\"font-family: Verdana; font-size: small;\"> Buenos Aires, 28 de diciembre de 2015.- <b>Estilo Pilar<\/b>, la prestigiosa muestra de decoraci\u00f3n, arte y paisajismo que organiza desde 1999 la Asociaci\u00f3n Amigos del Pilar (ADP) y que tiene la misi\u00f3n de brindar ayuda en materia de salud odontol\u00f3gica a ni\u00f1os de escasos recursos, anuncia un nuevo cronograma de actividades de cara a la nueva edici\u00f3n de la feria.<!--more--> <\/span><\/p>\n<p align=\"left\"><span style=\"font-family: Verdana; font-size: small;\">Bajo el lema <i>\u201cLa Playa\u201d<\/i>, esta nueva edici\u00f3n de la muestra se desarrollar\u00e1 <span style=\"text-decoration: underline;\"><b>del 22 de abril al 22 de mayo<\/b><\/span> en el exclusivo y novedoso <b>Lagoon Pilar<\/b>, siendo el martes 19 el pre oppening de prensa y el mi\u00e9rcoles 20 de abril la fiesta de inauguraci\u00f3n.<\/span><\/p>\n<p align=\"left\"><a href=\"https:\/\/quasarcomunicacion.com.ar\/web\/wp-content\/uploads\/2015\/11\/auditorio.gif\"><img class=\"aligncenter\" alt=\"auditorio\" src=\"https:\/\/quasarcomunicacion.com.ar\/web\/wp-content\/uploads\/2015\/11\/auditorio.gif\" \/><\/a><\/p>\n<p align=\"left\">\n<p align=\"left\"><span style=\"font-family: Verdana; font-size: small;\">Esta edici\u00f3n, como las anteriores, contar\u00e1 con el apoyo y la presencia de empresas sponsors tales como Color\u00edn, Longvie, Riel Americano y Masisa.<\/span><\/p>\n<p align=\"left\"><span style=\"font-family: Verdana; font-size: small;\">Adem\u00e1s, la muestra es acompa\u00f1ada por DArA &#8211; Dise\u00f1adores de Interior Argentinos Asociados- quienes a trav\u00e9s de su beca ofrecen a sus asociados un stand en Espacio Pilar d\u00e1ndoles la posibilidad de mostrar sus creaciones a las miles de personas que edici\u00f3n a edici\u00f3n la visitan pensando en el fin solidario que la muestra tiene. <\/span><\/p>\n<p align=\"left\"><span style=\"font-family: Verdana; font-size: small;\"><b>Sobre Amigos del Pilar<\/b><\/span><\/p>\n<p align=\"left\"><span style=\"font-family: Verdana; font-size: xx-small;\">a asociaci\u00f3n<b> \u201cAmigos del Pilar\u201d<\/b> surgi\u00f3 de la inquietud de un grupo de mujeres con esp\u00edritu solidario que deseaban colaborar y comprometerse con su comunidad. Este proyecto logr\u00f3 su concreci\u00f3n a principios de 1996 y desde sus inicios trabajan con el objetivo de generar \u201cun Pilar con atenci\u00f3n digna para los m\u00e1s necesitados\u201d.<br \/>\nComo todos los a\u00f1os anteriores, Estilo Pilar es organizado por Amigos del Pilar, una Asociaci\u00f3n Civil que surgi\u00f3 de la inquietud de un grupo de mujeres con esp\u00edritu solidario que deseaban colaborar y comprometerse con su comunidad. Desde el a\u00f1o 1996 trabajan en el partido de Pilar con la misi\u00f3n de brindar ayuda a ni\u00f1os de escasos recursos en materia de salud odontol\u00f3gica. Para llevar a cabo esta tarea, en el a\u00f1o 2004 crearon los consultorios odontol\u00f3gicos propios, que funcionaron ininterrumpidamente hasta octubre del 2014. Durante esos diez a\u00f1os se dio atenci\u00f3n a m\u00e1s de 50 mil chicos y se brindaron 134.700 prestaciones.<br \/>\nA partir del 1 de octubre de ese a\u00f1o iniciaron un nuevo camino. Formularon un nuevo sistema de becas que hace posible que tanto antiguos pacientes, como aquellos nuevos que soliciten atenci\u00f3n, puedan ser atendidos con la financiaci\u00f3n de Amigos del Pilar. Este nuevo proyecto es posible tambi\u00e9n gracias a la ayuda de profesionales solidarios que comprenden la tarea y est\u00e1n involucrados con la obra de la fundaci\u00f3n.<\/span><\/p>\n<p align=\"left\"><span style=\"font-size: small;\"><b><i><span style=\"font-family: Arial;\">Por otras im\u00e1genes, audios o entrevistas no dude en contactarse<\/span><\/i><\/b><\/span><\/p>\n<p align=\"left\">Toda la informaci\u00f3n en <a href=\"http:\/\/www.quasarcomunicacion.com.ar\/web\/estilopilar16\"> www.quasarcomunicacion.com.ar\/web\/estilopilar16<\/a><\/p>\n<p align=\"center\"><span style=\"font-size: small;\"><b><i> Contactos de Prensa<\/i><\/b><\/span><\/p>\n<div align=\"left\">\n<table width=\"100%\" border=\"1\" cellpadding=\"2\" align=\"left\">\n<tbody>\n<tr>\n<td width=\"50%\">\n<p align=\"left\"><strong> <span style=\"color: #ff0000; font-family: Arial; font-size: small;\">Candela Villanueva <\/span><\/strong> <span style=\"font-size: medium;\"><strong> <span style=\"color: #808080; font-family: Arial; font-size: small;\"> &#8211; Asistente de Cuentas<br \/>\n<\/span> <\/strong><\/span> <span style=\"font-size: xx-small;\"><span style=\"color: #ff0000;\"> Directo<\/span><b>: <\/b> 0230<\/span><span style=\"font-size: xx-small;\">-4664772<br \/>\n<\/span><span style=\"color: #ff0000; font-size: xx-small;\"> Skype:<\/span><span style=\"font-size: xx-small;\"> quasarcomunicacion<br \/>\n<\/span><span style=\"color: #ff0000; font-size: xx-small;\"> Twitter:<\/span><span style=\"font-size: xx-small;\"> @quasarpilar<br \/>\n<\/span><span style=\"color: #ff0000; font-size: xx-small;\"> Gr<\/span><span style=\"color: #ff0000; font-size: xx-small;\">upo y p\u00e1gina en Facebook: <\/span> <span style=\"color: #808080; font-size: xx-small;\">www.facebook.com\/<\/span><a href=\"mailto:mfipata@gmail.com\"><span style=\"font-size: xx-small;\">Quasar<\/span><\/a><span style=\"font-size: xx-small;\">Comunicacion<br \/>\n<\/span><span style=\"color: #ff0000; font-size: xx-small;\"> Web:<\/span><b><\/b> <a href=\"http:\/\/www.quasarcomunicacion.com.ar\/\"> <span style=\"font-size: xx-small;\">www.quasarcomunicacion.com.ar<\/span><\/a><\/p>\n<p align=\"left\"><span style=\"font-size: xx-small;\"> <span style=\"color: #ff0000;\">Mail<\/span><b>:<\/b><\/span><span style=\"font-size: xx-small;\"> <a href=\"mailto:fernanda@quasarcomunicacion.com.ar\"> candela<\/a><a href=\"mailto:fernanda@quasarcomunicacion.com.ar\">@quasarcomunicacion.com.ar<\/a><\/span><\/p>\n<\/td>\n<td width=\"50%\">\n<p align=\"right\"><span style=\"font-size: medium;\"><strong> <span style=\"color: #808080; font-family: Arial; font-size: small;\"> Lic. Mar\u00eda Fernanda Ipata &#8211; Directora<br \/>\n<\/span> <\/strong><\/span> <span style=\"font-size: xx-small;\"><span style=\"color: #ff0000;\"><br \/>\nDirecto<\/span><b>: <\/b> 0230<\/span><span style=\"font-size: xx-small;\">-4664772<\/span><span style=\"font-size: xx-small;\"><br \/>\n<\/span><span style=\"font-size: xx-small;\"> <span style=\"color: #ff0000;\">M\u00f3vil:<\/span><b> <\/b> 0230<\/span><span style=\"font-size: xx-small;\">-15-4584535<br \/>\n011-15-6096-4656 ID 558*3763<br \/>\n<\/span><span style=\"color: #ff0000; font-size: xx-small;\"> Skype:<\/span><span style=\"font-size: xx-small;\"> quasarcomunicacion<br \/>\n<\/span><span style=\"color: #ff0000; font-size: xx-small;\"> Twitter:<\/span><span style=\"font-size: xx-small;\"> @quasarpilar<br \/>\n<\/span><span style=\"color: #ff0000; font-size: xx-small;\"> Gr<\/span><span style=\"color: #ff0000; font-size: xx-small;\">upo y p\u00e1gina en Facebook: <\/span> <span style=\"color: #808080; font-size: xx-small;\">www.facebook.com\/<\/span><a href=\"mailto:mfipata@gmail.com\"><span style=\"font-size: xx-small;\">Quasar<\/span><\/a><span style=\"font-size: xx-small;\">Comunicacion<br \/>\n<\/span><span style=\"font-size: xx-small;\"> <span style=\"color: #ff0000;\">LinkedIn<\/span><b>:\u00a0 <\/b><\/span> <span style=\"font-size: xx-small;\"><b> <a href=\"http:\/\/www.linkedin.com\/in\/mfipata\"> http:\/\/www.linkedin.com\/in\/mfipata<\/a><\/b><\/span><span style=\"font-size: xx-small;\"><br \/>\n<\/span><span style=\"color: #ff0000; font-size: xx-small;\"> Web:<\/span><b><\/b> <a href=\"http:\/\/www.quasarcomunicacion.com.ar\/\"> <span style=\"font-size: xx-small;\">www.quasarcomunicacion.com.ar<\/span><\/a><span style=\"font-size: xx-small;\"><br \/>\n<\/span><span style=\"font-size: xx-small;\"> <span style=\"color: #ff0000;\">Mail<\/span><b>:<\/b><\/span><span style=\"font-size: xx-small;\"><a href=\"mailto:fernanda@quasarcomunicacion.com.ar\"> fernanda@quasarcomunicacion.com.ar<\/a><\/span><\/p>\n<\/td>\n<\/tr>\n<\/tbody>\n<\/table>\n<\/div>\n","protected":false},"excerpt":{"rendered":"<p>El prestigioso evento de decoraci\u00f3n, arte y paisajismo anuncia una reprogramaci\u00f3n en su apertura al p\u00fablico. Buenos Aires, 28 de [&hellip;]<\/p>\n","protected":false},"author":2,"featured_media":6668,"comment_status":"open","ping_status":"open","sticky":false,"template":"","format":"standard","meta":[],"categories":[2],"tags":[],"_links":{"self":[{"href":"https:\/\/quasarcomunicacion.com.ar\/web\/wp-json\/wp\/v2\/posts\/6667"}],"collection":[{"href":"https:\/\/quasarcomunicacion.com.ar\/web\/wp-json\/wp\/v2\/posts"}],"about":[{"href":"https:\/\/quasarcomunicacion.com.ar\/web\/wp-json\/wp\/v2\/types\/post"}],"author":[{"embeddable":true,"href":"https:\/\/quasarcomunicacion.com.ar\/web\/wp-json\/wp\/v2\/users\/2"}],"replies":[{"embeddable":true,"href":"https:\/\/quasarcomunicacion.com.ar\/web\/wp-json\/wp\/v2\/comments?post=6667"}],"version-history":[{"count":0,"href":"https:\/\/quasarcomunicacion.com.ar\/web\/wp-json\/wp\/v2\/posts\/6667\/revisions"}],"wp:featuredmedia":[{"embeddable":true,"href":"https:\/\/quasarcomunicacion.com.ar\/web\/wp-json\/wp\/v2\/media\/6668"}],"wp:attachment":[{"href":"https:\/\/quasarcomunicacion.com.ar\/web\/wp-json\/wp\/v2\/media?parent=6667"}],"wp:term":[{"taxonomy":"category","embeddable":true,"href":"https:\/\/quasarcomunicacion.com.ar\/web\/wp-json\/wp\/v2\/categories?post=6667"},{"taxonomy":"post_tag","embeddable":true,"href":"https:\/\/quasarcomunicacion.com.ar\/web\/wp-json\/wp\/v2\/tags?post=6667"}],"curies":[{"name":"wp","href":"https:\/\/api.w.org\/{rel}","templated":true}]}}