{"id":6625,"date":"2015-12-16T13:16:48","date_gmt":"2015-12-16T16:16:48","guid":{"rendered":"https:\/\/quasarcomunicacion.com.ar\/web\/?p=6625"},"modified":"2015-12-16T13:16:48","modified_gmt":"2015-12-16T16:16:48","slug":"felices-y-saludables-fiestas-parte-i-el-poder-del-cerebro-vs-el-de-la-comida","status":"publish","type":"post","link":"https:\/\/quasarcomunicacion.com.ar\/web\/felices-y-saludables-fiestas-parte-i-el-poder-del-cerebro-vs-el-de-la-comida\/","title":{"rendered":"Felices y saludables fiestas. Parte I \u201cEl poder del cerebro vs el de la comida\u201d"},"content":{"rendered":"<p style=\"text-align: left;\" align=\"center\"><span style=\"font-family: Verdana; font-size: small;\">Si bien muchas personas encuentran en Diciembre una motivaci\u00f3n extra para potenciar el firme prop\u00f3sito de verse y sentirse mejor con su cuerpo durante las celebraciones, para una gran mayor\u00eda las fiestas de fin de a\u00f1o son \u00e9pocas de mayor sensibilidad emocional donde la conducta alimentaria suele ser una de las m\u00e1s afectadas. Y esto suele suceder debido a que la intenci\u00f3n volcada habitualmente en dichas reuniones excede los c\u00e1nones culinarios para transformarse en una explosiva mezcla entre \u201clos gustos del paladar\u201d y ciertas emociones acumuladas. Siendo as\u00ed, los encuentros programados durante todo el mes festivo tienden a proporcionar un marco \u201cideal\u201d para que, entre estruendos y cumplidos, las personas intenten canalizar inconscientemente a trav\u00e9s de la comida y la bebida cierta emocionalidad contenida.<!--more--><\/span><\/p>\n<p>\u00a0<a href=\"https:\/\/quasarcomunicacion.com.ar\/web\/wp-content\/uploads\/2015\/12\/fiestas.gif\"><img class=\"aligncenter\" alt=\"fiestas\" src=\"https:\/\/quasarcomunicacion.com.ar\/web\/wp-content\/uploads\/2015\/12\/fiestas.gif\" \/><\/a><br \/>\n<span style=\"font-family: Verdana; font-size: small;\">Entendi\u00e9ndolo de \u00e9ste modo, la <b>Coach Nutricional y Licenciada en Nutrici\u00f3n Patricia Robiano <\/b>(MN 3158 \u2013 MP 2220) nos invita a preguntarnos: \u201cla conducta alimentaria \u00bfest\u00e1 comandada por nuestras emociones, por nuestras ideas y creencias o, la forma habitual de relacionarnos con la comida y la bebida en estas fechas es, puramente, impulso o necesidad org\u00e1nica? Y, si bien ser\u00eda bastante m\u00e1s c\u00f3modo \u201cechar mano\u201d de una de estas \u00e1reas para elaborar con acierto una explicaci\u00f3n, la realidad es que los Seres Humanos somos un \u201ctodo\u201d en interacci\u00f3n entre cuerpo, mente y esp\u00edritu; por lo que todas las \u00e1reas que hacen al Ser afectan, cada una en mayor o en menor medida, las acciones que adoptemos para cuidarnos\u201d. <\/span><br \/>\n<span style=\"font-family: Verdana; font-size: small;\">Y aqu\u00ed una respuesta, \u201cdesde el punto de vista org\u00e1nico (la bioqu\u00edmica y fisiolog\u00eda interna) es real que si el cuerpo est\u00e1 desequilibrado, falto de nutrientes esenciales y hormonalmente inestable, el impulso de comer a deshora y la compulsi\u00f3n por ingerir alimentos de una mayor palatabilidad (ricos en grasas saturadas, az\u00facares y harinas refinadas) tiende a ser tal que parece uno quedar \u201catrapado\u201d ante el sutil encanto del adictivo archienemigo (aunque esto, de ficci\u00f3n, no tenga nada). Los alimentos tienen un gran poder para equilibrar o desequilibrar la total expresi\u00f3n de nuestro cuerpo. Por ello suelo hacer hincapi\u00e9 en que gran parte de la alimentaci\u00f3n diaria sea provista por comidas que aporten una adecuada cantidad de fibras alimentarias y sean bien combinadas, porque las anteriormente mencionadas disfunciones org\u00e1nicas (a veces mal llamadas enfermedades) pueden moderar su sintomatolog\u00eda si se utiliza a la nutrici\u00f3n consciente para nivelar y dejar fluir nuestro cuerpo hacia su naturaleza vital y saludable\u201d, asegura Robiano. <\/span><br \/>\n<span style=\"font-family: Verdana; font-size: small;\">\u201cNo obstante, lo cierto es que hay otra fuerza muy influyente que tambi\u00e9n comanda la experiencia que viviremos a fin de a\u00f1o con el cuerpo, y es la acci\u00f3n de nuestro cerebro. \u00bfHas notado como tenemos una fuerte tendencia a estructurar por ciclos nuestras acciones? Esto significa que, a gran escala, habitualmente nos proyectamos m\u00e1s en\u00e9rgicos y con firmes prop\u00f3sitos por cumplir a principios del llamado a\u00f1o laboral o lectivo, mientras que en mitad del a\u00f1o esa energ\u00eda inicial tiende a ir decayendo para culminar a fin de a\u00f1o un tanto m\u00e1s \u201chabilitados\u201d para el relax y los permisos, por no llamarlos descuidos. A menor escala, comenzamos firmes con los cuidados del cuerpo el lunes y martes; el mi\u00e9rcoles vamos decayendo para jueves y viernes darnos esos permisos que se cuelan el fin de semana\u201d, agrega. <\/span><br \/>\n<span style=\"font-family: Verdana; font-size: small;\">Las reuniones de jerarqu\u00eda como son las fiestas de fin de a\u00f1o (reuniones mezcla de reencuentro social y nostalgia familiar) son propicias para desencadenar una respuesta cerebral exagerada, comandada prioritariamente por la parte de cerebro que comanda las emociones, denominado \u201ccerebro l\u00edmbico\u201d, que se encargar\u00e1 de proveerte, por todos los medios posibles, estados de felicidad, de placer. Siendo as\u00ed, si eres una persona que no ha sabido desarrollar un adecuado estado de ocio proactivo, probablemente creer\u00e1s que ese placer te lo dar\u00e1 la comida o la bebida. Paralelamente, otra parte de nuestro cerebro denominada \u201ccerebro reptiliano\u201d priorizar\u00e1 que te alimentes, sobre todo si vienes de un a\u00f1o de restricciones alimentarias, provoc\u00e1ndote el impulso de comer lo m\u00e1s que puedas porque es la porci\u00f3n del cerebro que se encarga de la supervivencia de la forma m\u00e1s b\u00e1sica posible. <\/span><br \/>\n<span style=\"font-family: Verdana; font-size: small;\">\u00a1Imag\u00ednate entonces lo que sucede cuando el almanaque acusa el primer d\u00eda del maravilloso mes de Diciembre! Casi en ese mismo instante se despliega la puja interna entre los \u201cdebo y no puedo\u201d y los \u201cno debo pero quiero\u201d, mezclados con el irrefrenable deseo de vernos bien f\u00edsicamente incluso aunque todo parezca hacerte sucumbir ante los intentos. Lo que es seguro, es que \u00a1no es una puja racional! Porque, justamente, la otra parte del cerebro que comanda el raciocinio, denominado \u201ccerebro neo-cortex\u201d, en \u00e9stas fechas, juega el rol menos protag\u00f3nico, dej\u00e1ndonos m\u00e1s expuestos ante la puja de los cerebros emocional y reptiliano. <\/span><br \/>\n<span style=\"font-family: Verdana; font-size: small;\">Robiano aconseja, \u201clos dos aspectos a trabajar para modelar nuestra conducta alimentaria son, por un lado, la nivelaci\u00f3n de la insulina mediante la ingesta de alimentos adecuadamente combinados para tal fin y, por otro, la reprogramaci\u00f3n mental hacia el nuevo h\u00e1bito que se puede llevar a cabo con simples t\u00e9cnicas de autoconocimiento y adiestramiento mental-emocional. Y todo esto \u00a1se puede lograr! partiendo de la profunda necesidad de poder vivir, el pr\u00f3ximo a\u00f1o, una experiencia f\u00edsica y mentalmente enriquecedora\u201d.<\/span><br \/>\n<b><span style=\"font-family: Verdana; font-size: small;\">Acerca de Patricia Robiano <\/span><\/b><br \/>\n<i> <\/i><span style=\"font-family: Verdana; font-size: xx-small;\">Naci\u00f3 en el a\u00f1o 1975 en Luj\u00e1n (provincia de Buenos Aires, Argentina). Colaborando desde peque\u00f1a en los negocios familiares del rubro de la alimentaci\u00f3n, diet\u00e9tica y farmac\u00e9utico fue reafirmando su actual vocaci\u00f3n por lo que al egresar de sus estudios secundarios decidi\u00f3 inscribirse en la Facultad de Medicina de la Universidad de Buenos Aires con la intenci\u00f3n de formalizar sus conocimientos estudiando Licenciatura en Nutrici\u00f3n. <\/span><br \/>\n<span style=\"font-family: Verdana; font-size: xx-small;\">Finalizando el a\u00f1o 2000, con la carrera terminada ya dirig\u00eda su primer centro de adelgazamiento, all\u00ed sinti\u00f3 algunas falencias en las fundamentaciones aprendidas por lo que decidi\u00f3 ampliar sus estudios desde distintos enfoques un tanto m\u00e1s hol\u00edsticos. As\u00ed, continu\u00f3 su formaci\u00f3n en Buenos Aires estudiando con sus terapeutas el \u00e1rea de Psicolog\u00eda Vincular y, posteriormente en Espa\u00f1a, convalidando el t\u00edtulo Argentino por el de Diplomatura en Nutrici\u00f3n Humana y Diet\u00e9tica, sigui\u00f3 form\u00e1ndose en Alimentaci\u00f3n Consciente y Coaching Personal. <\/span><br \/>\n<span style=\"font-family: Verdana; font-size: xx-small;\">Dichos conocimientos le sirvieron, a su vez, para dar comienzo a un aprendizaje y exploraci\u00f3n m\u00e1s exhaustiva de la conducta de las personas respecto al cuidado del cuerpo, la alimentaci\u00f3n, y las relaciones interpersonales que de ello se derivan, y act\u00faan como base fundamental del mensaje de BIENESTAR que transmite en sus ponencias como tambi\u00e9n muy activamente desde la web y redes sociales ayudando a las personas a concientizarse positivamente para el cambio de h\u00e1bitos alimentarios y f\u00edsicos necesarios para el disfrute de un cuerpo m\u00e1s vital y una mente m\u00e1s plena. Esta es la esencia de todos sus trabajos. <\/span><br \/>\n<span style=\"font-family: Verdana; font-size: xx-small;\">ACTUALMENTE realiza las siguientes actividades:<br \/>\n\u2022 Atenci\u00f3n personalizada en consultorio presencial (CABA y Luj\u00e1n) u online (Skype).<br \/>\n\u2022 Cursos de Alimentaci\u00f3n Consciente y\/o Coaching Motivacional individuales o grupales, para particulares, profesionales de la salud o gerentes de comercios relacionados a la alimentaci\u00f3n, al fitness y al relax que deseen dar un mejor mensaje de salud a sus pacientes-clientes, partiendo del autoconocimiento y la experiencia de transformaci\u00f3n con su propio cuerpo &#8211; superaci\u00f3n personal.<br \/>\n\u2022 Curso de Alimentaci\u00f3n Consciente (intensivo 1 jornada completa o en 4 encuentros) para empresas, instituciones, asociaciones, embajadas, escuelas.<br \/>\n\u2022 Conferencias (90 minutos) introductorias al concepto de salud consciente, y Retiros (1, 2 y 3 d\u00edas) de depuraci\u00f3n, concientizaci\u00f3n y desarrollo de la actitud personal para particulares y empresas. <\/span><br \/>\n<span style=\"font-family: Verdana; font-size: xx-small;\">Ya han confiado en sus ponencias: Consejo de Ciencias Econ\u00f3micas de CABA-SIMECO, Legislatura de la Ciudad Aut\u00f3noma de Buenos Aires, Embajada de Canad\u00e1 en Argentina, Banca seguros BNP Paribas Cardiff, Laboratorios Elea, Laboratorios Gema Biotech, ADEA Asociaci\u00f3n de C\u00f3nyuges de Diplom\u00e1ticos en Argentina, Municipalidad de Luj\u00e1n, Municipalidad de Pilar, Uni\u00f3n Agr\u00edcola de Avellaneda-Santa F\u00e9, Feria Internac. del Libro de Bs.As., Hotel Bauen Suites Bs. As., Club San Patricio de Pilar, Rotary Club Pilar Norte, Hospital Dr. Cirilo Sanguinetti de Pilar, Asociaci\u00f3n Bella Vista de Lima-Per\u00fa, Mac Donald\u2019s y Radio Marca de Tenerife-Espa\u00f1a, y diversas empresas nacionales e internacionales. <\/span><br \/>\n<span style=\"font-family: Verdana; font-size: xx-small;\">Y han confiado en las columnas y colaboraciones de la Coach Patricia Robiano: Canal 13 el programa \u201cEl Mejor de la Cocina\u201d y \u201cMi mam\u00e1 cocina mejor que la tuya con Juli\u00e1n Weich, Radio Mega junto a Tamara y Roberto Pettinato, Infobae Espiritualidad, Radio 10 y Pop junto a Claudio Mar\u00eda Dom\u00ednguez, Canal Metro el programa Banda 3.0, Radio 10 junto a Tet\u00e9 Coustarot, FM 99.9 con Maju Lozano, Revista Maru, Revista Cosmopolitan, Revista Elige de Nuevo de Silvia Freire, Diario Clar\u00edn y varios m\u00e1s. <\/span><br \/>\n<i> <\/i><b><span style=\"font-family: Verdana; font-size: small;\">Datos de contacto <\/span><\/b><br \/>\n<span style=\"font-family: Verdana; font-size: small;\">Lic. PATRICIA ROBIANO. Coach Nutricional &#8211; Health Coach | Nutricionista (MN 3158 \u2013 MP 2220) UBA-Arg. &#8211; Coach Personal | Diplomada en Nutrici\u00f3n Humana y Diet\u00e9tica (Espa\u00f1a) &#8211; Contacto: +54 (011) 5353 4821 | +54 (9 11) 15 5229 4468 &#8211; <a href=\"http:\/\/www.patriciarobiano.com.ar\/\"> www.patriciarobiano.com.ar<\/a><\/span><\/p>\n<div align=\"center\"><center><\/p>\n<table width=\"90%\" border=\"0\" cellspacing=\"4\" cellpadding=\"4\">\n<tbody>\n<tr>\n<td bgcolor=\"#ECFFF9\" width=\"100%\"><i> <span style=\"font-family: Verdana; font-size: xx-small;\">La lic. Patricia Robiano <\/span><\/i><span style=\"font-family: Verdana; font-size: xx-small;\"><i> est\u00e1 disponible para consultas o entrevistas sobre el tema. Comunicarse al 011-15-6096-4656 para concretarlas o enviar un mail a <a href=\"mailto:noelia@quasarcomunicacion.com.ar\"> fernanda@quasarcomunicacion.com.ar<\/a>\u00a0 <\/i><\/span><\/td>\n<\/tr>\n<\/tbody>\n<\/table>\n<p><\/center><\/div>\n<p><span style=\"font-size: small;\"><b><i><span style=\"font-family: Arial;\">Por otras im\u00e1genes, audios o entrevistas no dude en contactarse<\/span><\/i><\/b><\/span><\/p>\n<p align=\"center\"><span style=\"font-size: small;\"><b><i> Contactos de Prensa<\/i><\/b><\/span><\/p>\n<div align=\"left\">\n<table width=\"100%\" border=\"1\" cellpadding=\"2\" align=\"left\">\n<tbody>\n<tr>\n<td align=\"center\" width=\"50%\">\n<p align=\"left\"><strong> <span style=\"color: #ff0000; font-family: Arial; font-size: small;\">Mayra Ibarra<\/span><\/strong><span style=\"font-size: medium;\"><strong><span style=\"color: #808080; font-family: Arial; font-size: small;\"> &#8211; Asistente de Cuentas<br \/>\n<\/span> <\/strong><\/span> <span style=\"font-size: xx-small;\"><span style=\"color: #ff0000;\"> Directo<\/span><b>: <\/b> 0230<\/span><span style=\"font-size: xx-small;\">-4664772<br \/>\n<\/span><span style=\"color: #ff0000; font-size: xx-small;\"> Skype:<\/span><span style=\"font-size: xx-small;\"> quasarcomunicacion<br \/>\n<\/span><span style=\"color: #ff0000; font-size: xx-small;\"> Twitter:<\/span><span style=\"font-size: xx-small;\"> @quasarpilar<br \/>\n<\/span><span style=\"color: #ff0000; font-size: xx-small;\"> Gr<\/span><span style=\"color: #ff0000; font-size: xx-small;\">upo y p\u00e1gina en Facebook: <\/span> <span style=\"color: #808080; font-size: xx-small;\">www.facebook.com\/<\/span><a href=\"mailto:mfipata@gmail.com\"><span style=\"font-size: xx-small;\">Quasar<\/span><\/a><span style=\"font-size: xx-small;\">Comunicacion<br \/>\n<\/span><span style=\"color: #ff0000; font-size: xx-small;\"> Web:<\/span><b><\/b> <a href=\"http:\/\/www.quasarcomunicacion.com.ar\/\"> <span style=\"font-size: xx-small;\">www.quasarcomunicacion.com.ar<\/span><\/a><\/p>\n<p align=\"left\"><span style=\"font-size: xx-small;\"> <span style=\"color: #ff0000;\">Mail<\/span><b>:<\/b><\/span><span style=\"font-size: xx-small;\"> <a href=\"mailto:fernanda@quasarcomunicacion.com.ar\"> quasar@quasarcomunicacion.com.ar<\/a><\/span><\/p>\n<\/td>\n<td align=\"center\" width=\"50%\">\n<p align=\"right\"><span style=\"font-size: medium;\"><strong> <span style=\"color: #808080; font-family: Arial; font-size: small;\"> Lic. Mar\u00eda Fernanda Ipata &#8211; Directora<br \/>\n<\/span> <\/strong><\/span> <span style=\"font-size: xx-small;\"><span style=\"color: #ff0000;\"><br \/>\nDirecto<\/span><b>: <\/b> 0230<\/span><span style=\"font-size: xx-small;\">-4664772<\/span><span style=\"font-size: xx-small;\"><br \/>\n<\/span><span style=\"font-size: xx-small;\"> <span style=\"color: #ff0000;\">M\u00f3vil:<\/span><b> <\/b> 0230<\/span><span style=\"font-size: xx-small;\">-15-4584535<br \/>\n011-15-6096-4656 ID 558*3763<br \/>\n<\/span><span style=\"color: #ff0000; font-size: xx-small;\"> Skype:<\/span><span style=\"font-size: xx-small;\"> quasarcomunicacion<br \/>\n<\/span><span style=\"color: #ff0000; font-size: xx-small;\"> Twitter:<\/span><span style=\"font-size: xx-small;\"> @quasarpilar<br \/>\n<\/span><span style=\"color: #ff0000; font-size: xx-small;\"> Gr<\/span><span style=\"color: #ff0000; font-size: xx-small;\">upo y p\u00e1gina en Facebook: <\/span> <span style=\"color: #808080; font-size: xx-small;\">www.facebook.com\/<\/span><a href=\"mailto:mfipata@gmail.com\"><span style=\"font-size: xx-small;\">Quasar<\/span><\/a><span style=\"font-size: xx-small;\">Comunicacion<br \/>\n<\/span><span style=\"font-size: xx-small;\"> <span style=\"color: #ff0000;\">LinkedIn<\/span><b>:\u00a0 <\/b><\/span> <span style=\"font-size: xx-small;\"><b> <a href=\"http:\/\/www.linkedin.com\/in\/mfipata\"> http:\/\/www.linkedin.com\/in\/mfipata<\/a><\/b><\/span><span style=\"font-size: xx-small;\"><br \/>\n<\/span><span style=\"color: #ff0000; font-size: xx-small;\"> Web:<\/span><b><\/b> <a href=\"http:\/\/www.quasarcomunicacion.com.ar\/\"> <span style=\"font-size: xx-small;\">www.quasarcomunicacion.com.ar<\/span><\/a><span style=\"font-size: xx-small;\"><br \/>\n<\/span><span style=\"font-size: xx-small;\"> <span style=\"color: #ff0000;\">Mail<\/span><b>:<\/b><\/span><span style=\"font-size: xx-small;\"><a href=\"mailto:fernanda@quasarcomunicacion.com.ar\"> fernanda@quasarcomunicacion.com.ar<\/a><\/span><\/p>\n<\/td>\n<\/tr>\n<\/tbody>\n<\/table>\n<\/div>\n","protected":false},"excerpt":{"rendered":"<p>Si bien muchas personas encuentran en Diciembre una motivaci\u00f3n extra para potenciar el firme prop\u00f3sito de verse y sentirse mejor [&hellip;]<\/p>\n","protected":false},"author":2,"featured_media":6626,"comment_status":"open","ping_status":"open","sticky":false,"template":"","format":"standard","meta":[],"categories":[34],"tags":[],"_links":{"self":[{"href":"https:\/\/quasarcomunicacion.com.ar\/web\/wp-json\/wp\/v2\/posts\/6625"}],"collection":[{"href":"https:\/\/quasarcomunicacion.com.ar\/web\/wp-json\/wp\/v2\/posts"}],"about":[{"href":"https:\/\/quasarcomunicacion.com.ar\/web\/wp-json\/wp\/v2\/types\/post"}],"author":[{"embeddable":true,"href":"https:\/\/quasarcomunicacion.com.ar\/web\/wp-json\/wp\/v2\/users\/2"}],"replies":[{"embeddable":true,"href":"https:\/\/quasarcomunicacion.com.ar\/web\/wp-json\/wp\/v2\/comments?post=6625"}],"version-history":[{"count":0,"href":"https:\/\/quasarcomunicacion.com.ar\/web\/wp-json\/wp\/v2\/posts\/6625\/revisions"}],"wp:featuredmedia":[{"embeddable":true,"href":"https:\/\/quasarcomunicacion.com.ar\/web\/wp-json\/wp\/v2\/media\/6626"}],"wp:attachment":[{"href":"https:\/\/quasarcomunicacion.com.ar\/web\/wp-json\/wp\/v2\/media?parent=6625"}],"wp:term":[{"taxonomy":"category","embeddable":true,"href":"https:\/\/quasarcomunicacion.com.ar\/web\/wp-json\/wp\/v2\/categories?post=6625"},{"taxonomy":"post_tag","embeddable":true,"href":"https:\/\/quasarcomunicacion.com.ar\/web\/wp-json\/wp\/v2\/tags?post=6625"}],"curies":[{"name":"wp","href":"https:\/\/api.w.org\/{rel}","templated":true}]}}