{"id":6534,"date":"2015-11-24T14:44:45","date_gmt":"2015-11-24T17:44:45","guid":{"rendered":"https:\/\/quasarcomunicacion.com.ar\/web\/?p=6534"},"modified":"2015-11-24T14:44:45","modified_gmt":"2015-11-24T17:44:45","slug":"se-celebro-en-pilar-la-semana-del-emprendedor-pilarense","status":"publish","type":"post","link":"https:\/\/quasarcomunicacion.com.ar\/web\/se-celebro-en-pilar-la-semana-del-emprendedor-pilarense\/","title":{"rendered":"Se celebr\u00f3 en Pilar la Semana del Emprendedor Pilarense"},"content":{"rendered":"<p style=\"text-align: left;\" align=\"center\"><span style=\"font-family: Verdana; font-size: small;\">\u00a0El viernes finaliz\u00f3 la <\/span><b style=\"font-family: Verdana; font-size: small;\">SEMANA DEL EMPRENDEDOR PILARENSE, <\/b><span style=\"font-family: Verdana; font-size: small;\">celebrada por segundo a\u00f1o consecutivo gracias a la iniciativa de <\/span><b style=\"font-family: Verdana; font-size: small;\">Emprender Hoy<\/b><span style=\"font-family: Verdana; font-size: small;\"> y <\/span><b style=\"font-family: Verdana; font-size: small;\">Pilar Emprende<\/b><span style=\"font-family: Verdana; font-size: small;\">. De las actividades que se sucedieron del 14 al 21 de noviembre participaron emprendedores de todo el distrito y de lugares vecinos que asistieron a las capacitaciones.<!--more--><\/span><\/p>\n<p><a href=\"https:\/\/quasarcomunicacion.com.ar\/web\/wp-content\/uploads\/2015\/11\/semana15.gif\"><img class=\"aligncenter\" alt=\"semana15\" src=\"https:\/\/quasarcomunicacion.com.ar\/web\/wp-content\/uploads\/2015\/11\/semana15.gif\" \/><\/a><br \/>\n<span style=\"font-family: Verdana; font-size: small;\">Cabe destacar que desde 2014 se instituy\u00f3 por ordenanza, que fue votada por unanimidad por lo concejales de Pilar, estableciendo la celebraci\u00f3n en todo el distrito. Tal es as\u00ed que en Pilar, la tercera semana de noviembre se adhieren a la<b> Semana Global del Emprendedurismo (GEW) <\/b>que se celebr\u00f3 este a\u00f1o en m\u00e1s de 165 pa\u00edses en todo el mundo. <\/span><br \/>\n<span style=\"font-family: Verdana; font-size: small;\">La iniciativa es impulsada y coordinada por <b>Emprender Hoy <\/b>y<b> Pilar Emprende<\/b> (www.emprenderhoy.com.ar) y cont\u00f3 con el apoyo de instituciones, emprendedores, empresas, organismos p\u00fablicos y medios de comunicaci\u00f3n.<\/span><br \/>\n<span style=\"font-family: Verdana; font-size: small;\">Este a\u00f1o se centraron en actividades de capacitaci\u00f3n tendientes a satisfacer las demandas del sector emprendedor local. Cada encuentro cont\u00f3 con un importante espacio de networking para que los emprendedores se conozcan y tiendan alianzas comerciales entre ellos.<\/span><br \/>\n<span style=\"font-family: Verdana; font-size: small;\">La semana comenz\u00f3 el s\u00e1bado 14 de noviembre en las oficinas de Qu\u00e1sar Comunicaci\u00f3n con el <\/span><b style=\"font-family: Verdana; font-size: small;\"><span style=\"text-decoration: underline;\"> Taller \u201cFacebook para Emprendedores\u201d<\/span> <\/b><span style=\"font-family: Verdana; font-size: small;\">que se llev\u00f3 a cabo con vacantes agotadas.<\/span><br \/>\n<span style=\"font-family: Verdana; font-size: small;\">Ese mismo d\u00eda tuvieron lugar los <span style=\"text-decoration: underline;\"><b>Seminarios DISE\u00d1O DE LOCALES COMERCIALES y DISE\u00d1O DE VIDRIERAS con Taller Grupal<\/b><\/span> organizado por DECOmobi en su sede de Pilar. <\/span><br \/>\n<span style=\"font-family: Verdana; font-size: small;\">El lunes se retomaron las actividades con la charla en el Parque Industrial de Pilar gracias a la gentileza de la CEPIP (C\u00e1mara Empresaria del Parque Industrial Pilar) que ofreci\u00f3 el lugar para el distado de la charla gratuita <span style=\"text-decoration: underline;\"><b>\u201cSistemas de Gesti\u00f3n de Calidad Nueva Norma ISO 9001-2015\u2033<\/b><\/span> a cargo del Lic. Juli\u00e1n Candermo, consultor en Sistemas de Calidad <\/span><br \/>\n<span style=\"font-family: Verdana; font-size: small;\">Ese mismo d\u00eda, por la tarde, ahora en Sport Club Mujer, se llev\u00f3 adelante la charla <span style=\"text-decoration: underline;\"><b> \u201cLa importancia de la imagen personal en los negocios\u201d<\/b><\/span> brindada por Florencia Duc\u00f3s, Connie Moreno y Jesica Echarri <\/span><br \/>\n<span style=\"font-family: Verdana; font-size: small;\">El jueves, y a pesar del mal tiempo, en la C\u00e1mara de Comercio de Del Viso, la Lic. Elizabeth Far\u00edas de Cespym Curso ofreci\u00f3 la charla gratuita <span style=\"text-decoration: underline;\"><b>\u00a0\u201cIdeas para fomentar la creatividad en la empresa\u201d<\/b><\/span><\/span><br \/>\n<span style=\"font-family: Verdana; font-size: small;\">La semana finaliz\u00f3 el viernes 20 en la Galer\u00eda Site Zen con la charla <span style=\"text-decoration: underline;\"><b>\u00bfPor qu\u00e9 vale la pena emprender?<\/b><\/span> a cargo de la Lic. Mar\u00eda Florencia Frixione, CEO de Frix Semillero de Emprendedores. <\/span><br \/>\n<span style=\"font-family: Verdana; font-size: small;\">Durante las actividades se prioriz\u00f3 el networking entre los asistentes y se foment\u00f3 la creaci\u00f3n de acuerdos de colaboraci\u00f3n entre ellos para ayudarse a crecer.<\/span><br \/>\n<span style=\"font-family: Verdana; font-size: small;\">La Lic. Mar\u00eda Fernanda Ipata, coordinadora de <b>Emprender Hoy<\/b>, asegur\u00f3 que \u00abeste a\u00f1o focalizamos todos nuestros esfuerzos en ofrecer espacios de capacitaci\u00f3n y de networking no solo en Pilar, sino tambi\u00e9n en las localidades para acercarnos al emprendedor. Estamos gratamente sorprendidos porque hay participado muchos emprendedores de Pilar e incluso de otros distritos. Sin embargo, todo esto no hubiese sido posible sin el apoyo de todos los que aportaron su granito de arena convencidos de que \u00absi crecemos todos, crecemos m\u00e1s y mejor\u00bb. A ellos nuestro m\u00e1s sincero agradecimiento\u00bb.<\/span><br \/>\n<b><span style=\"font-family: Verdana; font-size: small;\">APOYOS<\/span><\/b><br \/>\n<span style=\"font-family: Verdana; font-size: xx-small;\">Este a\u00f1o, la iniciativa es apoyada por los sponsors: Pilar GPS Gu\u00eda de Productos y Servicios; Qu\u00e1sar Comunicaci\u00f3n Consultora boutique de Prensa; Pilar Emprende Radio; Pilar de Feria; Pilar Hoy Noticias. <\/span><br \/>\n<span style=\"font-family: Verdana; font-size: xx-small;\">Entre los organizadores de actividades y capacitadores se encuentran: Juli\u00e1n Candermo; Elizabeth Far\u00edas de Cespym Cursos; Florencia Duc\u00f3s de Florencia Duc\u00f3s Marketing Personal; Connie Moreno de Connie Moreno Maquillaje Aerogr\u00e1fico; J\u00e9sica Echarri de J\u00e9sica Echarri Fotograf\u00eda; Mar\u00eda Florencia Frixione de Frix Semillero de Emprendedores; Mar\u00eda Fernanda Ipata de Qu\u00e1sar comunicaci\u00f3n; Fernando Mazzetti de DECOmobi; Diego Bresler de DB Consultor\u00eda y Lola Inchauspe por Mujeres Pilar. <\/span><br \/>\n<span style=\"font-family: Verdana; font-size: xx-small;\">Instituciones y empresas aportaron sus espacios para la realizaci\u00f3n de actividades como la C\u00e1mara de Comercio de Del Viso; la C\u00e1mara Empresaria del Parque Industrial Pilar (CEPIP); Sport Club Mujer; Galer\u00eda Site Zen; Qu\u00e1sar comunicaci\u00f3n; DECOmobi Escuelas de Decoraci\u00f3n. <\/span><br \/>\n<span style=\"font-family: Verdana; font-size: xx-small;\">Y apoyan de diversas maneras empresas, instituciones y medios de comunicaci\u00f3n como Remises Baires; North Rent a Car; Cespym Cursos; Florencia Duc\u00f3s Marketing Personal; Connie Moreno Maquillaje Aerogr\u00e1fico; J\u00e9sica Echarri Fotograf\u00eda; Ente de Promoci\u00f3n de Pilar; Fundaci\u00f3n Reciduca; Escuela Media N\u00ba 9 de F\u00e1tima; Biztorming Training &amp; Consulting; Frix Semillero de Emprendedores; Direcci\u00f3n de Empleo y Capacitaci\u00f3n de la Municipalidad de Pilar; Escuela de coaching No Directivo de Pilar; Mujeres Empresarias de Del Viso; Mujeres Pilar; Sociedad de Comerciantes, Industriales, Propietarios y Afines de Pilar (SCIPA); Fundaci\u00f3n Madre Emprendedora; Radio X Pilar; diario Resumen de Pilar; Wid\u00fa Networking Space; DECOmobi Escuelas de Decoraci\u00f3n; Claudia Castillo Eventos y Ambientaciones; Construyo Puentes; Fundaci\u00f3n Mano Amiga.<\/span><br \/>\n<span style=\"font-family: Verdana; font-size: xx-small;\">Tambi\u00e9n habr\u00e1 premios en las actividades y se podr\u00e1 participar por algunos de forma on line gracias al aporte de regalos y descuentos de Sushi At Home, Crew Escuela de Baile; Gestor\u00eda Montoya; Victoria Lencer\u00eda e Indumentaria; Cosquillitas Eventos; Centro de Estudios de Formaci\u00f3n Aeron\u00e1utica (CEFA); Mujeres que Emprenden; Belle Femme Belleza y Bienestar; Pilar Emprende Radio; Cespym Cursos; Pilar GPS Gu\u00eda de Productos y servicios; Qu\u00e1sar Comunicaci\u00f3n, INICIA Emprender para el Futuro y muchos m\u00e1s<\/span><br \/>\n<b><span style=\"font-family: Verdana; font-size: small;\">Acerca de Emprender HOY<\/span><\/b><br \/>\n<span style=\"font-family: Verdana; font-size: xx-small;\"><b> Emprender HOY <\/b>es un espacio para todos los emprendedores que se materializa en diversos eventos como ferias, encuentros, capacitaciones, consultor\u00edas, espacios de networking, entre otros. <\/span><br \/>\n<span style=\"font-family: Verdana; font-size: xx-small;\">La raz\u00f3n de ser, la misi\u00f3n, de <b>Emprender HOY <\/b>es proporcionar al sector Emprendedor herramientas y conocimientos que le permitan desarrollar su propio emprendimiento e incorporar competencias que deriven en su mejora continua. <\/span><br \/>\n<span style=\"font-family: Verdana; font-size: xx-small;\">Desde la instituci\u00f3n buscan fomentar el autoempleo y la sustentabilidad de los proyectos contribuyendo a la generaci\u00f3n de valor econ\u00f3mico en la sociedad a trav\u00e9s de la creaci\u00f3n y sostenimiento de un ecosistema emprendedor. Aspiran a ser un canal de comunicaci\u00f3n entre los emprendedores y entre las instituciones y organismos dedicados a ellos <\/span><br \/>\n<span style=\"font-family: Verdana; font-size: xx-small;\">Tambi\u00e9n cuentan con un grupo de consultores independientes que acercan su saber a los emprendedores, gener\u00e1ndose una comunidad donde la informaci\u00f3n se comparte de forma exponencial y viral <\/span><br \/>\n<span style=\"font-family: Verdana; font-size: xx-small;\">Emprender Hoy, a trav\u00e9s del proyecto <b>#DESARROLLOEMPRENDEDOR<\/b> desarrolla por segundo a\u00f1o consecutivo un ciclo de actividades gratuitas compuesto por charlas y encuentros de networking.<\/span><br \/>\n<span style=\"font-family: Verdana; font-size: xx-small;\">El mismo se desarrolla en la ciudad de Pilar (Bs. As., Argentina) y cuenta con el apoyo de diferentes instituciones, particulares, medios de comunicaci\u00f3n y consultores independientes que comparten su conocimiento de manera desinteresada. <\/span><\/p>\n<p align=\"right\"><span style=\"font-size: small;\"><b><i><span style=\"font-family: Arial;\">Por otras im\u00e1genes, audios o entrevistas no dude en contactarse<\/span><\/i><\/b><\/span><\/p>\n<p align=\"center\"><span style=\"font-size: small;\"><b><i> Contactos de Prensa<\/i><\/b><\/span><\/p>\n<div align=\"left\">\n<table width=\"100%\" border=\"1\" cellpadding=\"2\" align=\"left\">\n<tbody>\n<tr>\n<td width=\"50%\">\n<p align=\"left\"><strong> <span style=\"color: #ff0000; font-family: Arial; font-size: small;\">Mayra Ibarra <\/span><\/strong> <span style=\"font-size: medium;\"><strong> <span style=\"color: #808080; font-family: Arial; font-size: small;\"> &#8211; Asistente de Cuentas<br \/>\n<\/span> <\/strong><\/span> <span style=\"font-size: xx-small;\"><span style=\"color: #ff0000;\"> Directo<\/span><b>: <\/b> 0230<\/span><span style=\"font-size: xx-small;\">-4664772<br \/>\n<\/span><span style=\"color: #ff0000; font-size: xx-small;\"> Skype:<\/span><span style=\"font-size: xx-small;\"> quasarcomunicacion<br \/>\n<\/span><span style=\"color: #ff0000; font-size: xx-small;\"> Twitter:<\/span><span style=\"font-size: xx-small;\"> @quasarpilar<br \/>\n<\/span><span style=\"color: #ff0000; font-size: xx-small;\"> Gr<\/span><span style=\"color: #ff0000; font-size: xx-small;\">upo y p\u00e1gina en Facebook: <\/span> <span style=\"color: #808080; font-size: xx-small;\">www.facebook.com\/<\/span><a href=\"mailto:mfipata@gmail.com\"><span style=\"font-size: xx-small;\">Quasar<\/span><\/a><span style=\"font-size: xx-small;\">Comunicacion<br \/>\n<\/span><span style=\"color: #ff0000; font-size: xx-small;\"> Web:<\/span><b><\/b> <a href=\"http:\/\/www.quasarcomunicacion.com.ar\/\"> <span style=\"font-size: xx-small;\">www.quasarcomunicacion.com.ar<\/span><\/a><\/p>\n<p align=\"left\"><span style=\"font-size: xx-small;\"> <span style=\"color: #ff0000;\">Mail<\/span><b>:<\/b><\/span><span style=\"font-size: xx-small;\"> <a href=\"mailto:fernanda@quasarcomunicacion.com.ar\"> quasar@quasarcomunicacion.com.ar<\/a><\/span><\/p>\n<\/td>\n<td width=\"50%\">\n<p align=\"right\"><span style=\"font-size: medium;\"><strong> <span style=\"color: #808080; font-family: Arial; font-size: small;\"> Lic. Mar\u00eda Fernanda Ipata &#8211; Directora<br \/>\n<\/span> <\/strong><\/span> <span style=\"font-size: xx-small;\"><span style=\"color: #ff0000;\"><br \/>\nDirecto<\/span><b>: <\/b> 0230<\/span><span style=\"font-size: xx-small;\">-4664772<\/span><span style=\"font-size: xx-small;\"><br \/>\n<\/span><span style=\"font-size: xx-small;\"> <span style=\"color: #ff0000;\">M\u00f3vil:<\/span><b> <\/b> 0230<\/span><span style=\"font-size: xx-small;\">-15-4584535<br \/>\n011-15-6096-4656 ID 558*3763<br \/>\n<\/span><span style=\"color: #ff0000; font-size: xx-small;\"> Skype:<\/span><span style=\"font-size: xx-small;\"> quasarcomunicacion<br \/>\n<\/span><span style=\"color: #ff0000; font-size: xx-small;\"> Twitter:<\/span><span style=\"font-size: xx-small;\"> @quasarpilar<br \/>\n<\/span><span style=\"color: #ff0000; font-size: xx-small;\"> Gr<\/span><span style=\"color: #ff0000; font-size: xx-small;\">upo y p\u00e1gina en Facebook: <\/span> <span style=\"color: #808080; font-size: xx-small;\">www.facebook.com\/<\/span><a href=\"mailto:mfipata@gmail.com\"><span style=\"font-size: xx-small;\">Quasar<\/span><\/a><span style=\"font-size: xx-small;\">Comunicacion<br \/>\n<\/span><span style=\"font-size: xx-small;\"> <span style=\"color: #ff0000;\">LinkedIn<\/span><b>:\u00a0 <\/b><\/span> <span style=\"font-size: xx-small;\"><b> <a href=\"http:\/\/www.linkedin.com\/in\/mfipata\"> http:\/\/www.linkedin.com\/in\/mfipata<\/a><\/b><\/span><span style=\"font-size: xx-small;\"><br \/>\n<\/span><span style=\"color: #ff0000; font-size: xx-small;\"> Web:<\/span><b><\/b> <a href=\"http:\/\/www.quasarcomunicacion.com.ar\/\"> <span style=\"font-size: xx-small;\">www.quasarcomunicacion.com.ar<\/span><\/a><span style=\"font-size: xx-small;\"><br \/>\n<\/span><span style=\"font-size: xx-small;\"> <span style=\"color: #ff0000;\">Mail<\/span><b>:<\/b><\/span><span style=\"font-size: xx-small;\"><a href=\"mailto:fernanda@quasarcomunicacion.com.ar\"> fernanda@quasarcomunicacion.com.ar<\/a><\/span><\/p>\n<\/td>\n<\/tr>\n<\/tbody>\n<\/table>\n<\/div>\n","protected":false},"excerpt":{"rendered":"<p>\u00a0El viernes finaliz\u00f3 la SEMANA DEL EMPRENDEDOR PILARENSE, celebrada por segundo a\u00f1o consecutivo gracias a la iniciativa de Emprender Hoy [&hellip;]<\/p>\n","protected":false},"author":2,"featured_media":6535,"comment_status":"open","ping_status":"open","sticky":false,"template":"","format":"standard","meta":[],"categories":[2],"tags":[],"_links":{"self":[{"href":"https:\/\/quasarcomunicacion.com.ar\/web\/wp-json\/wp\/v2\/posts\/6534"}],"collection":[{"href":"https:\/\/quasarcomunicacion.com.ar\/web\/wp-json\/wp\/v2\/posts"}],"about":[{"href":"https:\/\/quasarcomunicacion.com.ar\/web\/wp-json\/wp\/v2\/types\/post"}],"author":[{"embeddable":true,"href":"https:\/\/quasarcomunicacion.com.ar\/web\/wp-json\/wp\/v2\/users\/2"}],"replies":[{"embeddable":true,"href":"https:\/\/quasarcomunicacion.com.ar\/web\/wp-json\/wp\/v2\/comments?post=6534"}],"version-history":[{"count":0,"href":"https:\/\/quasarcomunicacion.com.ar\/web\/wp-json\/wp\/v2\/posts\/6534\/revisions"}],"wp:featuredmedia":[{"embeddable":true,"href":"https:\/\/quasarcomunicacion.com.ar\/web\/wp-json\/wp\/v2\/media\/6535"}],"wp:attachment":[{"href":"https:\/\/quasarcomunicacion.com.ar\/web\/wp-json\/wp\/v2\/media?parent=6534"}],"wp:term":[{"taxonomy":"category","embeddable":true,"href":"https:\/\/quasarcomunicacion.com.ar\/web\/wp-json\/wp\/v2\/categories?post=6534"},{"taxonomy":"post_tag","embeddable":true,"href":"https:\/\/quasarcomunicacion.com.ar\/web\/wp-json\/wp\/v2\/tags?post=6534"}],"curies":[{"name":"wp","href":"https:\/\/api.w.org\/{rel}","templated":true}]}}