{"id":6459,"date":"2015-11-10T15:55:05","date_gmt":"2015-11-10T18:55:05","guid":{"rendered":"https:\/\/quasarcomunicacion.com.ar\/web\/?p=6459"},"modified":"2015-11-10T15:55:05","modified_gmt":"2015-11-10T18:55:05","slug":"semana-del-emprendedor-pilarense-2015","status":"publish","type":"post","link":"https:\/\/quasarcomunicacion.com.ar\/web\/semana-del-emprendedor-pilarense-2015\/","title":{"rendered":"Semana del Emprendedor Pilarense 2015"},"content":{"rendered":"<p style=\"text-align: left;\" align=\"center\"><span style=\"font-family: Verdana; font-size: small;\">\u00a0Por segundo a\u00f1o consecutivo se realizar\u00e1 en Pilar la <\/span><b style=\"font-family: Verdana; font-size: small;\">SEMANA DEL EMPRENDEDOR PILARENSE<\/b><span style=\"font-family: Verdana; font-size: small;\">, instituida por Ordenanza Municipal la tercera semana de noviembre en adhesi\u00f3n a la<\/span><b style=\"font-family: Verdana; font-size: small;\"> Semana Global del Emprendedurismo (GEW) <\/b><span style=\"font-family: Verdana; font-size: small;\">que se celebra en m\u00e1s de 140 pa\u00edses en todo el mundo. Durante toda la semana habr\u00e1 actividades abiertas a la comunidad, gratuitas y aranceladas, para fomentar los valores de la cultura emprendedora. La iniciativa es impulsada y coordinada por <\/span><b style=\"font-family: Verdana; font-size: small;\">Emprender Hoy <\/b><span style=\"font-family: Verdana; font-size: small;\">y<\/span><b style=\"font-family: Verdana; font-size: small;\"> Pilar Emprende<\/b><span style=\"font-family: Verdana; font-size: small;\"> (www.emprenderhoy.com.ar) y cuenta con el apoyo de instituciones, emprendedores, empresas, organismos p\u00fablicos y medios de comunicaci\u00f3n.<!--more--><\/span><\/p>\n<p><a href=\"https:\/\/quasarcomunicacion.com.ar\/web\/wp-content\/uploads\/2015\/11\/emprendedores14.gif\"><img class=\"aligncenter\" alt=\"emprendedores14\" src=\"https:\/\/quasarcomunicacion.com.ar\/web\/wp-content\/uploads\/2015\/11\/emprendedores14.gif\" \/><\/a><br \/>\n<span style=\"font-family: Verdana; font-size: small;\">Toda la agenda de actividades y las formas de inscripci\u00f3n pueden verse en <a href=\"http:\/\/www.emprenderhoy.com.ar\/semana2015.html\"> www.emprenderhoy.com.ar\/semana2015.html<\/a> <\/span><br \/>\n<b><span style=\"color: #ff0000; font-family: Verdana; font-size: small;\">AGENDA DE ACTIVIDADES EN PILAR<\/span><\/b><br \/>\n<span style=\"font-family: Verdana; font-size: small;\"><span style=\"text-decoration: underline;\"><b>14\/11: Taller \u201cFacebook para Emprendedores\u201d<\/b><\/span><\/span><br \/>\n<span style=\"font-family: Verdana; font-size: small;\">Cu\u00e1ndo: s\u00e1bado 14\/11\/2015 \u2013 De 9 a 11 hs <\/span><br \/>\n<span style=\"font-family: Verdana; font-size: small;\">D\u00f3nde: Qu\u00e1sar Comunicaci\u00f3n (Ituzaing\u00f3 436, 3\u00ba A) <\/span><br \/>\n<span style=\"font-family: Verdana; font-size: small;\">Qui\u00e9n: Lic. Mar\u00eda Fernanda Ipata, directora de Qu\u00e1sar Comunicaci\u00f3n <\/span><br \/>\n<span style=\"font-family: Verdana; font-size: small;\">Inscripci\u00f3n on line: <a href=\"http:\/\/goo.gl\/forms\/ytRCgvJuLl\"> http:\/\/goo.gl\/forms\/ytRCgvJuLl<\/a>\u00a0 <\/span><br \/>\n<span style=\"font-family: Verdana; font-size: small;\">Inversi\u00f3n: 300 pesos (contado efectivo) o $350 (Mercado Pago) <\/span><br \/>\n<span style=\"font-family: Verdana; font-size: small;\"><span style=\"text-decoration: underline;\"><b>14\/11: Seminario DISE\u00d1O DE LOCALES COMERCIALES <\/b><\/span><\/span><br \/>\n<span style=\"font-family: Verdana; font-size: small;\">Cu\u00e1ndo: s\u00e1bado 14\/11\/2015 \u2013 De 10 a 13 hs <\/span><br \/>\n<span style=\"font-family: Verdana; font-size: small;\">D\u00f3nde: DECOmobi Pilar \u2013 V\u00edctor Vergani 632, depto 3. Pilar <\/span><br \/>\n<span style=\"font-family: Verdana; font-size: small;\">Qui\u00e9n: dis. Fernando Mazzetti, profesor de DECOmobi <\/span><br \/>\n<span style=\"font-family: Verdana; font-size: small;\">Inversi\u00f3n: alumnos y egresados: cada seminario: $300, ambos $500. Invitados: cada seminario $350 , ambos $600 <\/span><br \/>\n<span style=\"font-family: Verdana; font-size: small;\">Organiza: DECOmobi Escuelas de Decoraci\u00f3n <\/span><br \/>\n<span style=\"font-family: Verdana; font-size: small;\">INSCRIPCION: info@decomobi.com.ar \/\/ 156 767 6668 <\/span><br \/>\n<span style=\"font-family: Verdana; font-size: small;\"><span style=\"text-decoration: underline;\"><b>14\/11: Seminario DISE\u00d1O DE VIDRIERAS con Taller Grupal<\/b><\/span><\/span><br \/>\n<span style=\"font-family: Verdana; font-size: small;\">Cu\u00e1ndo: s\u00e1bado 14\/11\/2015 \u2013 De 14 a 17 hs <\/span><br \/>\n<span style=\"font-family: Verdana; font-size: small;\">D\u00f3nde: DECOmobi Pilar \u2013 V\u00edctor Vergani 632, depto 3. Pilar <\/span><br \/>\n<span style=\"font-family: Verdana; font-size: small;\">Qui\u00e9n: dis. Fernando Mazzetti, profesor de DECOmobi <\/span><br \/>\n<span style=\"font-family: Verdana; font-size: small;\">Inversi\u00f3n: alumnos y egresados: cada seminario: $300, ambos $500. Invitados: cada seminario $350 , ambos $600 <\/span><br \/>\n<span style=\"font-family: Verdana; font-size: small;\">INSCRIPCION: info@decomobi.com.ar \/\/ 156 767 6668 <\/span><br \/>\n<span style=\"font-family: Verdana; font-size: small;\">Organiza: DECOmobi Escuelas de Decoraci\u00f3n <\/span><br \/>\n<span style=\"font-family: Verdana; font-size: small;\"><span style=\"text-decoration: underline;\"><b>16\/11: Charla \u201cSistemas de Gesti\u00f3n de Calidad Nueva Norma ISO 9001-2015\u2033<\/b><\/span><\/span><br \/>\n<span style=\"font-family: Verdana; font-size: small;\">Cu\u00e1ndo: lunes 16\/11\/2015 \u2013 9 hs <\/span><br \/>\n<span style=\"font-family: Verdana; font-size: small;\">D\u00f3nde: CEPIP (C\u00e1mara Empresaria del Parque Industrial Pilar) Ruta 8, Km. 60, Parque Industrial Pilar- Calle Del Canal Nro. 1758, Centro de Equipamiento Comunitario Industrial. <\/span><br \/>\n<span style=\"font-family: Verdana; font-size: small;\">Qui\u00e9n: Lic. Juli\u00e1n Candermo, consultor en Sistemas de Calidad <\/span><br \/>\n<span style=\"font-family: Verdana; font-size: small;\">Inscripci\u00f3n on line: <a href=\"http:\/\/goo.gl\/forms\/ykKbqATRW7\"> http:\/\/goo.gl\/forms\/ykKbqATRW7<\/a>\u00a0 <\/span><br \/>\n<span style=\"font-family: Verdana; font-size: small;\">Entrada libre y gratuita <\/span><br \/>\n<span style=\"font-family: Verdana; font-size: small;\"><span style=\"text-decoration: underline;\"><b>16\/11: Charla \u201cLa importancia de la imagen personal en los negocios\u201d<\/b><\/span><\/span><br \/>\n<span style=\"font-family: Verdana; font-size: small;\">Cu\u00e1ndo: lunes 16\/11\/2015 \u2013 18.30 hs <\/span><br \/>\n<span style=\"font-family: Verdana; font-size: small;\">D\u00f3nde: Sport Club Mujer (Paseo Champagnat, 1\u00ba piso. Km 54 de Ramal Pilar) <\/span><br \/>\n<span style=\"font-family: Verdana; font-size: small;\">Qui\u00e9n: Florencia Duc\u00f3s, Connie Moreno y Jesica Echarri <\/span><br \/>\n<span style=\"font-family: Verdana; font-size: small;\">Inscripci\u00f3n on line: <a href=\"http:\/\/goo.gl\/forms\/5MAfdP8vZi\"> http:\/\/goo.gl\/forms\/5MAfdP8vZi<\/a>\u00a0 <\/span><br \/>\n<span style=\"font-family: Verdana; font-size: small;\">Entrada libre y gratuita. Bono contribuci\u00f3n voluntario <\/span><br \/>\n<span style=\"font-family: Verdana; font-size: small;\"><span style=\"text-decoration: underline;\"><b>17\/11: Taller \u201cInventate tu propio empleo: EMPREND\u00c9\u201d<\/b><\/span><\/span><br \/>\n<span style=\"font-family: Verdana; font-size: small;\">Cu\u00e1ndo:\u00a0Martes 17\/11\/2015 \u2013\u00a0Turno ma\u00f1ana y Turno tarde<\/span><br \/>\n<span style=\"font-family: Verdana; font-size: small;\">D\u00f3nde:\u00a0Escuela Media N\u00b0 9 de F\u00e1tima<\/span><br \/>\n<span style=\"font-family: Verdana; font-size: small;\">Qui\u00e9n:\u00a0Lic Mar\u00eda Fernanda Ipata<\/span><br \/>\n<span style=\"font-family: Verdana; font-size: small;\">Actividad para los alumnos de la escuela gracias al trabajo\u00a0de la Fundaci\u00f3n Reciduca.<\/span><br \/>\n<span style=\"font-family: Verdana; font-size: small;\"><span style=\"text-decoration: underline;\"><b>18\/11: Cl\u00ednica e incubadora de emprendedores<\/b><\/span><\/span><br \/>\n<span style=\"font-family: Verdana; font-size: small;\">ORGANIZA: Mujeres Pilar (www.mujerespilar.com) <\/span><br \/>\n<span style=\"font-family: Verdana; font-size: small;\">Cu\u00e1ndo: mi\u00e9rcoles 18\/11 \u2013 de 9.30 a 12.30 \u2013 almuerzo- 13.30 a 15:30 <\/span><br \/>\n<span style=\"font-family: Verdana; font-size: small;\">D\u00f3nde: Pizza Cero Village Pilar. Panamericana km. 50 <\/span><br \/>\n<span style=\"font-family: Verdana; font-size: small;\">Qui\u00e9n: Lic Diego Bresler, director de DB Consultor\u00eda <\/span><br \/>\n<span style=\"font-family: Verdana; font-size: small;\">Actividad arancelada, inversi\u00f3n: $1500 (Almuerzo incluido) <\/span><br \/>\n<span style=\"font-family: Verdana; font-size: small;\">Reservas y consultas: <a href=\"mailto:info@mujerespilar.com\">info@mujerespilar.com<\/a>\u00a0 <\/span><br \/>\n<span style=\"font-family: Verdana; font-size: small;\"><span style=\"text-decoration: underline;\"><b>19\/11: Charla \u201cIdeas para fomentar la creatividad en la empresa\u201d<\/b><\/span><\/span><br \/>\n<span style=\"font-family: Verdana; font-size: small;\">Cu\u00e1ndo: Jueves 19\/11\/2015 \u2013 19.30 hs <\/span><br \/>\n<span style=\"font-family: Verdana; font-size: small;\">D\u00f3nde: C\u00e1mara de Comercio de Del Viso (Av. Eduardo Madero 1304 1\u00ba Piso, Del Viso). <\/span><br \/>\n<span style=\"font-family: Verdana; font-size: small;\">Qui\u00e9n: Lic. Elizabeth Far\u00edas, titular de Cespym Cursos <\/span><br \/>\n<span style=\"font-family: Verdana; font-size: small;\">Inscripci\u00f3n on line: <a href=\"http:\/\/goo.gl\/forms\/VynKEhmuai\"> http:\/\/goo.gl\/forms\/VynKEhmuai<\/a>\u00a0 <\/span><br \/>\n<span style=\"font-family: Verdana; font-size: small;\">Entrada libre y gratuita. Bono contribuci\u00f3n optativo <\/span><br \/>\n<span style=\"font-family: Verdana; font-size: small;\"><span style=\"text-decoration: underline;\"><b>20\/11: Charla \u00bfpor qu\u00e9 vale la pena emprender?<\/b><\/span><\/span><br \/>\n<span style=\"font-family: Verdana; font-size: small;\">Cu\u00e1ndo: Viernes 20\/11\/2015 \u2013 15.30 hs <\/span><br \/>\n<span style=\"font-family: Verdana; font-size: small;\">D\u00f3nde: Galer\u00eda Site Zen, Chubut 45, bajada Km 50 a pocos metros de Village Pilar <\/span><br \/>\n<span style=\"font-family: Verdana; font-size: small;\">Qui\u00e9n: Lic. Mar\u00eda Florencia Frixione, CEO de Frix Semillero de Emprendedores <\/span><br \/>\n<span style=\"font-family: Verdana; font-size: small;\">Entrada libre y gratuita. Bono contribuci\u00f3n optativo <\/span><br \/>\n<span style=\"font-family: Verdana; font-size: small;\">Inscripci\u00f3n on line: <a href=\"http:\/\/goo.gl\/forms\/gBMQdPk2MJ\"> http:\/\/goo.gl\/forms\/gBMQdPk2MJ<\/a> <\/span><br \/>\n<b><span style=\"font-family: Verdana; font-size: small;\">APOYOS<\/span><\/b><br \/>\n<span style=\"font-family: Verdana; font-size: xx-small;\">Este a\u00f1o, la iniciativa es apoyada por los sponsors: Pilar GPS Gu\u00eda de Productos y Servicios; Qu\u00e1sar Comunicaci\u00f3n Consultora boutique de Prensa; Pilar Emprende Radio;Pilar de Feria; Pilar Hoy Noticias. <\/span><br \/>\n<span style=\"font-family: Verdana; font-size: xx-small;\">Entre los organizadores de actividades y capacitadores se encuentran: Juli\u00e1n Candermo; Elizabeth Far\u00edas de Cespym Cursos; Florencia Duc\u00f3s de Florencia Duc\u00f3s Marketing Personal; Connie Moreno de Connie Moreno Maquillaje Aerogr\u00e1fico; J\u00e9sica Echarri de J\u00e9sica Echarri Fotograf\u00eda; Mar\u00eda Florencia Frixione de Frix Semillero de Emprendedores; Mar\u00eda Fernanda Ipata de Qu\u00e1sar comunicaci\u00f3n; Fernando Mazzetti de DECOmobi; Diego Bresler de DB Consultor\u00eda y Lola Inchauspe por Mujeres Pilar. <\/span><br \/>\n<span style=\"font-family: Verdana; font-size: xx-small;\">Instituciones y empresas aportaron sus espacios para la realizaci\u00f3n de actividades como la C\u00e1mara de Comercio de Del Viso; la C\u00e1mara Empresaria del Parque Industrial Pilar (CEPIP); Sport Club Mujer; Galer\u00eda Site Zen; Qu\u00e1sar comunicaci\u00f3n; DECOmobi Escuelas de Decoraci\u00f3n. <\/span><br \/>\n<span style=\"font-family: Verdana; font-size: xx-small;\">Y apoyan de diversas maneras empresas, instituciones y medios de comunicaci\u00f3n como Remises Baires; North Rent a Car; Cespym Cursos; Florencia Duc\u00f3s Marketing Personal; Connie Moreno Maquillaje Aerogr\u00e1fico; J\u00e9sica Echarri Fotograf\u00eda; Ente de Promoci\u00f3n de Pilar; Fundaci\u00f3n Reciduca; Escuela Media N\u00ba 9 de F\u00e1tima; Biztorming Training &amp; Consulting; Frix Semillero de Emprendedores; Direcci\u00f3n de Empleo y Capacitaci\u00f3n de la Municipalidad de Pilar; Escuela de coaching No Directivo de Pilar; Mujeres Empresarias de Del Viso; Mujeres Pilar; Sociedad de Comerciantes, Industriales, Propietarios y Afines de Pilar (SCIPA); Fundaci\u00f3n Madre Emprendedora; Radio X Pilar; diario Resumen de Pilar; Wid\u00fa Networking Space; DECOmobi Escuelas de Decoraci\u00f3n; Claudia Castillo Eventos y Ambientaciones; Construyo Puentes; Fundaci\u00f3n Mano Amiga.<\/span><br \/>\n<span style=\"font-family: Verdana; font-size: xx-small;\">Tambi\u00e9n habr\u00e1 premios en las actividades y se podr\u00e1 participar por algunos de forma on line gracias al aporte de regalos y descuentos de Sushi At Home, Crew Escuela de Baile; Gestor\u00eda Montoya; Victoria Lencer\u00eda e Indumentaria; Cosquillitas Eventos; Centro de Estudios de Formaci\u00f3n Aeron\u00e1utica (CEFA); Mujeres que Emprenden; Belle Femme Belleza y Bienestar; Pilar Emprende Radio; Cespym Cursos; Pilar GPS Gu\u00eda de Productos y servicios; Qu\u00e1sar Comunicaci\u00f3n, INICIA Emprender para el Futuro y muchos m\u00e1s que se siguen sumando<\/span><span style=\"font-family: Verdana; font-size: small;\"><br \/>\n<b><br \/>\nQu\u00e9 es la Global Entrepreneurship Week? <\/b><\/span><br \/>\n<span style=\"font-family: Verdana; font-size: xx-small;\">Por si todav\u00eda no conoces la Global Entrepreneurship Week, se trata de una iniciativa global donde participan 140 pa\u00edses, 10mil partners y 7 millones de personas. Est\u00e1 respaldada por gobiernos y emprendedores de todo el mundo que se han unido a la iniciativa para fomentar los valores de la cultura emprendedora.<\/span><br \/>\n<span style=\"font-family: Verdana; font-size: xx-small;\">La Global Entrepreneurship Week est\u00e1 respaldada por gobiernos y emprendedores de todo el mundo que se han unido a la iniciativa para fomentar los valores de la cultura emprendedora. El primer ministro brit\u00e1nico David Cameron, el presidente de EEUU Barack Obama, Sir Richard Branson, Michael Dell y otras muchas personalidades han prestado su apoyo a esta causa.<\/span><br \/>\nComo anfitri\u00f3n, Endeavor Argentina se encarga de coordinar las actividades, comunic\u00e1ndolas a trav\u00e9s de herramientas facilitadas para el desarrollo del proyecto, desde redes sociales, env\u00edo de mailing masivos y de aliados estrat\u00e9gicos. Ser partner implica sumar el logo de la GEW, compartir con nosotros las m\u00e9tricas de tu evento (objetivos, cantidad de participantes, organizaciones partners, etc)<br \/>\nGlobal Entrepreneurship Week es una plataforma que se expande para la conexi\u00f3n y colaboraci\u00f3n, que ayuda a millones de personas dar rienda suelta a sus ideas y convertirlas en nuevas empresas que resuelvan desaf\u00edos mundiales fortaleciendo la estabilidad econ\u00f3mica en todo el mundo.<br \/>\n<span style=\"font-family: Verdana; font-size: xx-small;\">La iniciativa puesta en marcha en 2008 y ha crecido r\u00e1pidamente a m\u00e1s de 140 pa\u00edses con campa\u00f1as nacionales organizadas por una serie de organizaciones que llegan a un p\u00fablico nuevo, prueba metodolog\u00edas de intervenci\u00f3n y fortalece sus ecosistemas-dando impulso a la pr\u00f3xima generaci\u00f3n de emprendedores y d\u00e1ndoles el poder para hacer su marca en el mundo.<\/span><\/p>\n<p align=\"right\"><span style=\"font-size: small;\"><b><i><span style=\"font-family: Arial;\">Por otras im\u00e1genes, audios o entrevistas no dude en contactarse<\/span><\/i><\/b><\/span><\/p>\n<p align=\"center\"><span style=\"font-size: small;\"><b><i> Contactos de Prensa<\/i><\/b><\/span><\/p>\n<div align=\"left\">\n<table width=\"100%\" border=\"1\" cellpadding=\"2\" align=\"left\">\n<tbody>\n<tr>\n<td width=\"50%\">\n<p align=\"left\"><strong> <span style=\"color: #ff0000; font-family: Arial; font-size: small;\">Mayra Ibarra <\/span><\/strong> <span style=\"font-size: medium;\"><strong> <span style=\"color: #808080; font-family: Arial; font-size: small;\"> &#8211; Asistente de Cuentas<\/span><\/strong><\/span><\/p>\n<p><span style=\"font-size: xx-small;\"><span style=\"color: #ff0000;\"> Directo<\/span><b>: <\/b> 0230<\/span><span style=\"font-size: xx-small;\">-4664772<br \/>\n<\/span><span style=\"color: #ff0000; font-size: xx-small;\"> Skype:<\/span><span style=\"font-size: xx-small;\"> quasarcomunicacion<br \/>\n<\/span><span style=\"color: #ff0000; font-size: xx-small;\"> Twitter:<\/span><span style=\"font-size: xx-small;\"> @quasarpilar<br \/>\n<\/span><span style=\"color: #ff0000; font-size: xx-small;\"> Gr<\/span><span style=\"color: #ff0000; font-size: xx-small;\">upo y p\u00e1gina en Facebook: <\/span> <span style=\"color: #808080; font-size: xx-small;\">www.facebook.com\/<\/span><a href=\"mailto:mfipata@gmail.com\"><span style=\"font-size: xx-small;\">Quasar<\/span><\/a><span style=\"font-size: xx-small;\">Comunicacion<br \/>\n<\/span><span style=\"color: #ff0000; font-size: xx-small;\"> Web:<\/span><b><\/b> <a href=\"http:\/\/www.quasarcomunicacion.com.ar\/\"> <span style=\"font-size: xx-small;\">www.quasarcomunicacion.com.ar<\/span><\/a><\/p>\n<p align=\"left\"><span style=\"font-size: xx-small;\"> <span style=\"color: #ff0000;\">Mail<\/span><b>:<\/b><\/span><span style=\"font-size: xx-small;\"> <a href=\"mailto:fernanda@quasarcomunicacion.com.ar\"> quasar@quasarcomunicacion.com.ar<\/a><\/span><\/p>\n<\/td>\n<td width=\"50%\">\n<p align=\"right\"><span style=\"font-size: medium;\"><strong> <span style=\"color: #808080; font-family: Arial; font-size: small;\"> Lic. Mar\u00eda Fernanda Ipata &#8211; Directora<br \/>\n<\/span> <\/strong><\/span> <span style=\"font-size: xx-small;\"><span style=\"color: #ff0000;\"><br \/>\nDirecto<\/span><b>: <\/b> 0230<\/span><span style=\"font-size: xx-small;\">-4664772<\/span><span style=\"font-size: xx-small;\"><br \/>\n<\/span><span style=\"font-size: xx-small;\"> <span style=\"color: #ff0000;\">M\u00f3vil:<\/span><b> <\/b> 0230<\/span><span style=\"font-size: xx-small;\">-15-4584535<br \/>\n011-15-6096-4656 ID 558*3763<br \/>\n<\/span><span style=\"color: #ff0000; font-size: xx-small;\"> Skype:<\/span><span style=\"font-size: xx-small;\"> quasarcomunicacion<br \/>\n<\/span><span style=\"color: #ff0000; font-size: xx-small;\"> Twitter:<\/span><span style=\"font-size: xx-small;\"> @quasarpilar<br \/>\n<\/span><span style=\"color: #ff0000; font-size: xx-small;\"> Gr<\/span><span style=\"color: #ff0000; font-size: xx-small;\">upo y p\u00e1gina en Facebook: <\/span> <span style=\"color: #808080; font-size: xx-small;\">www.facebook.com\/<\/span><a href=\"mailto:mfipata@gmail.com\"><span style=\"font-size: xx-small;\">Quasar<\/span><\/a><span style=\"font-size: xx-small;\">Comunicacion<br \/>\n<\/span><span style=\"font-size: xx-small;\"> <span style=\"color: #ff0000;\">LinkedIn<\/span><b>:\u00a0 <\/b><\/span> <span style=\"font-size: xx-small;\"><b> <a href=\"http:\/\/www.linkedin.com\/in\/mfipata\"> http:\/\/www.linkedin.com\/in\/mfipata<\/a><\/b><\/span><span style=\"font-size: xx-small;\"><br \/>\n<\/span><span style=\"color: #ff0000; font-size: xx-small;\"> Web:<\/span><b><\/b> <a href=\"http:\/\/www.quasarcomunicacion.com.ar\/\"> <span style=\"font-size: xx-small;\">www.quasarcomunicacion.com.ar<\/span><\/a><span style=\"font-size: xx-small;\"><br \/>\n<\/span><span style=\"font-size: xx-small;\"> <span style=\"color: #ff0000;\">Mail<\/span><b>:<\/b><\/span><span style=\"font-size: xx-small;\"><a href=\"mailto:fernanda@quasarcomunicacion.com.ar\"> fernanda@quasarcomunicacion.com.ar<\/a><\/span><\/p>\n<\/td>\n<\/tr>\n<\/tbody>\n<\/table>\n<\/div>\n","protected":false},"excerpt":{"rendered":"<p>\u00a0Por segundo a\u00f1o consecutivo se realizar\u00e1 en Pilar la SEMANA DEL EMPRENDEDOR PILARENSE, instituida por Ordenanza Municipal la tercera semana [&hellip;]<\/p>\n","protected":false},"author":2,"featured_media":6460,"comment_status":"open","ping_status":"open","sticky":false,"template":"","format":"standard","meta":[],"categories":[2,34],"tags":[],"_links":{"self":[{"href":"https:\/\/quasarcomunicacion.com.ar\/web\/wp-json\/wp\/v2\/posts\/6459"}],"collection":[{"href":"https:\/\/quasarcomunicacion.com.ar\/web\/wp-json\/wp\/v2\/posts"}],"about":[{"href":"https:\/\/quasarcomunicacion.com.ar\/web\/wp-json\/wp\/v2\/types\/post"}],"author":[{"embeddable":true,"href":"https:\/\/quasarcomunicacion.com.ar\/web\/wp-json\/wp\/v2\/users\/2"}],"replies":[{"embeddable":true,"href":"https:\/\/quasarcomunicacion.com.ar\/web\/wp-json\/wp\/v2\/comments?post=6459"}],"version-history":[{"count":0,"href":"https:\/\/quasarcomunicacion.com.ar\/web\/wp-json\/wp\/v2\/posts\/6459\/revisions"}],"wp:featuredmedia":[{"embeddable":true,"href":"https:\/\/quasarcomunicacion.com.ar\/web\/wp-json\/wp\/v2\/media\/6460"}],"wp:attachment":[{"href":"https:\/\/quasarcomunicacion.com.ar\/web\/wp-json\/wp\/v2\/media?parent=6459"}],"wp:term":[{"taxonomy":"category","embeddable":true,"href":"https:\/\/quasarcomunicacion.com.ar\/web\/wp-json\/wp\/v2\/categories?post=6459"},{"taxonomy":"post_tag","embeddable":true,"href":"https:\/\/quasarcomunicacion.com.ar\/web\/wp-json\/wp\/v2\/tags?post=6459"}],"curies":[{"name":"wp","href":"https:\/\/api.w.org\/{rel}","templated":true}]}}