{"id":6438,"date":"2015-11-05T12:41:09","date_gmt":"2015-11-05T15:41:09","guid":{"rendered":"https:\/\/quasarcomunicacion.com.ar\/web\/?p=6438"},"modified":"2015-11-05T12:41:09","modified_gmt":"2015-11-05T15:41:09","slug":"se-presento-estilo-pilar-2016","status":"publish","type":"post","link":"https:\/\/quasarcomunicacion.com.ar\/web\/se-presento-estilo-pilar-2016\/","title":{"rendered":"Se present\u00f3 Estilo Pilar 2016"},"content":{"rendered":"<p style=\"text-align: left;\" align=\"center\"><span style=\"font-family: Verdana; font-size: small;\">El prestigioso evento de decoraci\u00f3n, arte y paisajismo con fines ben\u00e9ficos se desarrollar\u00e1 del 18 de Marzo al 17 de Abril y tendr\u00e1 como sede al exclusivo proyecto residencial Lagoon Pilar.<\/span><\/p>\n<p align=\"center\"><span style=\"font-family: Verdana; font-size: small;\"><!--more--> <\/span><\/p>\n<p><span style=\"font-family: Verdana; font-size: small;\">Buenos Aires, 5 de noviembre de 2015.- Se present\u00f3 <b>Estilo Pilar 2016<\/b>, la prestigiosa muestra de decoraci\u00f3n, arte y paisajismo que organiza desde 1999 la <b>Asociaci\u00f3n Amigos del Pilar <\/b>(ADP), y que tiene la misi\u00f3n de brindar ayuda en materia de salud odontol\u00f3gica a ni\u00f1os de escasos recursos. Bajo el lema <b>\u201cLa Playa\u201d<\/b>, esta nueva edici\u00f3n de la muestra se desarrollar\u00e1 del 18 de Marzo al 17 de Abril en el exclusivo y novedoso Lagoon Pilar.<\/span><br \/>\n<a href=\"https:\/\/quasarcomunicacion.com.ar\/web\/wp-content\/uploads\/2015\/11\/auditorio.gif\"><img class=\"aligncenter\" alt=\"auditorio\" src=\"https:\/\/quasarcomunicacion.com.ar\/web\/wp-content\/uploads\/2015\/11\/auditorio.gif\" \/><\/a><br \/>\n<span style=\"font-family: Verdana; font-size: small;\">Con un evento en Espacio Pilar, se convoc\u00f3 a m\u00e1s de ciento cincuenta expositores de arte, paisajismo y decoraci\u00f3n que conocieron el proyecto de esta nueva edici\u00f3n de la muestra. El proyecto invita al p\u00fablico a disfrutar de las innovadoras propuestas de los expositores, quienes ya est\u00e1n planeando su trabajo con entusiasmo.<\/span><br \/>\n<span style=\"font-family: Verdana; font-size: small;\">Haydee Burgue\u00f1o, Presidente de la Comisi\u00f3n Directiva de ADP, tom\u00f3 primera la palabra y cont\u00f3 que \u201cDesde el 2004 hasta hoy, se brind\u00f3 asistencia a m\u00e1s de 55mil ni\u00f1os y se brindaron 134.700 prestaciones en nuestros consultorios odontol\u00f3gicos y a trav\u00e9s de los profesionales que se sumaron y comprometieron con la causa, en esta nueva etapa de otorgamiento de becas\u201d<\/span><br \/>\n<span style=\"font-family: Verdana; font-size: small;\">En este marco, Haydee Burgue\u00f1o anunci\u00f3 el Concurso nacional de fotograf\u00eda que se llevar\u00e1 a cabo en el marco de Estilo Pilar, que tendr\u00e1 un espacio propio en el sector de arte de la muestra y cuyos ganadores tendr\u00e1n importantes premios, las obras seleccionadas se exhibir\u00e1n en la exposici\u00f3n y posteriormente las obras premiadas en la Casa de la Cultura de Pilar, el tercer premio ser\u00e1 una beca para realizar en un importante estudio cursos de fotograf\u00eda.<\/span><br \/>\n<span style=\"font-family: Verdana; font-size: small;\">Luego fue el turno del Director Comercial de Monarca, Lic. Mariano Galeazza, uno de los responsables del proyecto residencial Lagoon Pilar, que se dar\u00e1 a conocer al p\u00fablico a trav\u00e9s de la muestra. Resalt\u00f3 los detalles del proyecto y todas las cualidades que lo hacen \u00fanico e ideal:\u201cEl factor diferencial de este proyecto es la Crystal Lagoon de 3,5 hect\u00e1reas que se instalar\u00e1 en el centro del predio, otorgando una impronta \u00fanica y dando el marco para tener \u201cuna vida de playa\u201dpara todos los habitantes del lugar\u201d, resalt\u00f3. El predio est\u00e1 situado en el Km 46 de Panamericana ramal Pilar, tiene un total de 29 hect\u00e1reas y contar\u00e1 con 640 departamentos.<\/span><br \/>\n<span style=\"font-family: Verdana; font-size: small;\">Esta edici\u00f3n, como las anteriores, contar\u00e1 con el apoyo y la presencia de empresas sponsors tales como Color\u00edn, Longvie, Riel Americano y Masisa.<br \/>\nAdem\u00e1s, la muestra es acompa\u00f1ada por DArA &#8211; Dise\u00f1adores de Interior Argentinos Asociados- quienes a trav\u00e9s de su beca ofrecen a sus asociados un stand en Espacio Pilar d\u00e1ndoles la posibilidad de mostrar sus creaciones a las miles de personas que edici\u00f3n a edici\u00f3n la visitan pensando en el fin solidario que la muestra tiene.<br \/>\n<b>Sobre Amigos del Pilar<\/b><\/span><br \/>\n<span style=\"font-family: Verdana; font-size: xx-small;\">La asociaci\u00f3n \u201cAmigos del Pilar\u201d surgi\u00f3 de la inquietud de un grupo de mujeres con esp\u00edritu solidario que deseaban colaborar y comprometerse con su comunidad. Este proyecto logr\u00f3 su concreci\u00f3n a principios de 1996 y desde sus inicios trabajan con el objetivo de generar \u201cun Pilar con atenci\u00f3n digna para los m\u00e1s necesitados\u201d.<br \/>\nComo todos los a\u00f1os anteriores, Estilo Pilar es organizado por Amigos del Pilar, una Asociaci\u00f3n Civil que surgi\u00f3 de la inquietud de un grupo de mujeres con esp\u00edritu solidario que deseaban colaborar y comprometerse con su comunidad. Desde el a\u00f1o 1996 trabajan en el partido de Pilar con la misi\u00f3n de brindar ayuda a ni\u00f1os de escasos recursos en materia de salud odontol\u00f3gica. Para llevar a cabo esta tarea, en el a\u00f1o 2004 crearon los consultorios odontol\u00f3gicos propios, que funcionaron ininterrumpidamente hasta octubre del 2014. Durante esos diez a\u00f1os se dio atenci\u00f3n a m\u00e1s de 50 mil chicos y se brindaron 134.700 prestaciones. <\/span><br \/>\n<span style=\"font-family: Verdana; font-size: xx-small;\">A partir del 1 de octubre de ese a\u00f1o iniciaron un nuevo camino. Formularon un nuevo sistema de becas que hace posible que tanto antiguos pacientes, como aquellos nuevos que soliciten atenci\u00f3n, puedan ser atendidos con la financiaci\u00f3n de Amigos del Pilar. Este nuevo proyecto es posible tambi\u00e9n gracias a la ayuda de profesionales solidarios que comprenden la tarea y est\u00e1n involucrados con la obra de la fundaci\u00f3n.<\/span><\/p>\n<p align=\"left\"><span style=\"font-size: small;\"><b><i><span style=\"font-family: Arial;\">Por otras im\u00e1genes, audios o entrevistas no dude en contactarse<\/span><\/i><\/b><\/span><\/p>\n<p align=\"left\">Toda la informaci\u00f3n en <a href=\"http:\/\/www.quasarcomunicacion.com.ar\/web\/estilopilar16\"> www.quasarcomunicacion.com.ar\/web\/estilopilar16<\/a><\/p>\n<p align=\"center\"><span style=\"font-size: small;\"><b><i> Contactos de Prensa<\/i><\/b><\/span><\/p>\n<div align=\"left\">\n<table width=\"100%\" border=\"1\" cellpadding=\"2\" align=\"left\">\n<tbody>\n<tr>\n<td width=\"50%\">\n<p align=\"left\"><strong> <span style=\"color: #ff0000; font-family: Arial; font-size: small;\">Candela Villanueva <\/span><\/strong> <span style=\"font-size: medium;\"><strong> <span style=\"color: #808080; font-family: Arial; font-size: small;\"> &#8211; Asistente de Cuentas<br \/>\n<\/span> <\/strong><\/span> <span style=\"font-size: xx-small;\"><span style=\"color: #ff0000;\"> Directo<\/span><b>: <\/b> 0230<\/span><span style=\"font-size: xx-small;\">-4664772<br \/>\n<\/span><span style=\"color: #ff0000; font-size: xx-small;\"> Skype:<\/span><span style=\"font-size: xx-small;\"> quasarcomunicacion<br \/>\n<\/span><span style=\"color: #ff0000; font-size: xx-small;\"> Twitter:<\/span><span style=\"font-size: xx-small;\"> @quasarpilar<br \/>\n<\/span><span style=\"color: #ff0000; font-size: xx-small;\"> Gr<\/span><span style=\"color: #ff0000; font-size: xx-small;\">upo y p\u00e1gina en Facebook: <\/span> <span style=\"color: #808080; font-size: xx-small;\">www.facebook.com\/<\/span><a href=\"mailto:mfipata@gmail.com\"><span style=\"font-size: xx-small;\">Quasar<\/span><\/a><span style=\"font-size: xx-small;\">Comunicacion<br \/>\n<\/span><span style=\"color: #ff0000; font-size: xx-small;\"> Web:<\/span><b><\/b> <a href=\"http:\/\/www.quasarcomunicacion.com.ar\/\"> <span style=\"font-size: xx-small;\">www.quasarcomunicacion.com.ar<\/span><\/a><\/p>\n<p align=\"left\"><span style=\"font-size: xx-small;\"> <span style=\"color: #ff0000;\">Mail<\/span><b>:<\/b><\/span><span style=\"font-size: xx-small;\"> <a href=\"mailto:fernanda@quasarcomunicacion.com.ar\"> candela<\/a><a href=\"mailto:fernanda@quasarcomunicacion.com.ar\">@quasarcomunicacion.com.ar<\/a><\/span><\/p>\n<\/td>\n<td width=\"50%\">\n<p align=\"right\"><span style=\"font-size: medium;\"><strong> <span style=\"color: #808080; font-family: Arial; font-size: small;\"> Lic. Mar\u00eda Fernanda Ipata &#8211; Directora<br \/>\n<\/span> <\/strong><\/span> <span style=\"font-size: xx-small;\"><span style=\"color: #ff0000;\"><br \/>\nDirecto<\/span><b>: <\/b> 0230<\/span><span style=\"font-size: xx-small;\">-4664772<\/span><span style=\"font-size: xx-small;\"><br \/>\n<\/span><span style=\"font-size: xx-small;\"> <span style=\"color: #ff0000;\">M\u00f3vil:<\/span><b> <\/b> 0230<\/span><span style=\"font-size: xx-small;\">-15-4584535<br \/>\n011-15-6096-4656 ID 558*3763<br \/>\n<\/span><span style=\"color: #ff0000; font-size: xx-small;\"> Skype:<\/span><span style=\"font-size: xx-small;\"> quasarcomunicacion<br \/>\n<\/span><span style=\"color: #ff0000; font-size: xx-small;\"> Twitter:<\/span><span style=\"font-size: xx-small;\"> @quasarpilar<br \/>\n<\/span><span style=\"color: #ff0000; font-size: xx-small;\"> Gr<\/span><span style=\"color: #ff0000; font-size: xx-small;\">upo y p\u00e1gina en Facebook: <\/span> <span style=\"color: #808080; font-size: xx-small;\">www.facebook.com\/<\/span><a href=\"mailto:mfipata@gmail.com\"><span style=\"font-size: xx-small;\">Quasar<\/span><\/a><span style=\"font-size: xx-small;\">Comunicacion<br \/>\n<\/span><span style=\"font-size: xx-small;\"> <span style=\"color: #ff0000;\">LinkedIn<\/span><b>:\u00a0 <\/b><\/span> <span style=\"font-size: xx-small;\"><b> <a href=\"http:\/\/www.linkedin.com\/in\/mfipata\"> http:\/\/www.linkedin.com\/in\/mfipata<\/a><\/b><\/span><span style=\"font-size: xx-small;\"><br \/>\n<\/span><span style=\"color: #ff0000; font-size: xx-small;\"> Web:<\/span><b><\/b> <a href=\"http:\/\/www.quasarcomunicacion.com.ar\/\"> <span style=\"font-size: xx-small;\">www.quasarcomunicacion.com.ar<\/span><\/a><span style=\"font-size: xx-small;\"><br \/>\n<\/span><span style=\"font-size: xx-small;\"> <span style=\"color: #ff0000;\">Mail<\/span><b>:<\/b><\/span><span style=\"font-size: xx-small;\"><a href=\"mailto:fernanda@quasarcomunicacion.com.ar\"> fernanda@quasarcomunicacion.com.ar<\/a><\/span><\/p>\n<\/td>\n<\/tr>\n<\/tbody>\n<\/table>\n<\/div>\n","protected":false},"excerpt":{"rendered":"<p>El prestigioso evento de decoraci\u00f3n, arte y paisajismo con fines ben\u00e9ficos se desarrollar\u00e1 del 18 de Marzo al 17 de [&hellip;]<\/p>\n","protected":false},"author":2,"featured_media":6439,"comment_status":"open","ping_status":"open","sticky":false,"template":"","format":"standard","meta":[],"categories":[2],"tags":[],"_links":{"self":[{"href":"https:\/\/quasarcomunicacion.com.ar\/web\/wp-json\/wp\/v2\/posts\/6438"}],"collection":[{"href":"https:\/\/quasarcomunicacion.com.ar\/web\/wp-json\/wp\/v2\/posts"}],"about":[{"href":"https:\/\/quasarcomunicacion.com.ar\/web\/wp-json\/wp\/v2\/types\/post"}],"author":[{"embeddable":true,"href":"https:\/\/quasarcomunicacion.com.ar\/web\/wp-json\/wp\/v2\/users\/2"}],"replies":[{"embeddable":true,"href":"https:\/\/quasarcomunicacion.com.ar\/web\/wp-json\/wp\/v2\/comments?post=6438"}],"version-history":[{"count":0,"href":"https:\/\/quasarcomunicacion.com.ar\/web\/wp-json\/wp\/v2\/posts\/6438\/revisions"}],"wp:featuredmedia":[{"embeddable":true,"href":"https:\/\/quasarcomunicacion.com.ar\/web\/wp-json\/wp\/v2\/media\/6439"}],"wp:attachment":[{"href":"https:\/\/quasarcomunicacion.com.ar\/web\/wp-json\/wp\/v2\/media?parent=6438"}],"wp:term":[{"taxonomy":"category","embeddable":true,"href":"https:\/\/quasarcomunicacion.com.ar\/web\/wp-json\/wp\/v2\/categories?post=6438"},{"taxonomy":"post_tag","embeddable":true,"href":"https:\/\/quasarcomunicacion.com.ar\/web\/wp-json\/wp\/v2\/tags?post=6438"}],"curies":[{"name":"wp","href":"https:\/\/api.w.org\/{rel}","templated":true}]}}