{"id":642,"date":"2012-07-25T18:14:25","date_gmt":"2012-07-25T18:14:25","guid":{"rendered":"http:\/\/quasarcomunicacion.wordpress.com\/?p=642"},"modified":"2012-07-25T18:14:25","modified_gmt":"2012-07-25T18:14:25","slug":"celebracion-de-la-pachamama-en-la-reserva-natural-del-pilar","status":"publish","type":"post","link":"https:\/\/quasarcomunicacion.com.ar\/web\/celebracion-de-la-pachamama-en-la-reserva-natural-del-pilar\/","title":{"rendered":"Celebraci\u00f3n de la Pachamama en la Reserva Natural del Pilar"},"content":{"rendered":"<p style=\"text-align:left;\" align=\"center\"><span style=\"font-family:Verdana;font-size:small;\">La\u00a0<\/span><strong>Asociaci\u00f3n Patrimonio Natural<\/strong><span style=\"font-family:Verdana;font-size:small;\">\u00a0invita a toda la comunidad para el s\u00e1bado 4 de agosto a una jornada especial. Como cada a\u00f1o para esta \u00e9poca realizar\u00e1n la celebraci\u00f3n de la Pachamama, esta vez con con muchas familias que realizar\u00e1n una jornada especial de trabajo, y plantaci\u00f3n en\u00a0<\/span><strong>Reserva Natural del Pilar<\/strong><span style=\"font-family:Verdana;font-size:small;\">.<!--more--><\/span><\/p>\n<p><span style=\"font-family:Verdana;font-size:small;\">El pr\u00f3ximo s\u00e1bado 4 de agosto se realizar\u00e1n los festejos en honor de la Pachamama (Madre Tierra), donde sumar\u00e1n a la actividad tradicional, una jornada de trabajo.<\/span><br \/>\n<span style=\"font-family:Verdana;font-size:small;\">La\u00a0<strong>Reserva Natural<\/strong>\u00a0del Pilar se encuentra a menos de 2 km del casco urbano de la ciudad del Pilar y de la Panamericana (Ramal Pilar). Su acceso es muy f\u00e1cil ya que hay asfalto hasta el ingreso a la misma y el colectivo 501 llega hasta all\u00ed, indica a Ex F\u00e1brica Militar y parte del centro de Pilar. La Reserva se encuentra en la calle Argerich sin n\u00famero, detr\u00e1s de la ex F\u00e1brica Militar, por ruta 25 camino a Escobar.<\/span><br \/>\n<span style=\"font-family:Verdana;font-size:small;\">Los voluntarios aseguran \u00abcada a\u00f1o que sumamos, trae consigo cambios, acerc\u00e1ndonos a los 9 a\u00f1os de la\u00a0<strong>Reserva Natural del Pilar<\/strong>, este espacio abierto a la comunidad, nos convoca especialmente para sumar nuestros esfuerzos. La celebraci\u00f3n de este a\u00f1o nos encuentra con muchos temas sin resolver, pero con las fuerzas renovadas para hacer frente a \u00e9stos desaf\u00edos en un nuevo a\u00f1o\u00bb.<\/span><br \/>\n<span style=\"font-family:Verdana;font-size:small;\">Los talares siguen avanzando y descubrieron especies nuevas de aves, los reptiles y mam\u00edferos en b\u00fasqueda de alimento y abrigo, se dejan ver. Hay muchas razones para festejar y agradecer trabajando en comunidad. Las culturas nativas dan testimonio de la veneraci\u00f3n ante la majestad del universo, el respeto por la naturaleza y por cada uno de sus representantes y sobretodo sus RITMOS. La idea es revalorizar la relaci\u00f3n con nuestra tierra, con nuestra casa.<\/span><br \/>\n<span style=\"font-family:Verdana;font-size:small;\">La Pacha es la Madre, todo lo que sale de ella es vida, y todo lo que regresa a ella recibe nuevamente vida.<\/span><br \/>\n<span style=\"font-family:Verdana;font-size:small;\">Las Plantas, los Animales y las Personas estamos unidos a la tierra que nos sostiene y protege, ella mantiene el equilibrio de la vida Es como nuestra madre, pero un poco m\u00e1s, como la madre de todo y todos. A trav\u00e9s del respeto que le brindamos nos sentimos hermanos en una misma cultura, m\u00e1s seguros y protegidos.<\/span><br \/>\n<span style=\"font-family:Verdana;font-size:small;\">En el festejo de este d\u00eda, mediante diversas actividades y una ceremonia representativa, se ofrecer\u00e1n a la Pachamama, elementos que de ella han venido.<\/span><br \/>\n<span style=\"font-family:Verdana;font-size:small;\">Las ceremonias son muy diversas y cada comunidad aporta su visi\u00f3n particular, en la Reserva se har\u00e1n las ofrendas para agradecerle todo los que nos da y reflexionar\u00e1n sobre la relaci\u00f3n con la Madre Tierra, bregando porque en este a\u00f1o que comienza haya paz, alimentos para todos, salud y trabajo.<\/span><br \/>\n<strong><span style=\"font-family:Verdana;font-size:small;\">Cronograma de la jornada<\/span><\/strong><br \/>\n<span style=\"font-family:Verdana;font-size:small;\">Desde las 11 hs hasta las 14 hs, se realizar\u00e1n tareas de voluntariado<\/span><br \/>\n<span style=\"font-family:Verdana;font-size:small;\">A las 14 hs se realizar\u00e1 un descanso para almorzar, realiz\u00e1ndose a las 15 hs la Celebraci\u00f3n de la Pachamama<\/span><br \/>\n<span style=\"font-family:Verdana;font-size:small;\">A las 16 hs se continuar\u00e1 con los trabajos iniciados por la ma\u00f1ana.<\/span><br \/>\n<strong><span style=\"font-family:Verdana;font-size:small;\">Qu\u00e9 traer?<br \/>\nPara la celebraci\u00f3n:<\/span><\/strong><br \/>\n<span style=\"font-family:Verdana;font-size:small;\">Los organizadores esperan que los asistentes que deseen compartir esta ceremonia se acerquen con peque\u00f1os trozos de alimentos, telas o efectos que utilizan en sus trabajos y sobre todo con muchas ganas de disfrutar la naturaleza. Porque es la tierra quien nos da el alimento, el abrigo, la vida. De esta forma se sumar\u00e1n a una tradici\u00f3n que respeta a la Tierra y as\u00ed le dar\u00e1n gracias por lo que nos dio en el a\u00f1o que pas\u00f3 y pidi\u00e9ndole para el a\u00f1o que se inicia.<\/span><br \/>\n<span style=\"font-family:Verdana;font-size:small;\"><strong>Para colaborar<\/strong><br \/>\nEstar\u00e1n disponibles bonos contribuci\u00f3n de $5.<\/span><br \/>\n<span style=\"font-family:Verdana;font-size:small;\">Los particulares, comerciantes o empresas que deseen colaborar, se pueden comunicar por mail a\u00a0<a href=\"mailto:donaciones@patrimonionatural.org.ar\">donaciones@patrimonionatural.org.ar<\/a>\u00a0<\/span><br \/>\n<span style=\"font-family:Verdana;font-size:small;\">Se nos presenta otro modo de habitar el mundo, junto con las cosas, conviviendo con ellas, y no sobre las cosas, domin\u00e1ndolas.<\/span><\/p>\n","protected":false},"excerpt":{"rendered":"<p>La\u00a0Asociaci\u00f3n Patrimonio Natural\u00a0invita a toda la comunidad para el s\u00e1bado 4 de agosto a una jornada especial. Como cada a\u00f1o [&hellip;]<\/p>\n","protected":false},"author":2,"featured_media":0,"comment_status":"open","ping_status":"open","sticky":false,"template":"","format":"standard","meta":[],"categories":[2],"tags":[],"_links":{"self":[{"href":"https:\/\/quasarcomunicacion.com.ar\/web\/wp-json\/wp\/v2\/posts\/642"}],"collection":[{"href":"https:\/\/quasarcomunicacion.com.ar\/web\/wp-json\/wp\/v2\/posts"}],"about":[{"href":"https:\/\/quasarcomunicacion.com.ar\/web\/wp-json\/wp\/v2\/types\/post"}],"author":[{"embeddable":true,"href":"https:\/\/quasarcomunicacion.com.ar\/web\/wp-json\/wp\/v2\/users\/2"}],"replies":[{"embeddable":true,"href":"https:\/\/quasarcomunicacion.com.ar\/web\/wp-json\/wp\/v2\/comments?post=642"}],"version-history":[{"count":0,"href":"https:\/\/quasarcomunicacion.com.ar\/web\/wp-json\/wp\/v2\/posts\/642\/revisions"}],"wp:attachment":[{"href":"https:\/\/quasarcomunicacion.com.ar\/web\/wp-json\/wp\/v2\/media?parent=642"}],"wp:term":[{"taxonomy":"category","embeddable":true,"href":"https:\/\/quasarcomunicacion.com.ar\/web\/wp-json\/wp\/v2\/categories?post=642"},{"taxonomy":"post_tag","embeddable":true,"href":"https:\/\/quasarcomunicacion.com.ar\/web\/wp-json\/wp\/v2\/tags?post=642"}],"curies":[{"name":"wp","href":"https:\/\/api.w.org\/{rel}","templated":true}]}}