{"id":640,"date":"2012-07-25T18:13:26","date_gmt":"2012-07-25T18:13:26","guid":{"rendered":"http:\/\/quasarcomunicacion.wordpress.com\/?p=640"},"modified":"2012-07-25T18:13:26","modified_gmt":"2012-07-25T18:13:26","slug":"comenzo-la-1o-colecta-de-juguetes-de-la-scipa-2012","status":"publish","type":"post","link":"https:\/\/quasarcomunicacion.com.ar\/web\/comenzo-la-1o-colecta-de-juguetes-de-la-scipa-2012\/","title":{"rendered":"Comenz\u00f3 la 1\u00ba Colecta de Juguetes de la SCIPA 2012"},"content":{"rendered":"<p><span style=\"font-family:Verdana;font-size:small;\"><em><img loading=\"lazy\" src=\"http:\/\/www.quasarcomunicacion.com.ar\/scipa\/logo.gif\" alt=\"\" width=\"200\" height=\"203\" align=\"right\" border=\"0\" \/><\/em>Hasta el 4 de agosto, la\u00a0<strong>C\u00e1mara de Comercio e Industria de Pilar (SCIPA)<\/strong>\u00a0inici\u00f3 su primera Colecta de juguetes a beneficio de los chicos de la Biblioteca Palabras del Alma y del Hogar El Jag\u00fcel de Mar\u00eda.<!--more--><\/span><br \/>\n<span style=\"font-family:Verdana;font-size:small;\">Para tal fin se destinaron cuatro centros de recepci\u00f3n de juguetes nuevos o usados en buen estado.<\/span><br \/>\n<strong><span style=\"font-family:Verdana;font-size:small;\">Los centros de recolecci\u00f3n est\u00e1n ubicados en:<\/span><\/strong><br \/>\n<span style=\"font-family:Verdana;font-size:small;\">Sede central de SCIPA (Pedro Lagrave 563)<\/span><br \/>\n<span style=\"font-family:Verdana;font-size:small;\">Sede Torres del Sol de SCIPA (Ramal Pilar Km 50)<\/span><br \/>\n<span style=\"font-family:Verdana;font-size:small;\">Shopping Pilar Point (planta baja. Estanislao L\u00f3pez e Ituzaing\u00f3)<\/span><br \/>\n<span style=\"font-family:Verdana;font-size:small;\">Supermercado La Eco de Av. Tom\u00e1s M\u00e1rquez 1238<\/span><br \/>\n<span style=\"font-family:Verdana;font-size:small;\">Drugstore Ventura (Av Tom\u00e1s M\u00e1rquez 1295 esquina Martitegui)<\/span><br \/>\n<span style=\"font-family:Verdana;font-size:small;\">Las donaciones se reciben hasta el 4 de agosto y ser\u00e1n distribuidas a los ni\u00f1os de ambas instituciones del partido.<\/span><br \/>\n<span style=\"font-family:Verdana;font-size:small;\"><strong>Informes y consultas<\/strong>:\u00a0\u00a0<img src=\"\/\/lifbcibllhkdhoafpjfnlhfpfgnpldfl\/numbers_button_skype_logo.png\" alt=\"\" \/>0230-4428822\u00a0o 4426984 \/\u00a0<a href=\"mailto:info@scipapilar.org.ar\">info@scipapilar.org.ar<\/a><\/span><\/p>\n<p align=\"center\"><img loading=\"lazy\" src=\"http:\/\/www.quasarcomunicacion.com.ar\/scipa\/1207juguetes500.gif\" alt=\"\" width=\"506\" height=\"359\" \/><\/p>\n<p><span style=\"font-family:Arial;font-size:small;\">M\u00e1s info en\u00a0<\/span><a href=\"http:\/\/www.facebook.com\/scipapilar\">www.facebook.com\/scipapilar<\/a>\u00a0\u00f3\u00a0<a href=\"http:\/\/www.scipapilar.org.ar\/\">www.scipapilar.org.ar<\/a><br \/>\n<span style=\"font-size:small;\">Acerca de El Jag\u00fcel de Mar\u00eda<\/span><br \/>\n<span style=\"font-family:Verdana;font-size:xx-small;\">El Hogar naci\u00f3 en 1999, en la localidad de Villa Rosa, por iniciativa de las hermanas Estela y Susana Sosa quienes destinaron la casa paterna para albergar ni\u00f1os en situaci\u00f3n de riesgo o abandono.<\/span><br \/>\n<span style=\"font-family:Verdana;font-size:xx-small;\">El objetivo de las T\u00edas, como las llaman los chicos, es ofrecer un espacio de contenci\u00f3n y abrigo de todas las necesidades, tanto materiales como espirituales, a ni\u00f1os que han visto sus derechos vulnerados debido a situaciones familiares cr\u00edticas.<\/span><br \/>\n<span style=\"font-family:Verdana;font-size:xx-small;\">En los a\u00f1os de vida de El Jag\u00fcel de Mar\u00eda, pasaron por la casa m\u00e1s de 100 ni\u00f1os, algunos en condici\u00f3n transitoria y otros con mayor permanencia. Muchos de ellos ya son hombres y mujeres de bien que se acercan regularmente de visita porque no han perdido los lazos que los unen con el hogar.<\/span><br \/>\n<span style=\"font-family:Verdana;font-size:xx-small;\">En este momento, la casa alberga alrededor de 25 ni\u00f1os, de entre 3 y 17 a\u00f1os de edad. Los chicos reciben alimentaci\u00f3n, educaci\u00f3n y cuidado en un ambiente muy familiar ya que las t\u00edas se ocupan personalmente de cada uno de ellos. Para ello cuentan con la ayuda de sus respectivas familias y amigos, de voluntarios y colaboradores, y de personal o equipo t\u00e9cnico contratado.<\/span><br \/>\n<span style=\"font-size:xx-small;\">C\u00f3mo colaborar<\/span><br \/>\n<span style=\"font-family:Verdana;font-size:xx-small;\">Pueden comunicarse con el hogar al\u00a0\u00a0<img src=\"\/\/lifbcibllhkdhoafpjfnlhfpfgnpldfl\/numbers_button_skype_logo.png\" alt=\"\" \/>0230-4495114,\u00a0<a href=\"mailto:eljagueldemaria@hotmail.com\">eljagueldemaria@hotmail.com<\/a>. El Hogar est\u00e1 ubicado en Somellera 1547, Villa Rosa, Pilar.<\/span><br \/>\n<span style=\"font-family:Verdana;font-size:xx-small;\">El hogar recibe un subsidio m\u00ednimo del estado por algunos de los ni\u00f1os que alberga.<\/span><br \/>\n<span style=\"font-family:Verdana;font-size:xx-small;\">Para cubrir las necesidades de todos los chicos, se requiere el aporte voluntario de donantes, tanto empresas como particulares.<\/span><br \/>\n<span style=\"font-family:Verdana;font-size:xx-small;\">Hay muchas maneras de colaborar con El Jag\u00fcel de Mar\u00eda y contribuir as\u00ed a lograr un pa\u00eds m\u00e1s justo y con oportunidades para todos.<\/span><br \/>\n<span style=\"font-family:Verdana;font-size:xx-small;\">&#8211; Recursos humanos: aporte de tiempo y experiencia profesional o t\u00e9cnica, trabajo voluntario en las distintas \u00e1reas, padrinazgos, visitas y paseos con los chicos.<\/span><br \/>\n<span style=\"font-family:Verdana;font-size:xx-small;\">&#8211; Aportes en especie: donaciones de ropa, muebles, materiales de construcci\u00f3n y alimentos.<\/span><br \/>\n<span style=\"font-family:Verdana;font-size:xx-small;\">&#8211; Aportes en dinero: aporte econ\u00f3mico mensual o eventual.<\/span><br \/>\n<span style=\"font-size:small;\">Acerca de la Biblioteca Palabras del Alma<\/span><br \/>\n<span style=\"font-family:Verdana;font-size:xx-small;\"><img loading=\"lazy\" src=\"http:\/\/www.quasarcomunicacion.com.ar\/varios\/biblio.gif\" alt=\"\" width=\"300\" height=\"153\" align=\"right\" hspace=\"6\" vspace=\"6\" \/>La\u00a0<strong>Biblioteca \u201cPalabras del Alma\u201d<\/strong>se encuentra ubicada en Garibaldi 1754, Barrio Peruzzotti, Pilar &#8211; la antigua Guarder\u00eda de las Hermanas Bautistinas, qui\u00e9nes con mucha generosidad alquilan el lugar para que pueda funcionar la biblioteca.<\/span><br \/>\n<span style=\"font-size:xx-small;\">La Biblioteca Popular Palabras del Alma naci\u00f3 en mayo de 2008, despu\u00e9s de una serie de reuniones realizadas en la plaza del Barrio Peruzzotti, ubicado en la periferia de Pilar, para darle forma a nuestro proyecto. Pero en realidad su semilla ya hab\u00eda sido echada a mediados del a\u00f1o 2000, cuando un grupo de alumnos, docentes y religiosas del colegio Madre del Divino Pastor, de Pilar, decidimos comprometernos con uno de los barrios m\u00e1s pobres y necesitados del municipio a trav\u00e9s de clases de apoyo escolar. Durante nueve a\u00f1os, ese apoyo escolar se ofreci\u00f3 en un sal\u00f3n que nos facilit\u00f3 la Parroquia Nuestra Se\u00f1ora de las Gracias.<\/span><br \/>\n<span style=\"font-size:xx-small;\">A comienzos de 2008, sentimos que era necesario ofrecer a los vecinos del Barrio Peruzzotti un espacio espec\u00edficamente cultural, dedicado a los libros, la alfabetizaci\u00f3n, el apoyo escolar, la cultura, el fortalecimiento de los lazos sociales y la promoci\u00f3n humana en general. Este espacio deb\u00eda tener un fuerte sentido democr\u00e1tico y de apertura permanente a las necesidades e inquietudes del barrio.<\/span><br \/>\n<span style=\"font-size:xx-small;\">As\u00ed, en mayo de 2008 se produce la asamblea fundacional, en la plaza del barrio, con la participaci\u00f3n de numerosos vecinos y amigos. Entre diferentes nombres propuestos por los chicos del Apoyo Escolar, el m\u00e1s votado es \u201cPalabras del Alma\u201d. Y con ese nombre empieza a escribirse la historia de la Biblioteca, que durante todo 2008 funcion\u00f3 de manera ambulante, en la misma plaza que la vio nacer. A partir de marzo de 2009, logramos alquilar, a las Hermanas de San Juan Bautista, el predio en el que funcionamos actualmente. All\u00ed ofrecemos Apoyo Escolar, Alfabetizaci\u00f3n de Adultos, talleres, espect\u00e1culos, m\u00e1s de cinco mil libros y muchas cosas m\u00e1s, que se cuentan en la secci\u00f3n \u201cqu\u00e9 hacemos\u201d.<\/span><\/p>\n","protected":false},"excerpt":{"rendered":"<p>Hasta el 4 de agosto, la\u00a0C\u00e1mara de Comercio e Industria de Pilar (SCIPA)\u00a0inici\u00f3 su primera Colecta de juguetes a beneficio [&hellip;]<\/p>\n","protected":false},"author":2,"featured_media":0,"comment_status":"open","ping_status":"open","sticky":false,"template":"","format":"standard","meta":[],"categories":[2],"tags":[],"_links":{"self":[{"href":"https:\/\/quasarcomunicacion.com.ar\/web\/wp-json\/wp\/v2\/posts\/640"}],"collection":[{"href":"https:\/\/quasarcomunicacion.com.ar\/web\/wp-json\/wp\/v2\/posts"}],"about":[{"href":"https:\/\/quasarcomunicacion.com.ar\/web\/wp-json\/wp\/v2\/types\/post"}],"author":[{"embeddable":true,"href":"https:\/\/quasarcomunicacion.com.ar\/web\/wp-json\/wp\/v2\/users\/2"}],"replies":[{"embeddable":true,"href":"https:\/\/quasarcomunicacion.com.ar\/web\/wp-json\/wp\/v2\/comments?post=640"}],"version-history":[{"count":0,"href":"https:\/\/quasarcomunicacion.com.ar\/web\/wp-json\/wp\/v2\/posts\/640\/revisions"}],"wp:attachment":[{"href":"https:\/\/quasarcomunicacion.com.ar\/web\/wp-json\/wp\/v2\/media?parent=640"}],"wp:term":[{"taxonomy":"category","embeddable":true,"href":"https:\/\/quasarcomunicacion.com.ar\/web\/wp-json\/wp\/v2\/categories?post=640"},{"taxonomy":"post_tag","embeddable":true,"href":"https:\/\/quasarcomunicacion.com.ar\/web\/wp-json\/wp\/v2\/tags?post=640"}],"curies":[{"name":"wp","href":"https:\/\/api.w.org\/{rel}","templated":true}]}}