{"id":6394,"date":"2015-10-15T16:14:46","date_gmt":"2015-10-15T19:14:46","guid":{"rendered":"https:\/\/quasarcomunicacion.com.ar\/web\/?p=6394"},"modified":"2015-10-15T16:14:46","modified_gmt":"2015-10-15T19:14:46","slug":"enrique-testasecca-expuso-en-entre-cielos","status":"publish","type":"post","link":"https:\/\/quasarcomunicacion.com.ar\/web\/enrique-testasecca-expuso-en-entre-cielos\/","title":{"rendered":"Enrique Testasecca expuso en Entre Cielos"},"content":{"rendered":"<p style=\"text-align: left;\" align=\"center\"><b style=\"font-family: Verdana; font-size: small;\">Entre Cielos Luxury Wine Hotel &amp; Spa<\/b><span style=\"font-family: Verdana; font-size: small;\"> fue escenario del vernisage de Enrique Testasecca que expuso seis de sus obras acompa\u00f1ado por petit fours y vinos.<!--more--><\/span><\/p>\n<p align=\"left\"><a href=\"https:\/\/quasarcomunicacion.com.ar\/web\/wp-content\/uploads\/2015\/10\/arte2.gif\"><img class=\"aligncenter\" alt=\"arte2\" src=\"https:\/\/quasarcomunicacion.com.ar\/web\/wp-content\/uploads\/2015\/10\/arte2.gif\" \/><\/a><\/p>\n<p align=\"left\"><span style=\"font-family: Verdana; font-size: small;\">Durante el evento, al que asistieron unas 40 personas, el equipo del restaurante <b> Katharina<\/b> elabor\u00f3 Bruschetta de salm\u00f3n curado y crema de especias y c\u00edtricos; Bruschetta de burrata, tomate confit, olivas negras; Mini empanadita (de carne), gazpacho de tomate y Sorbette de lim\u00f3n con albahaca morada. Todo acompa\u00f1ado por vinos Marantal Ros\u00e9 Malbec, Chardonnay y Malbec de Luigi Bosca que fue la bodega sponsor. <\/span><\/p>\n<p><span style=\"font-family: Verdana; font-size: small;\">Enrique Testasecca es un artista pl\u00e1stico nacido en Mendoza en 1974, donde curs\u00f3 estudios de arquitectura en la Universidad de Mendoza y m\u00e1s tarde artes pl\u00e1sticas en la Universidad Nacional de Cuyo.<\/span><\/p>\n<p style=\"text-align: left;\" align=\"center\"><span style=\"font-family: Verdana; font-size: small;\">Testasecca observa con fidelidad la naturaleza que lo rodea y la reinterpreta con su particular sinfon\u00eda de tonos y veladuras avanzando hacia una s\u00edntesis formal y crom\u00e1tica donde monta\u00f1as y cielo se convierten en franjas aladas o \u00edgneas que se despliegan, majestuosas ante el espectador.<\/span><\/p>\n<p><span style=\"font-family: Verdana; font-size: small;\">Ha sido parte de los equipos museogr\u00e1ficos de Fader, Killka y el \u00c1rea Fundacional.<br \/>\nSu obra ha sido montada en m\u00e1s de 10 exposiciones colectivas y en ocho individuales, en el pa\u00eds. <\/span><\/p>\n<p align=\"left\"><span style=\"font-family: Verdana; font-size: small;\"> <b>Acerca de Entre Cielos<\/b><\/span><\/p>\n<p>&nbsp;<br \/>\n<b> <span style=\"font-size: xx-small;\">Entre Cielos<\/span><span style=\"font-size: xx-small;\">\u00a0<\/span><\/b><span style=\"font-size: xx-small;\">es un lujoso hotel boutique de 16 suites y habitaciones de lujo que incluye un exclusivo Hamam y Spa y una oferta gastron\u00f3mica gourmet todo en un entorno de <\/span> <span style=\"font-size: xx-small;\">vi\u00f1edos inigualable, <\/span> <span style=\"font-size: xx-small;\"> ubicado en la localidad de Vistalba, a pocos minutos de la ciudad de Mendoz<\/span><span style=\"font-size: xx-small;\">a.<\/span><br \/>\n<span style=\"font-size: xx-small;\">Cada habitaci\u00f3n ha sido pensada con un dise\u00f1o de sutil lujo y gran comodidad. La amplitud, la luminosidad y el contacto con la naturaleza son la esencia de las 16 habitaciones. La experiencia en Entre Cielos ser\u00e1\u00a0inolvidable. Seis categor\u00edas de habitaciones pensadas para disfrutar sin l\u00edmites.<\/span><br \/>\n<span style=\"font-size: xx-small;\">Este proyecto es el resultado del trabajo de un grupo de suizos entusiastas\u00a0que en 2009 descubrieron por primera vez las maravillas de esa provincia. Inmediatamente comenzaron a desarrollar su visi\u00f3n del dise\u00f1o, la hospitalidad y el servicio que buscaban ofrecer para transmitirle sus valores alpinos a los pies de los Andes.<\/span><br \/>\n<b> <span style=\"font-size: xx-small;\">Entre Cielos<\/span><span style=\"font-size: xx-small;\">\u00a0<\/span><\/b><span style=\"font-size: xx-small;\">une los grandes placeres de la vida, reflejados en cuatro\u00a0componentes: el hotel, el hamam+spa, dos restaurantes y el vino.<\/span><br \/>\n<span style=\"font-size: xx-small;\"> Entre sus actividades incluye: Wine tours y degustaciones privadas, excursiones en bicicleta, nataci\u00f3n, fitness, deportes al aire libre (Bicicletas, monta\u00f1ismo, pesca, hiking, golf, paseos a caballo, kayaking, rafting, wind-surfing) y excursiones organizadas.<\/span><br \/>\n<span style=\"font-size: xx-small;\"><br \/>\n<\/span> <span style=\"font-family: Verdana; font-size: xx-small;\"> <b>Informaci\u00f3n y contacto:<\/b> hotel@entrecielos.com<br \/>\nTel\u00e9fono de contacto: 0261-498 33 77<br \/>\n<a href=\"http:\/\/www.entrecielos.com\/\">www.entrecielos.com<\/a><\/span><\/p>\n<p align=\"center\"><b><i> Por otras im\u00e1genes, audios o entrevistas no dude en contactarse<\/i><\/b><\/p>\n<p align=\"center\">Acceso a toda la informaci\u00f3n ingresando en \u00a0<b><i><br \/>\n<a href=\"http:\/\/www.quasarcomunicacion.com.ar\/entrecielos\"> www.quasarcomunicacion.com.ar\/web\/entrecielos<\/a>\u00a0 <\/i><\/b><\/p>\n<p align=\"center\"><span style=\"font-size: small;\"><b><i> Contactos de Prensa<\/i><\/b><\/span><\/p>\n<div align=\"left\">\n<table width=\"100%\" border=\"1\" cellpadding=\"2\" align=\"left\">\n<tbody>\n<tr>\n<td align=\"center\" width=\"50%\">\n<p align=\"left\"><strong> <span style=\"color: #ff0000; font-family: Arial; font-size: small;\">Candela Villanueva <\/span><\/strong> <span style=\"font-size: medium;\"><strong><span style=\"color: #808080; font-family: Arial; font-size: small;\"> &#8211; Asistente de Cuentas<br \/>\n<\/span> <\/strong><\/span> <span style=\"font-size: xx-small;\"><span style=\"color: #ff0000;\"> Directo<\/span><b>: <\/b> 0230<\/span><span style=\"font-size: xx-small;\">-4664772<br \/>\n<\/span><span style=\"color: #ff0000; font-size: xx-small;\"> Skype:<\/span><span style=\"font-size: xx-small;\"> quasarcomunicacion<br \/>\n<\/span><span style=\"color: #ff0000; font-size: xx-small;\"> Twitter:<\/span><span style=\"font-size: xx-small;\"> @quasarpilar<br \/>\n<\/span><span style=\"color: #ff0000; font-size: xx-small;\"> Gr<\/span><span style=\"color: #ff0000; font-size: xx-small;\">upo y p\u00e1gina en Facebook: <\/span> <span style=\"color: #808080; font-size: xx-small;\">www.facebook.com\/<\/span><a href=\"mailto:mfipata@gmail.com\"><span style=\"font-size: xx-small;\">Quasar<\/span><\/a><span style=\"font-size: xx-small;\">Comunicacion<br \/>\n<\/span><span style=\"color: #ff0000; font-size: xx-small;\"> Web:<\/span><b><\/b> <a href=\"http:\/\/www.quasarcomunicacion.com.ar\/\"> <span style=\"font-size: xx-small;\">www.quasarcomunicacion.com.ar<\/span><\/a><\/p>\n<p align=\"left\"><span style=\"font-size: xx-small;\"> <span style=\"color: #ff0000;\">Mail<\/span><b>:<\/b><\/span><span style=\"font-size: xx-small;\"> <a href=\"mailto:fernanda@quasarcomunicacion.com.ar\"> candela@quasarcomunicacion.com.ar<\/a><\/span><\/p>\n<\/td>\n<td align=\"center\" width=\"50%\">\n<p align=\"right\"><span style=\"font-size: medium;\"><strong> <span style=\"color: #808080; font-family: Arial; font-size: small;\"> Lic. Mar\u00eda Fernanda Ipata &#8211; Directora<br \/>\n<\/span> <\/strong><\/span> <span style=\"font-size: xx-small;\"><span style=\"color: #ff0000;\"><br \/>\nDirecto<\/span><b>: <\/b> 0230<\/span><span style=\"font-size: xx-small;\">-4664772<\/span><span style=\"font-size: xx-small;\"><br \/>\n<\/span><span style=\"font-size: xx-small;\"> <span style=\"color: #ff0000;\">M\u00f3vil:<\/span><b> <\/b> 0230<\/span><span style=\"font-size: xx-small;\">-15-4584535<br \/>\n011-15-6096-4656 ID 558*3763<br \/>\n<\/span><span style=\"color: #ff0000; font-size: xx-small;\"> Skype:<\/span><span style=\"font-size: xx-small;\"> quasarcomunicacion<br \/>\n<\/span><span style=\"color: #ff0000; font-size: xx-small;\"> Twitter:<\/span><span style=\"font-size: xx-small;\"> @quasarpilar<br \/>\n<\/span><span style=\"color: #ff0000; font-size: xx-small;\"> Gr<\/span><span style=\"color: #ff0000; font-size: xx-small;\">upo y p\u00e1gina en Facebook: <\/span> <span style=\"color: #808080; font-size: xx-small;\">www.facebook.com\/<\/span><a href=\"mailto:mfipata@gmail.com\"><span style=\"font-size: xx-small;\">Quasar<\/span><\/a><span style=\"font-size: xx-small;\">Comunicacion<br \/>\n<\/span><span style=\"font-size: xx-small;\"> <span style=\"color: #ff0000;\">LinkedIn<\/span><b>:\u00a0 <\/b><\/span> <span style=\"font-size: xx-small;\"><b> <a href=\"http:\/\/www.linkedin.com\/in\/mfipata\"> http:\/\/www.linkedin.com\/in\/mfipata<\/a><\/b><\/span><span style=\"font-size: xx-small;\"><br \/>\n<\/span><span style=\"color: #ff0000; font-size: xx-small;\"> Web:<\/span><b><\/b> <a href=\"http:\/\/www.quasarcomunicacion.com.ar\/\"> <span style=\"font-size: xx-small;\">www.quasarcomunicacion.com.ar<\/span><\/a><span style=\"font-size: xx-small;\"><br \/>\n<\/span><span style=\"font-size: xx-small;\"> <span style=\"color: #ff0000;\"> Mail<\/span><b>:<\/b><\/span><span style=\"font-size: xx-small;\"><a href=\"mailto:fernanda@quasarcomunicacion.com.ar\"> fernanda@quasarcomunicacion.com.ar<\/a><\/span><\/p>\n<\/td>\n<\/tr>\n<\/tbody>\n<\/table>\n<\/div>\n","protected":false},"excerpt":{"rendered":"<p>Entre Cielos Luxury Wine Hotel &amp; Spa fue escenario del vernisage de Enrique Testasecca que expuso seis de sus obras [&hellip;]<\/p>\n","protected":false},"author":2,"featured_media":6395,"comment_status":"open","ping_status":"open","sticky":false,"template":"","format":"standard","meta":[],"categories":[2],"tags":[],"_links":{"self":[{"href":"https:\/\/quasarcomunicacion.com.ar\/web\/wp-json\/wp\/v2\/posts\/6394"}],"collection":[{"href":"https:\/\/quasarcomunicacion.com.ar\/web\/wp-json\/wp\/v2\/posts"}],"about":[{"href":"https:\/\/quasarcomunicacion.com.ar\/web\/wp-json\/wp\/v2\/types\/post"}],"author":[{"embeddable":true,"href":"https:\/\/quasarcomunicacion.com.ar\/web\/wp-json\/wp\/v2\/users\/2"}],"replies":[{"embeddable":true,"href":"https:\/\/quasarcomunicacion.com.ar\/web\/wp-json\/wp\/v2\/comments?post=6394"}],"version-history":[{"count":0,"href":"https:\/\/quasarcomunicacion.com.ar\/web\/wp-json\/wp\/v2\/posts\/6394\/revisions"}],"wp:featuredmedia":[{"embeddable":true,"href":"https:\/\/quasarcomunicacion.com.ar\/web\/wp-json\/wp\/v2\/media\/6395"}],"wp:attachment":[{"href":"https:\/\/quasarcomunicacion.com.ar\/web\/wp-json\/wp\/v2\/media?parent=6394"}],"wp:term":[{"taxonomy":"category","embeddable":true,"href":"https:\/\/quasarcomunicacion.com.ar\/web\/wp-json\/wp\/v2\/categories?post=6394"},{"taxonomy":"post_tag","embeddable":true,"href":"https:\/\/quasarcomunicacion.com.ar\/web\/wp-json\/wp\/v2\/tags?post=6394"}],"curies":[{"name":"wp","href":"https:\/\/api.w.org\/{rel}","templated":true}]}}