{"id":6384,"date":"2015-10-13T16:37:08","date_gmt":"2015-10-13T19:37:08","guid":{"rendered":"https:\/\/quasarcomunicacion.com.ar\/web\/?p=6384"},"modified":"2015-10-13T16:37:08","modified_gmt":"2015-10-13T19:37:08","slug":"alimentacion-consciente-en-la-prevencion-del-cancer-de-mamas","status":"publish","type":"post","link":"https:\/\/quasarcomunicacion.com.ar\/web\/alimentacion-consciente-en-la-prevencion-del-cancer-de-mamas\/","title":{"rendered":"Alimentaci\u00f3n Consciente en la prevenci\u00f3n del c\u00e1ncer de mamas"},"content":{"rendered":"<p style=\"text-align: left;\" align=\"center\"><span style=\"font-family: Verdana; font-size: small;\">El pr\u00f3ximo 17 de octubre, en el marco de las actividades por el mes de lucha contra el <\/span><b style=\"font-family: Verdana; font-size: small;\"> C\u00e1ncer de Mama<\/b><span style=\"font-family: Verdana; font-size: small;\"> la coach nutricional <\/span><b style=\"font-family: Verdana; font-size: small;\">Lic. Patricia Robiano<\/b><span style=\"font-family: Verdana; font-size: small;\"> (MN 3158 \u2013 MP 2220) participar\u00e1 del \u00abPink Nic\u00bb organizado por la Asociaci\u00f3n Civil por la Defensa y Promoci\u00f3n de los Derechos de las Mujeres \u00abMujeres como Vos\u00bb durante el cual ofrecer\u00e1 la charla de concientizaci\u00f3n sobre la importancia de la \u00abAlimentaci\u00f3n consciente en la prevenci\u00f3n del c\u00e1ncer de mamas\u00bb.<\/span><\/p>\n<p><span style=\"font-family: Verdana; font-size: small;\">El evento Pink Nic que tendr\u00e1 lugar de 9 a 12 hs es organizado por Mujeres como Vos y la Legislatura de la Ciudad Aut\u00f3noma de Buenos Aires y del mismo participar\u00e1n diversos profesionales. El Pink Nic se desarrollar\u00e1 en la Direcci\u00f3n General de Museos (Av. de los Italianos 851) en Costanera Sur con entrada libre y gratuita.<!--more--><\/span><br \/>\n<a href=\"https:\/\/quasarcomunicacion.com.ar\/web\/wp-content\/uploads\/2015\/10\/conferencia.gif\"><img class=\"aligncenter\" alt=\"conferencia\" src=\"https:\/\/quasarcomunicacion.com.ar\/web\/wp-content\/uploads\/2015\/10\/conferencia.gif\" \/><\/a><br \/>\n<span style=\"font-family: Verdana; font-size: small;\">\u00abCuando las c\u00e9lulas conviven un largo per\u00edodo de tiempo en un medio acidificado (ph sangu\u00edneo inadecuado) e hip\u00f3xico (falto de ox\u00edgeno) comienzan a enfermar. La alimentaci\u00f3n consciente consiste en conocer el efecto que tienen los alimentos en nuestro cuerpo, para utilizar todas sus potencialidades a favor en la prevenci\u00f3n y\/o el mejoramiento de los s\u00edntomas. Siendo as\u00ed, centrarse en realizar una alimentaci\u00f3n alcalina repleta de ox\u00edgeno y enzimas (frutas y vegetales crudos, germinados, activados, fermentados, algas y m\u00e1s) ser\u00e1 un paso muy conveniente\u00bb, indica la Lic. Patricia Robiano, Licenciada en Nutrici\u00f3n (MN 3158 &#8211; MP 2220).<\/span><br \/>\n<span style=\"font-family: Verdana; font-size: small;\">En Argentina se diagnostican 18.000 nuevos casos por a\u00f1o, 1 de cada 8 mujeres puede contraer esta enfermedad a lo largo de su vida y mueren 5.400 mujeres por a\u00f1o en nuestro pa\u00eds. Sin embargo, detectado a tiempo, puede curarse en la mayor\u00eda de los casos. <\/span><br \/>\n<span style=\"font-family: Verdana; font-size: small;\">El objetivo de la actividad es transmitir la importancia de la detecci\u00f3n precoz, la prevenci\u00f3n y el acceso a la salud de las mujeres a trav\u00e9s de la realizaci\u00f3n de una actividad que interpela a la enfermedad desde una mirada integral: salud cuerpo, mente y alma. <\/span><br \/>\n<b><span style=\"font-family: Verdana; font-size: small;\">Acerca de Patricia Robiano<\/span><\/b><br \/>\n<span style=\"font-family: Verdana; font-size: small;\">Naci\u00f3 en el a\u00f1o 1975 en Luj\u00e1n (provincia de Buenos Aires, Argentina). Colaborando desde peque\u00f1a en los negocios familiares del rubro de la alimentaci\u00f3n, diet\u00e9tica y farmac\u00e9utico fue\u00a0 reafirmando su\u00a0 actual vocaci\u00f3n por lo que al egresar de sus estudios secundarios decidi\u00f3 inscribirse en la Facultad de Medicina de la Universidad de Buenos Aires con la intenci\u00f3n de formalizar sus conocimientos estudiando Licenciatura en Nutrici\u00f3n. <\/span><br \/>\n<i> <\/i><span style=\"font-family: Verdana; font-size: small;\">Finalizando el a\u00f1o 2000, con la carrera terminada ya dirig\u00eda su primer centro de adelgazamiento, all\u00ed sinti\u00f3\u00a0 algunas falencias en las fundamentaciones aprendidas por lo que ampli\u00f3 sus estudios desde distintos enfoques un tanto m\u00e1s hol\u00edsticos. As\u00ed, continu\u00f3 su formaci\u00f3n en Buenos Aires estudiando con terapeutas el \u00e1rea de Psicolog\u00eda Vincular y, posteriormente en Espa\u00f1a, convalidando el t\u00edtulo Argentino por el de Diplomatura en Nutrici\u00f3n Humana y Diet\u00e9tica, sigui\u00f3 form\u00e1ndose en Alimentaci\u00f3n Consciente y Coaching Personal. <\/span><br \/>\n<span style=\"font-family: Verdana; font-size: small;\">Dichos conocimientos le sirvieron, a su vez, para dar comienzo a un aprendizaje y exploraci\u00f3n m\u00e1s exhaustiva de la conducta de las personas respecto al cuidado del cuerpo, la alimentaci\u00f3n, y las relaciones interpersonales que de ello se derivan, y act\u00faan como base fundamental del mensaje de BIENESTAR que transmite en sus\u00a0 ponencias como tambi\u00e9n muy activamente desde la web y redes sociales ayudando a las personas a concientizarse positivamente para el cambio de h\u00e1bitos alimentarios y f\u00edsicos necesarios para el disfrute de un cuerpo m\u00e1s vital y una mente m\u00e1s plena. Esta es la esencia de todos sus trabajos. <\/span><br \/>\n<i> <\/i><span style=\"font-family: Verdana; font-size: small;\">ACTUALMENTE realiza las siguientes actividades:<br \/>\n\u2022 Atenci\u00f3n personalizada en consultorio presencial (CABA) u online (Skype).<br \/>\n\u2022 Curso Te\u00f3rico-Vivencial (tratamiento) de Alimentaci\u00f3n Consciente y Coaching Motivacional individuales o grupales, para particulares, profesionales de la salud o gerentes de comercios relacionados a la alimentaci\u00f3n, al fitness y al relax que deseen dar un mejor mensaje de salud a sus pacientes-clientes, partiendo del autoconocimiento y la experiencia de transformaci\u00f3n con su cuerpo &#8211; superaci\u00f3n personal.<br \/>\n\u2022 Curso de Alimentaci\u00f3n Consciente (intensivo 1 jornada completa o en 4 encuentros) para grupos, empresas, instituciones, asociaciones, embajadas, escuelas.<br \/>\n\u2022 Conferencias (90 minutos) introductorias al concepto de salud consciente, y Retiros (1, 2 y 3 d\u00edas) de depuraci\u00f3n, concientizaci\u00f3n y desarrollo de la actitud personal para particulares y empresas.<\/span><br \/>\n<span style=\"font-family: Verdana; font-size: small;\">Ya han confiado en sus ponencias: Consejo de Ciencias Econ\u00f3micas de CABA-SIMECO, Legislatura de la Ciudad Aut\u00f3noma de Buenos Aires, Embajada de Canad\u00e1 en Argentina, Banca seguros BNP Paribas Cardiff, Laboratorios Elea, Laboratorios Gema Biotech, ADEA Asociaci\u00f3n de C\u00f3nyuges de Diplom\u00e1ticos en Argentina, Municipalidad de Luj\u00e1n, Municipalidad de Pilar, Uni\u00f3n Agr\u00edcola de Avellaneda-Santa F\u00e9, Feria Internac. del Libro de Bs.As., Hotel Bauen Suites Bs. As., Club San Patricio de Pilar, Rotary Club Pilar Norte, Hospital Dr. Cirilo Sanguinetti de Pilar, Asociaci\u00f3n Bella Vista de Lima-Per\u00fa, Mac Donald\u2019s y Radio Marca de Tenerife-Espa\u00f1a, y diversas empresas nacionales e internacionales. <\/span><br \/>\n<span style=\"font-family: Verdana; font-size: small;\">Y han confiado en las columnas y colaboraciones de la Coach Patricia Robiano: Canal 13 el programa \u201cEl Mejor de la Cocina\u201d y \u201cMi mam\u00e1 cocina mejor que la tuya con Juli\u00e1n Weich, Radio Mega junto a Tamara y Roberto Pettinato, Infobae Espiritualidad, Radio 10 y Pop junto a Claudio Mar\u00eda Dom\u00ednguez, Canal Metro el programa Banda 3.0, Radio 10 junto a Tet\u00e9 Coustarot, FM 99.9 con Maju Lozano, Revista Maru, Revista Cosmopolitan, Revista Elige de Nuevo de Silvia Freire, Diario Clar\u00edn y varios m\u00e1s. <\/span><\/p>\n<div align=\"center\"><center><\/p>\n<table width=\"90%\" border=\"0\" cellspacing=\"4\" cellpadding=\"4\">\n<tbody>\n<tr>\n<td bgcolor=\"#ECFFF9\" width=\"100%\"><i> <span style=\"font-family: Verdana; font-size: xx-small;\">La lic. Patricia Robiano <\/span><\/i><span style=\"font-family: Verdana; font-size: xx-small;\"><i> est\u00e1 disponible para consultas o entrevistas sobre el tema. Comunicarse al 011-15-6096-4656 para concretarlas o enviar un mail a <a href=\"mailto:noelia@quasarcomunicacion.com.ar\"> fernanda@quasarcomunicacion.com.ar<\/a>\u00a0 <\/i><\/span><\/td>\n<\/tr>\n<\/tbody>\n<\/table>\n<p><\/center><\/div>\n<p><b><span style=\"font-family: Verdana; font-size: small;\">Datos de contacto<\/span><\/b><br \/>\n<span style=\"font-family: Verdana; font-size: small;\">\u00a0Lic. PATRICIA ROBIANO. Coach Nutricional &#8211; Health Coach | Nutricionista (MN 3158 \u2013 MP 2220) UBA-Arg. &#8211; Coach Personal | Diplomada en Nutrici\u00f3n Humana y Diet\u00e9tica (Espa\u00f1a) &#8211; Contacto: +54 (011) 5353 4821 | +54 (9 11) 15 5229 4468 &#8211; www.patriciarobiano.com.ar<\/span><br \/>\n<span style=\"font-size: small;\"><b><i><span style=\"font-family: Arial;\">Por otras im\u00e1genes, audios o entrevistas no dude en contactarse<\/span><\/i><\/b><\/span><\/p>\n<p align=\"center\"><span style=\"font-size: small;\"><b><i> Contactos de Prensa<\/i><\/b><\/span><\/p>\n<div align=\"left\">\n<table width=\"100%\" border=\"1\" cellpadding=\"2\" align=\"left\">\n<tbody>\n<tr>\n<td align=\"center\" width=\"50%\">\n<p align=\"left\"><span style=\"font-size: medium;\"><strong><span style=\"color: #808080; font-family: Arial; font-size: small;\"> Candela Villanueva &#8211; Asistente de Cuentas<br \/>\n<\/span> <\/strong><\/span> <span style=\"font-size: xx-small;\"><span style=\"color: #ff0000;\"> Directo<\/span><b>: <\/b> 0230<\/span><span style=\"font-size: xx-small;\">-4664772<br \/>\n<\/span><span style=\"color: #ff0000; font-size: xx-small;\"> Skype:<\/span><span style=\"font-size: xx-small;\"> quasarcomunicacion<br \/>\n<\/span><span style=\"color: #ff0000; font-size: xx-small;\"> Twitter:<\/span><span style=\"font-size: xx-small;\"> @quasarpilar<br \/>\n<\/span><span style=\"color: #ff0000; font-size: xx-small;\"> Gr<\/span><span style=\"color: #ff0000; font-size: xx-small;\">upo y p\u00e1gina en Facebook: <\/span> <span style=\"color: #808080; font-size: xx-small;\">www.facebook.com\/<\/span><a href=\"mailto:mfipata@gmail.com\"><span style=\"font-size: xx-small;\">Quasar<\/span><\/a><span style=\"font-size: xx-small;\">Comunicacion<br \/>\n<\/span><span style=\"color: #ff0000; font-size: xx-small;\"> Web:<\/span><b><\/b> <a href=\"http:\/\/www.quasarcomunicacion.com.ar\/\"> <span style=\"font-size: xx-small;\">www.quasarcomunicacion.com.ar<\/span><\/a><\/p>\n<p align=\"left\"><span style=\"font-size: xx-small;\"> <span style=\"color: #ff0000;\">Mail<\/span><b>:<\/b><\/span><span style=\"font-size: xx-small;\"> <a href=\"mailto:fernanda@quasarcomunicacion.com.ar\"> candela<\/a><a href=\"mailto:fernanda@quasarcomunicacion.com.ar\">@quasarcomunicacion.com.ar<\/a><\/span><\/p>\n<\/td>\n<td align=\"center\" width=\"50%\">\n<p align=\"right\"><span style=\"font-size: medium;\"><strong> <span style=\"color: #808080; font-family: Arial; font-size: small;\"> Lic. Mar\u00eda Fernanda Ipata &#8211; Directora<br \/>\n<\/span> <\/strong><\/span> <span style=\"font-size: xx-small;\"><span style=\"color: #ff0000;\"><br \/>\nDirecto<\/span><b>: <\/b> 0230<\/span><span style=\"font-size: xx-small;\">-4664772<\/span><span style=\"font-size: xx-small;\"><br \/>\n<\/span><span style=\"font-size: xx-small;\"> <span style=\"color: #ff0000;\">M\u00f3vil:<\/span><b> <\/b> 0230<\/span><span style=\"font-size: xx-small;\">-15-4584535<br \/>\n011-15-6096-4656 ID 558*3763<br \/>\n<\/span><span style=\"color: #ff0000; font-size: xx-small;\"> Skype:<\/span><span style=\"font-size: xx-small;\"> quasarcomunicacion<br \/>\n<\/span><span style=\"color: #ff0000; font-size: xx-small;\"> Twitter:<\/span><span style=\"font-size: xx-small;\"> @quasarpilar<br \/>\n<\/span><span style=\"color: #ff0000; font-size: xx-small;\"> Gr<\/span><span style=\"color: #ff0000; font-size: xx-small;\">upo y p\u00e1gina en Facebook: <\/span> <span style=\"color: #808080; font-size: xx-small;\">www.facebook.com\/<\/span><a href=\"mailto:mfipata@gmail.com\"><span style=\"font-size: xx-small;\">Quasar<\/span><\/a><span style=\"font-size: xx-small;\">Comunicacion<br \/>\n<\/span><span style=\"font-size: xx-small;\"> <span style=\"color: #ff0000;\">LinkedIn<\/span><b>:\u00a0 <\/b><\/span> <span style=\"font-size: xx-small;\"><b> <a href=\"http:\/\/www.linkedin.com\/in\/mfipata\"> http:\/\/www.linkedin.com\/in\/mfipata<\/a><\/b><\/span><span style=\"font-size: xx-small;\"><br \/>\n<\/span><span style=\"color: #ff0000; font-size: xx-small;\"> Web:<\/span><b><\/b> <a href=\"http:\/\/www.quasarcomunicacion.com.ar\/\"> <span style=\"font-size: xx-small;\">www.quasarcomunicacion.com.ar<\/span><\/a><span style=\"font-size: xx-small;\"><br \/>\n<\/span><span style=\"font-size: xx-small;\"> <span style=\"color: #ff0000;\">Mail<\/span><b>:<\/b><\/span><span style=\"font-size: xx-small;\"><a href=\"mailto:fernanda@quasarcomunicacion.com.ar\"> fernanda@quasarcomunicacion.com.ar<\/a><\/span><\/p>\n<\/td>\n<\/tr>\n<\/tbody>\n<\/table>\n<\/div>\n","protected":false},"excerpt":{"rendered":"<p>El pr\u00f3ximo 17 de octubre, en el marco de las actividades por el mes de lucha contra el C\u00e1ncer de [&hellip;]<\/p>\n","protected":false},"author":2,"featured_media":6385,"comment_status":"open","ping_status":"open","sticky":false,"template":"","format":"standard","meta":[],"categories":[2],"tags":[],"_links":{"self":[{"href":"https:\/\/quasarcomunicacion.com.ar\/web\/wp-json\/wp\/v2\/posts\/6384"}],"collection":[{"href":"https:\/\/quasarcomunicacion.com.ar\/web\/wp-json\/wp\/v2\/posts"}],"about":[{"href":"https:\/\/quasarcomunicacion.com.ar\/web\/wp-json\/wp\/v2\/types\/post"}],"author":[{"embeddable":true,"href":"https:\/\/quasarcomunicacion.com.ar\/web\/wp-json\/wp\/v2\/users\/2"}],"replies":[{"embeddable":true,"href":"https:\/\/quasarcomunicacion.com.ar\/web\/wp-json\/wp\/v2\/comments?post=6384"}],"version-history":[{"count":0,"href":"https:\/\/quasarcomunicacion.com.ar\/web\/wp-json\/wp\/v2\/posts\/6384\/revisions"}],"wp:featuredmedia":[{"embeddable":true,"href":"https:\/\/quasarcomunicacion.com.ar\/web\/wp-json\/wp\/v2\/media\/6385"}],"wp:attachment":[{"href":"https:\/\/quasarcomunicacion.com.ar\/web\/wp-json\/wp\/v2\/media?parent=6384"}],"wp:term":[{"taxonomy":"category","embeddable":true,"href":"https:\/\/quasarcomunicacion.com.ar\/web\/wp-json\/wp\/v2\/categories?post=6384"},{"taxonomy":"post_tag","embeddable":true,"href":"https:\/\/quasarcomunicacion.com.ar\/web\/wp-json\/wp\/v2\/tags?post=6384"}],"curies":[{"name":"wp","href":"https:\/\/api.w.org\/{rel}","templated":true}]}}