{"id":6363,"date":"2015-09-23T14:37:16","date_gmt":"2015-09-23T17:37:16","guid":{"rendered":"https:\/\/quasarcomunicacion.com.ar\/web\/?p=6363"},"modified":"2015-09-23T14:37:16","modified_gmt":"2015-09-23T17:37:16","slug":"ma-pa-ru-presento-ver-para-oir-con-amigos-a-beneficio-de-los-inundados","status":"publish","type":"post","link":"https:\/\/quasarcomunicacion.com.ar\/web\/ma-pa-ru-presento-ver-para-oir-con-amigos-a-beneficio-de-los-inundados\/","title":{"rendered":"Ma Pa Ru present\u00f3 \u201cVer para o\u00edr con amigos\u201d a beneficio de los inundados"},"content":{"rendered":"<p style=\"text-align: left;\" align=\"center\"><span style=\"font-family: Verdana; font-size: small;\">\u00a0El pasado domingo 20 de septiembre, en el 1\u00ba piso de Pilar Point, el <\/span><b style=\"font-family: Verdana; font-size: small;\">Tr\u00edo Ma Pa Ru <\/b><span style=\"font-family: Verdana; font-size: small;\">present\u00f3 en vivo su concierto\u00a0 <\/span><b style=\"font-family: Verdana; font-size: small;\">\u201cVer para o\u00edr con amigos\u201d<\/b><span style=\"font-family: Verdana; font-size: small;\">. El espect\u00e1culo fue a total beneficio del Club de Leones F\u00e1tima-Pilar que recolect\u00f3 lavandina y cloro para los damnificados por las \u00faltimas inundaciones.<!--more--><\/span><\/p>\n<p align=\"left\"><img loading=\"lazy\" class=\"aligncenter\" alt=\"\" src=\"http:\/\/www.quasarcomunicacion.com.ar\/maparu\/maparu.gif\" width=\"550\" height=\"307\" border=\"0\" \/><\/p>\n<p align=\"left\"><span style=\"font-family: Verdana; font-size: small;\">El tr\u00edo <b>Ma Pa Ru<\/b> est\u00e1 compuesto por Mariela Herou en piano, Pablo Bustamante en bajo y Rub\u00e9n Gonz\u00e1lez en bater\u00eda, y en esta oportunidad se sum\u00f3 al espect\u00e1culo la artista Julieta Rosso que interpret\u00f3 Summertime, y Juan Bonanni y Melina Foster que bailaron Libertando durante la segunda parte dedicada a Astor Piazzolla. Tambi\u00e9n cerraron la presentaci\u00f3n Coral 12 y ensamble, dirigidos por Juan Carlos Nos. <\/span><\/p>\n<p align=\"left\"><span style=\"font-family: Verdana; font-size: small;\">El novedoso show incluye la interpretaci\u00f3n de cada tema por el tr\u00edo y la visualizaci\u00f3n de im\u00e1genes relacionadas en pantalla gigante.<\/span><\/p>\n<p align=\"left\"><span style=\"font-family: Verdana; font-size: small;\">\u201cRealizamos conciertos audio-visuales interactivos, en los que el p\u00fablico vive un viaje sonoro musical en tiempo y espacio. Es una propuesta est\u00e9tica, que reconoce la conexi\u00f3n directa entre la imagen y el sonido, en un discurso musical acorde a nuestro tiempo\u201d, explican desde <b>Ma Pa Ru<\/b>.<\/span><\/p>\n<p align=\"left\"><img loading=\"lazy\" class=\"aligncenter\" alt=\"\" src=\"http:\/\/www.quasarcomunicacion.com.ar\/maparu\/pilarpoint.gif\" width=\"550\" height=\"393\" border=\"0\" \/><\/p>\n<p align=\"left\"><span style=\"font-family: Verdana; font-size: small;\">El programa del concierto \u201cVer para o\u00edr con amigos\u201d fue el siguiente: <\/span><\/p>\n<p align=\"left\"><span style=\"font-family: Verdana; font-size: small;\"><b>Primera parte:<\/b><br \/>\nLacrimosa\u00a0 (Mozart)<br \/>\nLove or my life (Queen)<br \/>\nGhost<br \/>\nThe way we were<br \/>\nLove story<br \/>\nFly me to Moon<br \/>\nI m singin in the rain<br \/>\nDesafinado (Tom Jobim)<br \/>\nBarquinho (Menescal)<br \/>\nDream a Little dream.<br \/>\nSummertime junto a Julieta Rosso <\/span><\/p>\n<p align=\"left\"><img loading=\"lazy\" class=\"aligncenter\" alt=\"\" src=\"http:\/\/www.quasarcomunicacion.com.ar\/maparu\/rosso.gif\" width=\"550\" height=\"269\" border=\"0\" \/><\/p>\n<p align=\"left\"><span style=\"font-family: Verdana; font-size: small;\"><b>Segunda parte:<\/b><br \/>\nDedicado a Piazzolla<br \/>\nFuga y Misterio<br \/>\nParaguas de Buenos Aires<br \/>\nLa bicicleta blanca<br \/>\nLibertango junto a los bailarines Juan Bonnomi y Adi\u00f3s Nonino. <\/span><\/p>\n<p align=\"left\"><img loading=\"lazy\" class=\"aligncenter\" alt=\"\" src=\"http:\/\/www.quasarcomunicacion.com.ar\/maparu\/coro.gif\" width=\"550\" height=\"361\" border=\"0\" \/><\/p>\n<p><b><span style=\"font-family: Verdana; font-size: small;\">Acerca de Ma Pa Ru <\/span> <\/b><br \/>\n<span style=\"font-family: Verdana; font-size: small;\"><b>Mariela Herou<\/b><\/span><br \/>\n<span style=\"font-family: Verdana; font-size: xx-small;\"> <img loading=\"lazy\" alt=\"\" src=\"http:\/\/www.quasarcomunicacion.com.ar\/maparu\/herou.gif\" width=\"300\" height=\"253\" align=\"right\" border=\"0\" hspace=\"6\" vspace=\"6\" \/>Se gradu\u00f3 de Profesora de piano en el Conservatorio Falleri-Balzo y Licenciatura de Musicolog\u00eda en la Facultad de Humanidades y Ciencias de Montevideo. Realiz\u00f3 seminarios sobre estilos musicales en el Maestro H\u00e9ctor Tosart en la Universidad Cat\u00f3lica de Montevideo. Se perfeccion\u00f3 en piano en el Instituto Superior del Collegium Musicum de Buenos Aires.<br \/>\nSe especializ\u00f3 en m\u00fasica de c\u00e1mara con los solistas fundadores de Camerata Bariloche: Tom\u00e1s Tichauer (viola) y M\u00f3nica Cosachov. Particip\u00f3 del Seminario de M\u00fasica de c\u00e1mara realizado por el maestro Alberto Lysy. Efectu\u00f3 el seminario sobre suite a cargo del flautista Mario Videla y la bailarina Ana Yepes. Curs\u00f3 interpretaci\u00f3n musical con el Maestro Miguel Angel Estrella, con Santiago Giacove (ex pianista de Astor Piazzolla) y Bobby Mc Ferrin (cantante, pianista y director de orquesta).<br \/>\nObtuvo el t\u00edtulo de Magister en el modelo Benenzon de Musicoterapia. Actu\u00f3 como pianista de m\u00fasica de c\u00e1mara en el Teatro San Mart\u00edn, el Centro Cultural la Recoleta, Hotel Alvear para el cuerpo diplom\u00e1tico acreditado en la Argentina, Complejo La Plaza, Patio Bullrich, (en el ciclo auspiciado por Radio Cl\u00e1sica, Club Italiano, Caf\u00e9 Mozart, Iglesia Metodista (ciclo de m\u00fasica de c\u00e1mara), entre otros.<br \/>\nEn la Provincia de Buenos Aires: en Pilar: Biblioteca Popular Bartolom\u00e9 Mitre, Universidad del Salvador, Casa de la Cultura de Del Viso , Countries y fiestas Privadas; en Olavarr\u00eda ,Mercedes y San Pedro. En el Teatro Municipal de Santa Fe. En Uruguay en la ciudad de Montevideo , y a trav\u00e9s del Ministerio de Educaci\u00f3n y Cultura realiz\u00f3 una gira por el interior present\u00e1ndose en: Mercedes, Artigas, Colonia, entre otros. Realiz\u00f3 audiciones en Radio Nacional, Radio Municipal, Radio del Plata, Radio Cl\u00e1sica entre otros. Se presento en Canal 2 de la Plata.<br \/>\nEn Uruguay: Radio Carve de Montevideo y la Voz de las Am\u00e9ricas, emitido por la Embajada de Estados Unidos. <\/span><br \/>\n<span style=\"font-family: Verdana; font-size: xx-small;\"> <img loading=\"lazy\" alt=\"\" src=\"http:\/\/www.quasarcomunicacion.com.ar\/maparu\/gonzalez.gif\" width=\"300\" height=\"312\" align=\"right\" border=\"0\" hspace=\"6\" vspace=\"6\" \/><\/span><span style=\"font-family: Verdana; font-size: small;\"><b>Rub\u00e9n Gonz\u00e1lez<\/b><\/span><br \/>\n<span style=\"font-family: Verdana; font-size: xx-small;\">Estudi\u00f3 bater\u00eda con Juan Carlos Licari y Juanjo Bravo (baterista del folklorista Bruno Arias). Ha integrado diversos conjuntos de rock y ha actuado en el Teatro San Mart\u00edn, en AD\/Ateneo junto a Abel Pintos, Axel, Le\u00f3n Gieco, V\u00edctor Heredia, Patricia Sosa, entre otros.<\/span><br \/>\n<span style=\"font-family: Verdana; font-size: xx-small;\">Particip\u00f3 en todas la ediciones del espect\u00e1culo \u201ccon m\u00fasica no hay diferencias\u201d, tocando junto al maestro Jorge Navarro e importantes m\u00fasicos locales, que se realiz\u00f3 en la Universidad del Salvador, dirigidos por Mariela Herou.<\/span><br \/>\n&nbsp;<br \/>\n&nbsp;<br \/>\n<span style=\"font-family: Verdana; font-size: small;\"><b>Pablo Bustamante<\/b><\/span><br \/>\n<span style=\"font-family: Verdana; font-size: xx-small;\"> <img loading=\"lazy\" alt=\"\" src=\"http:\/\/www.quasarcomunicacion.com.ar\/maparu\/bustamante.gif\" width=\"300\" height=\"412\" align=\"right\" border=\"0\" hspace=\"6\" vspace=\"6\" \/>Se gradu\u00f3 en la EMBA. Estudi\u00f3 Bajo el\u00e9ctrico con Claudio Romano, Carlos Marmo y Pablo Valotta. Realiz\u00f3 improvisaci\u00f3n musical en jazz con Pablo Valotta. Estudi\u00f3 guitarra con Juan Pablo Ferreyra. Ha actuado en la provincia de Buenos Aires como integrantes de diversas bandas. Comparti\u00f3 escenarios con Adriana Varela, Guillespie, Javier Calamaro, la Mosca, entre otros.<\/span><br \/>\n<span style=\"font-family: Verdana; font-size: xx-small;\">Contin\u00faa perfeccion\u00e1ndose en la Escuela Popular de M\u00fasica de Luj\u00e1n con los renombrados maestros como Pipo Ferrari, entre otros. Se desempe\u00f1a como docente de diversos centros culturales del Partido de Pilar.<\/span><br \/>\n&nbsp;<br \/>\n&nbsp;<br \/>\n&nbsp;<br \/>\n&nbsp;<br \/>\n&nbsp;<br \/>\n<span style=\"font-family: Verdana; font-size: small;\">Para conocer m\u00e1s de <b>Ma Pa Ru<\/b>, visitar su p\u00e1gina en Facebook: <a href=\"https:\/\/www.facebook.com\/triomaparu\"> https:\/\/www.facebook.com\/triomaparu<\/a>\u00a0\u00a0<\/span><\/p>\n","protected":false},"excerpt":{"rendered":"<p>\u00a0El pasado domingo 20 de septiembre, en el 1\u00ba piso de Pilar Point, el Tr\u00edo Ma Pa Ru present\u00f3 en [&hellip;]<\/p>\n","protected":false},"author":2,"featured_media":6364,"comment_status":"open","ping_status":"open","sticky":false,"template":"","format":"standard","meta":[],"categories":[2],"tags":[],"_links":{"self":[{"href":"https:\/\/quasarcomunicacion.com.ar\/web\/wp-json\/wp\/v2\/posts\/6363"}],"collection":[{"href":"https:\/\/quasarcomunicacion.com.ar\/web\/wp-json\/wp\/v2\/posts"}],"about":[{"href":"https:\/\/quasarcomunicacion.com.ar\/web\/wp-json\/wp\/v2\/types\/post"}],"author":[{"embeddable":true,"href":"https:\/\/quasarcomunicacion.com.ar\/web\/wp-json\/wp\/v2\/users\/2"}],"replies":[{"embeddable":true,"href":"https:\/\/quasarcomunicacion.com.ar\/web\/wp-json\/wp\/v2\/comments?post=6363"}],"version-history":[{"count":0,"href":"https:\/\/quasarcomunicacion.com.ar\/web\/wp-json\/wp\/v2\/posts\/6363\/revisions"}],"wp:featuredmedia":[{"embeddable":true,"href":"https:\/\/quasarcomunicacion.com.ar\/web\/wp-json\/wp\/v2\/media\/6364"}],"wp:attachment":[{"href":"https:\/\/quasarcomunicacion.com.ar\/web\/wp-json\/wp\/v2\/media?parent=6363"}],"wp:term":[{"taxonomy":"category","embeddable":true,"href":"https:\/\/quasarcomunicacion.com.ar\/web\/wp-json\/wp\/v2\/categories?post=6363"},{"taxonomy":"post_tag","embeddable":true,"href":"https:\/\/quasarcomunicacion.com.ar\/web\/wp-json\/wp\/v2\/tags?post=6363"}],"curies":[{"name":"wp","href":"https:\/\/api.w.org\/{rel}","templated":true}]}}