{"id":635,"date":"2012-07-23T21:40:01","date_gmt":"2012-07-23T21:40:01","guid":{"rendered":"http:\/\/quasarcomunicacion.wordpress.com\/?p=635"},"modified":"2012-07-23T21:40:01","modified_gmt":"2012-07-23T21:40:01","slug":"taller-sobre-delegacion-eficaz-en-la-camara-pyme-de-pilar","status":"publish","type":"post","link":"https:\/\/quasarcomunicacion.com.ar\/web\/taller-sobre-delegacion-eficaz-en-la-camara-pyme-de-pilar\/","title":{"rendered":"Taller sobre Delegaci\u00f3n Eficaz en la C\u00e1mara Pyme de Pilar"},"content":{"rendered":"<p style=\"text-align:left;\" align=\"center\"><strong>AV Consultores Pymes<\/strong><span style=\"font-family:Verdana;font-size:small;\">\u00a0junto a la\u00a0<\/span><strong>C\u00e1mara Pyme de Pilar (CMP)\u00a0<\/strong><span style=\"font-family:Verdana;font-size:small;\">organizan para el pr\u00f3ximo martes 14 de agosto de 9 a 11 hs un\u00a0<\/span><strong>Taller sobre Delegaci\u00f3n Eficaz<\/strong><span style=\"font-family:Verdana;font-size:small;\">\u00a0en la sede de la C\u00e1mara ubicada en el Edificio Bureau (Km 50 Ramal Pilar)<!--more--><\/span><\/p>\n<p><span style=\"font-family:Verdana;font-size:small;\">El pr\u00f3ximo martes 14 de agosto de 9 a 11 hs se realizar\u00e1 en la C\u00e1mara Pyme de Pilar un taller sobre Delegaci\u00f3n Eficaz destinado a empresas de la zona. El mismo ser\u00e1 dictado por la Lic. Paula Barbella, responsable de capacitaciones de AV Consultores Pymes (www.avconsultorespymes.com). La cita es en Bureau Pilar Sur &#8211; km 50 Ramal Pilar \u2013 Piso 1 oficina 13.<\/span><br \/>\n<span style=\"font-family:Verdana;font-size:small;\">La actividad es no Arancelada (incluye coffe, material did\u00e1ctico y certificado de asistencia). Vacantes Limitadas &#8211; S\u00f3lo con Inscripci\u00f3n Previa y confirmaci\u00f3n de la misma. Se permitir\u00e1 s\u00f3lo un asistente por empresa &#8211; Cierre de inscripci\u00f3n 7 de agosto de 2012 escribiendo a<a href=\"mailto:info@avconsultorespymes.com\">info@avconsultorespymes.com<\/a>\u00a0o completando el siguiente formulario<a href=\"http:\/\/www.agenciatop.com.ar\/av\/consulta\/\">http:\/\/www.agenciatop.com.ar\/av\/consulta\/<\/a>\u00a0<\/span><br \/>\n<span style=\"font-family:Verdana;font-size:small;\">El Taller cuenta con el auspicio de Pilar GPS (la gu\u00eda de Productos y Servicios de Pilar), Qu\u00e1sar Comunicaci\u00f3n (Consultora boutique de prensa), Pilar Hoy Noticias (sitio on line de noticias) y Norfolk Risk<\/span><br \/>\n<a href=\"http:\/\/www.agenciatop.com.ar\/av\/consulta\/%20%20\/\" target=\"_blank\" rel=\"noopener noreferrer\"><img loading=\"lazy\" src=\"http:\/\/www.quasarcomunicacion.com.ar\/varios\/auspicios\/delegacion.gif\" alt=\"\" width=\"500\" height=\"749\" border=\"0\" \/><\/a><br \/>\n<strong><span style=\"font-family:Verdana;font-size:small;\">Acerca de la Lic. Paula Barbella<\/span><\/strong><br \/>\n<img loading=\"lazy\" src=\"http:\/\/www.quasarcomunicacion.com.ar\/varios\/auspicios\/barbella.gif\" alt=\"\" width=\"260\" height=\"195\" align=\"right\" hspace=\"6\" vspace=\"6\" \/><span style=\"font-family:Verdana;font-size:xx-small;\">La Lic. Paula Barbella es Especialista en Capacitaci\u00f3n y Facilitaci\u00f3n de procesos de cambio organizacional<\/span><br \/>\n<span style=\"font-family:Verdana;font-size:xx-small;\">Realiz\u00f3 la licenciatura en Psicolog\u00eda en la Universidad del Salvador.<\/span><br \/>\n<span style=\"font-family:Verdana;font-size:xx-small;\">Posee un MBA con orientaci\u00f3n en Cambio Organizacional de la Universidad Alberto Hurtado, Chile<\/span><br \/>\n<span style=\"font-family:Verdana;font-size:xx-small;\">Adem\u00e1s, realiz\u00f3 el Postgrado en Direcci\u00f3n de cambio en Empresas Familiares (UBA) y es capacitadora en temas vinculados a liderazgo y ventas, entre otros.<\/span><\/p>\n","protected":false},"excerpt":{"rendered":"<p>AV Consultores Pymes\u00a0junto a la\u00a0C\u00e1mara Pyme de Pilar (CMP)\u00a0organizan para el pr\u00f3ximo martes 14 de agosto de 9 a 11 [&hellip;]<\/p>\n","protected":false},"author":2,"featured_media":0,"comment_status":"open","ping_status":"open","sticky":false,"template":"","format":"standard","meta":[],"categories":[2],"tags":[],"_links":{"self":[{"href":"https:\/\/quasarcomunicacion.com.ar\/web\/wp-json\/wp\/v2\/posts\/635"}],"collection":[{"href":"https:\/\/quasarcomunicacion.com.ar\/web\/wp-json\/wp\/v2\/posts"}],"about":[{"href":"https:\/\/quasarcomunicacion.com.ar\/web\/wp-json\/wp\/v2\/types\/post"}],"author":[{"embeddable":true,"href":"https:\/\/quasarcomunicacion.com.ar\/web\/wp-json\/wp\/v2\/users\/2"}],"replies":[{"embeddable":true,"href":"https:\/\/quasarcomunicacion.com.ar\/web\/wp-json\/wp\/v2\/comments?post=635"}],"version-history":[{"count":0,"href":"https:\/\/quasarcomunicacion.com.ar\/web\/wp-json\/wp\/v2\/posts\/635\/revisions"}],"wp:attachment":[{"href":"https:\/\/quasarcomunicacion.com.ar\/web\/wp-json\/wp\/v2\/media?parent=635"}],"wp:term":[{"taxonomy":"category","embeddable":true,"href":"https:\/\/quasarcomunicacion.com.ar\/web\/wp-json\/wp\/v2\/categories?post=635"},{"taxonomy":"post_tag","embeddable":true,"href":"https:\/\/quasarcomunicacion.com.ar\/web\/wp-json\/wp\/v2\/tags?post=635"}],"curies":[{"name":"wp","href":"https:\/\/api.w.org\/{rel}","templated":true}]}}