{"id":6334,"date":"2015-09-08T15:39:56","date_gmt":"2015-09-08T18:39:56","guid":{"rendered":"https:\/\/quasarcomunicacion.com.ar\/web\/?p=6334"},"modified":"2015-09-08T15:39:56","modified_gmt":"2015-09-08T18:39:56","slug":"capacitacion-identidad-digital-quienes-somos-en-la-red","status":"publish","type":"post","link":"https:\/\/quasarcomunicacion.com.ar\/web\/capacitacion-identidad-digital-quienes-somos-en-la-red\/","title":{"rendered":"CAPACITACI\u00d3N: \u201cIdentidad Digital: \u00bfqui\u00e9nes somos en la red?\u201d"},"content":{"rendered":"<p style=\"text-align: left;\" align=\"center\"><span style=\"font-family: Verdana; font-size: small;\">El pr\u00f3ximo viernes 11 de septiembre a las 15 hs, Uriel Trajtenberg brindar\u00e1 la charla <\/span><b style=\"font-family: Verdana; font-size: small;\">\u00abIdentidad Digital \u00bfqui\u00e9nes somos en la red?\u00bb<\/b><span style=\"font-family: Verdana; font-size: small;\"> en el 1\u00ba piso de <\/span><b style=\"font-family: Verdana; font-size: small;\">Galer\u00eda Site Zen <\/b><span style=\"font-family: Verdana; font-size: small;\">(Chubut 45) bajada Km 50 a pocos metros de Village Pilar. Actividad es arancelada, SOLO con inscripci\u00f3n previa. El costo de la capacitaci\u00f3n es de $ 250. Existe una promoci\u00f3n de 2&#215;1 (colocando el c\u00f3digo \u00ab2&#215;1). La inscripci\u00f3n se puede abonar por Eventioz, Mercado Pago o en las oficinas del centro de Pilar de Emprender HOY. Inscripci\u00f3n en <\/span><a style=\"font-family: Verdana; font-size: small;\" href=\"https:\/\/eventioz.com.ar\/identidaddigital\"> https:\/\/eventioz.com.ar\/identidaddigital<!--more--><\/a><\/p>\n<p align=\"left\"><a href=\"https:\/\/quasarcomunicacion.com.ar\/web\/wp-content\/uploads\/2015\/09\/galeria.gif\"><img class=\"aligncenter\" alt=\"galeria\" src=\"https:\/\/quasarcomunicacion.com.ar\/web\/wp-content\/uploads\/2015\/09\/galeria.gif\" \/><\/a><\/p>\n<p align=\"left\"><span style=\"font-family: Verdana; font-size: small;\">La capacitaci\u00f3n es organizada por <b>Emprender Hoy<\/b> y est\u00e1 destinada a profesionales, empresarios, comerciantes, emprendedores, etc. que deseen tener una buena imagen personal en el mundo digital para impulsar sus proyectos <\/span><\/p>\n<p align=\"left\"><span style=\"font-family: Verdana; font-size: small;\">Durante las dos horas de capacitaci\u00f3n, se abordar\u00e1n los siguientes temas: ideas clave, concepto de marca; Reputaci\u00f3n online; Sitio Web y Blog; Redes Sociales; Linkedin como base de imagen profesional digital; \u00bfC\u00f3mo obtener nuevos prospectos? y conceptos de Marketing Digital.<\/span><\/p>\n<p align=\"left\"><span style=\"font-family: Verdana; font-size: small;\">El curso est\u00e1 enfocado a que los profesionales independientes o miembros de las empresas entiendan que su imagen es la demostraci\u00f3n de su marca en la red. Hoy, gracias a la democratizaci\u00f3n de la informaci\u00f3n a trav\u00e9s de internet los usuarios pueden tener acceso a ella de manera casi ilimitada. <\/span><\/p>\n<p align=\"left\"><span style=\"font-family: Verdana; font-size: small;\">Por lo tanto, los profesionales y las organizaciones tienen que estar a la altura de las circunstancias brindando una buena imagen, tanto para alcanzar potenciales clientes como futuros contactos de negocios.<\/span><\/p>\n<p align=\"left\"><span style=\"font-family: Verdana; font-size: small;\">En este aspecto, es importante entender que una buena imagen inspira confianza y es algo que tiene mucho peso e influye mucho para la decisi\u00f3n de compra o contrataci\u00f3n de un producto o servicio. <\/span><\/p>\n<p align=\"left\"><span style=\"font-family: Verdana; font-size: small;\">Para poder utilizar de manera correcta esta herramienta tan trascendente, es indispensable conocer y realizar buenas pr\u00e1cticas. Esto no es una tarea sencilla ya que conlleva una planificaci\u00f3n y dedicaci\u00f3n. En el curso se ver\u00e1n tanto estas buenas pr\u00e1cticas como as\u00ed\u00a0 mismo c\u00f3mo alcanzar potenciales contactos de negocios a trav\u00e9s de distintas herramientas que ofrece internet y el Marketing Digital.<\/span><\/p>\n<p align=\"left\"><span style=\"font-family: Verdana; font-size: small;\">Uriel Trajtenberg es CEO de Recursos Digital, experto en Marketing Digital y Digital Project Manager.<\/span><\/p>\n<p><span style=\"font-family: Verdana; font-size: small;\">La capacitaci\u00f3n es organizada por Emprender HOY y Pilar Emprende. Cuenta con el apoyo de Pilar GPS, Qu\u00e1sar Comunicaci\u00f3n, Galer\u00eda Site Zen, Pilar Emprende Radio, Recursos Digital y Pilar Hoy Noticias.<\/span><br \/>\n<b><span style=\"font-family: Verdana; font-size: small;\">Acerca de Emprender HOY<\/span><\/b><br \/>\n<span style=\"font-family: Verdana; font-size: xx-small;\"><b> Emprender HOY <\/b>es un espacio para todos los emprendedores que se materializa en diversos eventos como ferias, encuentros, capacitaciones, consultor\u00edas, espacios de networking, entre otros. <\/span><br \/>\n<span style=\"font-family: Verdana; font-size: xx-small;\">La raz\u00f3n de ser, la misi\u00f3n, de <b>Emprender HOY <\/b>es proporcionar al sector Emprendedor herramientas y conocimientos que le permitan desarrollar su propio emprendimiento e incorporar competencias que deriven en su mejora continua. <\/span><br \/>\n<span style=\"font-family: Verdana; font-size: xx-small;\">Desde la instituci\u00f3n buscan fomentar el autoempleo y la sustentabilidad de los proyectos contribuyendo a la generaci\u00f3n de valor econ\u00f3mico en la sociedad a trav\u00e9s de la creaci\u00f3n y sostenimiento de un ecosistema emprendedor. Aspiran a ser un canal de comunicaci\u00f3n entre los emprendedores y entre las instituciones y organismos dedicados a ellos <\/span><br \/>\n<span style=\"font-family: Verdana; font-size: xx-small;\">Tambi\u00e9n cuentan con un grupo de consultores independientes que acercan su saber a los emprendedores, gener\u00e1ndose una comunidad donde la informaci\u00f3n se comparte de forma exponencial y viral <\/span><br \/>\n<span style=\"font-family: Verdana; font-size: xx-small;\">Emprender Hoy, a trav\u00e9s del proyecto <b>#DESARROLLOEMPRENDEDOR<\/b> lleva a cabo por segundo a\u00f1o consecutivo un ciclo de actividades gratuitas compuesto por charlas y encuentros de networking.<\/span><br \/>\n<span style=\"font-family: Verdana; font-size: xx-small;\">El mismo se desarrolla en la ciudad de Pilar (Bs. As., Argentina) y cuenta con el apoyo de diferentes instituciones, particulares, medios de comunicaci\u00f3n y consultores independientes que comparten su conocimiento de manera desinteresada. <\/span><br \/>\n<span style=\"font-family: Verdana; font-size: xx-small;\"><b>CONSULTAS E INSCRIPCIONES:<\/b> www.emprenderhoy.com.ar o comunic\u00e1ndose al 011-15-6742-7635 \/ <a href=\"http:\/\/www.facebook.com\/emprenderhoyfanpage\"> www.facebook.com\/emprenderhoyfanpage<\/a><\/span><br \/>\n<span style=\"font-size: small;\"><b><i><span style=\"font-family: Arial;\">Por otras im\u00e1genes, audios o entrevistas no dude en contactarse<\/span><\/i><\/b><\/span><\/p>\n<p align=\"center\"><span style=\"font-size: small;\"><b><i> Contactos de Prensa<\/i><\/b><\/span><\/p>\n<div align=\"left\">\n<table width=\"100%\" border=\"1\" cellpadding=\"2\" align=\"left\">\n<tbody>\n<tr>\n<td align=\"center\" width=\"50%\">\n<p align=\"left\"><span style=\"font-size: medium;\"><strong> <span style=\"color: #808080; font-family: Arial; font-size: small;\"> Camila Sarmiento &#8211; Asistente de Cuentas<br \/>\n<\/span> <\/strong><\/span> <span style=\"font-size: xx-small;\"><span style=\"color: #ff0000;\"> Directo<\/span><b>: <\/b> 0230<\/span><span style=\"font-size: xx-small;\">-4664772<br \/>\n<\/span><span style=\"color: #ff0000; font-size: xx-small;\"> Skype:<\/span><span style=\"font-size: xx-small;\"> quasarcomunicacion<br \/>\n<\/span><span style=\"color: #ff0000; font-size: xx-small;\"> Twitter:<\/span><span style=\"font-size: xx-small;\"> @quasarpilar<br \/>\n<\/span><span style=\"color: #ff0000; font-size: xx-small;\"> Gr<\/span><span style=\"color: #ff0000; font-size: xx-small;\">upo y p\u00e1gina en Facebook: <\/span> <span style=\"color: #808080; font-size: xx-small;\">www.facebook.com\/<\/span><a href=\"mailto:mfipata@gmail.com\"><span style=\"font-size: xx-small;\">Quasar<\/span><\/a><span style=\"font-size: xx-small;\">Comunicacion<br \/>\n<\/span><span style=\"color: #ff0000; font-size: xx-small;\"> Web:<\/span><b><\/b> <a href=\"http:\/\/www.quasarcomunicacion.com.ar\/\"> <span style=\"font-size: xx-small;\">www.quasarcomunicacion.com.ar<\/span><\/a><\/p>\n<p align=\"left\"><span style=\"font-size: xx-small;\"> <span style=\"color: #ff0000;\">Mail<\/span><b>:<\/b><\/span><span style=\"font-size: xx-small;\"> <a href=\"mailto:fernanda@quasarcomunicacion.com.ar\"> asistente@quasarcomunicacion.com.ar<\/a><\/span><\/p>\n<\/td>\n<td align=\"center\" width=\"50%\">\n<p align=\"right\"><span style=\"font-size: medium;\"><strong> <span style=\"color: #808080; font-family: Arial; font-size: small;\"> Lic. Mar\u00eda Fernanda Ipata &#8211; Directora<br \/>\n<\/span> <\/strong><\/span> <span style=\"font-size: xx-small;\"><span style=\"color: #ff0000;\"><br \/>\nDirecto<\/span><b>: <\/b> 0230<\/span><span style=\"font-size: xx-small;\">-4664772<\/span><span style=\"font-size: xx-small;\"><br \/>\n<\/span><span style=\"font-size: xx-small;\"> <span style=\"color: #ff0000;\">M\u00f3vil:<\/span><b> <\/b> 0230<\/span><span style=\"font-size: xx-small;\">-15-4584535<br \/>\n011-15-6096-4656 ID 558*3763<br \/>\n<\/span><span style=\"color: #ff0000; font-size: xx-small;\"> Skype:<\/span><span style=\"font-size: xx-small;\"> quasarcomunicacion<br \/>\n<\/span><span style=\"color: #ff0000; font-size: xx-small;\"> Twitter:<\/span><span style=\"font-size: xx-small;\"> @quasarpilar<br \/>\n<\/span><span style=\"color: #ff0000; font-size: xx-small;\"> Gr<\/span><span style=\"color: #ff0000; font-size: xx-small;\">upo y p\u00e1gina en Facebook: <\/span> <span style=\"color: #808080; font-size: xx-small;\">www.facebook.com\/<\/span><a href=\"mailto:mfipata@gmail.com\"><span style=\"font-size: xx-small;\">Quasar<\/span><\/a><span style=\"font-size: xx-small;\">Comunicacion<br \/>\n<\/span><span style=\"font-size: xx-small;\"> <span style=\"color: #ff0000;\">LinkedIn<\/span><b>:\u00a0 <\/b><\/span> <span style=\"font-size: xx-small;\"><b> <a href=\"http:\/\/www.linkedin.com\/in\/mfipata\"> http:\/\/www.linkedin.com\/in\/mfipata<\/a><\/b><\/span><span style=\"font-size: xx-small;\"><br \/>\n<\/span><span style=\"color: #ff0000; font-size: xx-small;\"> Web:<\/span><b><\/b> <a href=\"http:\/\/www.quasarcomunicacion.com.ar\/\"> <span style=\"font-size: xx-small;\">www.quasarcomunicacion.com.ar<\/span><\/a><span style=\"font-size: xx-small;\"><br \/>\n<\/span><span style=\"font-size: xx-small;\"> <span style=\"color: #ff0000;\">Mail<\/span><b>:<\/b><\/span><span style=\"font-size: xx-small;\"><a href=\"mailto:fernanda@quasarcomunicacion.com.ar\"> fernanda@quasarcomunicacion.com.ar<\/a><\/span><\/p>\n<\/td>\n<\/tr>\n<\/tbody>\n<\/table>\n<\/div>\n","protected":false},"excerpt":{"rendered":"<p>El pr\u00f3ximo viernes 11 de septiembre a las 15 hs, Uriel Trajtenberg brindar\u00e1 la charla \u00abIdentidad Digital \u00bfqui\u00e9nes somos en [&hellip;]<\/p>\n","protected":false},"author":2,"featured_media":6335,"comment_status":"open","ping_status":"open","sticky":false,"template":"","format":"standard","meta":[],"categories":[2],"tags":[],"_links":{"self":[{"href":"https:\/\/quasarcomunicacion.com.ar\/web\/wp-json\/wp\/v2\/posts\/6334"}],"collection":[{"href":"https:\/\/quasarcomunicacion.com.ar\/web\/wp-json\/wp\/v2\/posts"}],"about":[{"href":"https:\/\/quasarcomunicacion.com.ar\/web\/wp-json\/wp\/v2\/types\/post"}],"author":[{"embeddable":true,"href":"https:\/\/quasarcomunicacion.com.ar\/web\/wp-json\/wp\/v2\/users\/2"}],"replies":[{"embeddable":true,"href":"https:\/\/quasarcomunicacion.com.ar\/web\/wp-json\/wp\/v2\/comments?post=6334"}],"version-history":[{"count":0,"href":"https:\/\/quasarcomunicacion.com.ar\/web\/wp-json\/wp\/v2\/posts\/6334\/revisions"}],"wp:featuredmedia":[{"embeddable":true,"href":"https:\/\/quasarcomunicacion.com.ar\/web\/wp-json\/wp\/v2\/media\/6335"}],"wp:attachment":[{"href":"https:\/\/quasarcomunicacion.com.ar\/web\/wp-json\/wp\/v2\/media?parent=6334"}],"wp:term":[{"taxonomy":"category","embeddable":true,"href":"https:\/\/quasarcomunicacion.com.ar\/web\/wp-json\/wp\/v2\/categories?post=6334"},{"taxonomy":"post_tag","embeddable":true,"href":"https:\/\/quasarcomunicacion.com.ar\/web\/wp-json\/wp\/v2\/tags?post=6334"}],"curies":[{"name":"wp","href":"https:\/\/api.w.org\/{rel}","templated":true}]}}