{"id":6201,"date":"2015-07-06T17:53:53","date_gmt":"2015-07-06T20:53:53","guid":{"rendered":"https:\/\/quasarcomunicacion.com.ar\/web\/?p=6201"},"modified":"2015-07-06T17:53:53","modified_gmt":"2015-07-06T20:53:53","slug":"se-realizo-el-encuentro-coral-del-polo-educativo-pilar-a-beneficio-del-hospital-meisner","status":"publish","type":"post","link":"https:\/\/quasarcomunicacion.com.ar\/web\/se-realizo-el-encuentro-coral-del-polo-educativo-pilar-a-beneficio-del-hospital-meisner\/","title":{"rendered":"Se realiz\u00f3 el Encuentro coral del Polo Educativo Pilar a beneficio del Hospital Meisner"},"content":{"rendered":"<p style=\"text-align: left;\" align=\"center\"><span style=\"font-family: Verdana; font-size: small;\">El d\u00eda jueves 25 de junio el auditorio de la Universidad del Salvador recibi\u00f3 a los coros de siete colegios del <\/span><b style=\"font-family: Verdana; font-size: small;\"> Polo Educativo Pilar <\/b><span style=\"font-family: Verdana; font-size: small;\">que brindaron un concierto a beneficio de la Cooperadora del Hospital Materno-Infantil Comodoro Meisner de Presidente Derqui (Pilar) en el marco de un nuevo <\/span><b style=\"font-family: Verdana; font-size: small;\">Encuentro Coral 2015 <\/b><span style=\"font-family: Verdana; font-size: small;\">organizado por el <\/span><b style=\"font-family: Verdana; font-size: small;\">Polo Educativo Pilar<\/b><\/p>\n<p align=\"left\"><span style=\"font-family: Verdana; font-size: small;\">En un auditorio colmado por alumnos y familiares ,el encuentro de coros brill\u00f3 con momentos de gran emotividad que el p\u00fablico respondi\u00f3 con cerrados y prolongados aplausos en esta <b>V edici\u00f3n<\/b> de una de las actividades culturales m\u00e1s importante que organiza el <b>Polo Educativo Pilar<\/b>. Los coros estuvieron conformados, en algunos casos, por alumnos de primaria y en otros casos por alumnos de secundaria<!--more--><\/span><\/p>\n<p align=\"left\"><span style=\"font-family: Verdana; font-size: small;\">Todas las fotos del evento en la fan page <a href=\"https:\/\/www.facebook.com\/poloeducativo\"> https:\/\/www.facebook.com\/poloeducativo<\/a> <\/span><\/p>\n<p align=\"left\">\u00a0<a href=\"https:\/\/quasarcomunicacion.com.ar\/web\/wp-content\/uploads\/2015\/07\/coros.gif\"><img class=\"aligncenter\" alt=\"coros\" src=\"https:\/\/quasarcomunicacion.com.ar\/web\/wp-content\/uploads\/2015\/07\/coros.gif\" \/><\/a><\/p>\n<p align=\"left\"><span style=\"font-family: Verdana; font-size: small;\">El encuentro cont\u00f3 con la participaci\u00f3n de los coros del Colegio North Hills (dirigido por el prof. Ricardo Sagastiz\u00e1bal); del Colegio Brick Towers College (dirigido por el Prof. Gustavo P\u00e9rez); del Northern International School (dirigido por el prof. Francisco Dur\u00e1n); del Bede`s Grammar School (dirigido por Clara Luther); del St Matthew`s College (dirigido por el prof. Diego Sarquis); del Colegio Norbridge (dirigido por el prof. Gustavo P\u00e9rez) y del Del Viso Day School (dirigido por el prof. Javier Escobar).<\/span><\/p>\n<p align=\"left\"><span style=\"font-family: Verdana; font-size: small;\">De esta manera, los coreutas interpretaron temas en ingl\u00e9s y en espa\u00f1ol con excelentes participaciones individuales de los solistas.<\/span><\/p>\n<p align=\"left\"><span style=\"font-family: Verdana; font-size: small;\">Entre los temas interpretados, cantaron Love of my life (Mercury), Seminare (Garc\u00eda-Leb\u00f3n), Somebody tol ove (Queen), una selecci\u00f3n de temas del Fantasma de la Opera (Lloyd Webber), The Shoop Song (It`s In His Kiss), La Creaci\u00f3n (Alejandro Mayol con arreglo de Francisco Dur\u00e1n), Hello goodbye (Lennon-McCartney con arreglos de Francisco Dur\u00e1n), Birdland (Manhattan Transfer), Come Together (The Beatles), Gods Love Nubia-Aida (Elton John), The best day of my life (James Adam Shelley, Aaron Accetta, Michael Goodman, Matthew John S\u00e1nchez, Zacharly Michael Barnett, David M. Rublin), La Llave (Abel Pintos), Staying alive (Maurice Ernest Gibb, Ricky Lyte, Robin Hugh Gibb, Barry Gibb), Romance Espa\u00f1ol (siglo XVII), Just give me a Reason (Pink), R\u00edo, Rio (tradicional chileno con arreglos de Mar\u00eda del Carmen Aguilar), Hallelujah (Leonard Cohen) y Let it be (The Beatles)<\/span><\/p>\n<p align=\"left\"><span style=\"font-family: Verdana; font-size: small;\">El evento estuvo presentado por el profesor Javier Escobar y cont\u00f3 con la presencia de familiares y la comunidad educativa de cada colegio.<br \/>\nUna vez finalizado el evento se anunci\u00f3 que se recaudaron 24 mil pesos que se destinan a la Cooperadora del Hospital Materno Infantil Hugo Meisner (Derqui).<\/span><\/p>\n<p align=\"left\"><span style=\"font-family: Verdana; font-size: small;\">Para contactarse con el <b>Polo Educativo Pila<\/b>r, llamar al (0348) 4477-355 o bien enviar un e-mail a <a href=\"mailto:info@poloeducativopilar.com.ar\"> info@poloeducativopilar.com.ar<\/a>\u00a0 <\/span><\/p>\n<p align=\"right\"><span style=\"font-size: small;\"><b><i><span style=\"font-family: Arial;\">Por otras im\u00e1genes, audios o entrevistas no dude en contactarse<\/span><\/i><\/b><\/span><\/p>\n<p align=\"center\"><span style=\"font-size: small;\"><b><i> Contactos de Prensa<\/i><\/b><\/span><\/p>\n<div align=\"left\">\n<table width=\"100%\" border=\"1\" cellpadding=\"2\" align=\"left\">\n<tbody>\n<tr>\n<td align=\"center\" width=\"50%\">\n<p align=\"left\"><strong> <span style=\"color: #ff0000; font-family: Arial; font-size: small;\">Camila Sarmiento<\/span><\/strong><span style=\"font-size: medium;\"><strong><span style=\"color: #808080; font-family: Arial; font-size: small;\"> &#8211; Asistente de Cuentas<\/span><\/strong><\/span><\/p>\n<p><span style=\"font-size: xx-small;\"><span style=\"color: #ff0000;\"> Directo<\/span><b>: <\/b> 0230<\/span><span style=\"font-size: xx-small;\">-4664772<br \/>\n<\/span><span style=\"color: #ff0000; font-size: xx-small;\"> Skype:<\/span><span style=\"font-size: xx-small;\"> quasarcomunicacion<br \/>\n<\/span><span style=\"color: #ff0000; font-size: xx-small;\"> Twitter:<\/span><span style=\"font-size: xx-small;\"> @quasarpilar<br \/>\n<\/span><span style=\"color: #ff0000; font-size: xx-small;\"> Gr<\/span><span style=\"color: #ff0000; font-size: xx-small;\">upo y p\u00e1gina en Facebook: <\/span> <span style=\"color: #808080; font-size: xx-small;\">www.facebook.com\/<\/span><a href=\"mailto:mfipata@gmail.com\"><span style=\"font-size: xx-small;\">Quasar<\/span><\/a><span style=\"font-size: xx-small;\">Comunicacion<br \/>\n<\/span><span style=\"color: #ff0000; font-size: xx-small;\"> Web:<\/span><b><\/b> <a href=\"http:\/\/www.quasarcomunicacion.com.ar\/\"> <span style=\"font-size: xx-small;\">www.quasarcomunicacion.com.ar<\/span><\/a><\/p>\n<p align=\"left\"><span style=\"font-size: xx-small;\"> <span style=\"color: #ff0000;\">Mail<\/span><b>:<\/b><\/span><span style=\"font-size: xx-small;\"> <a href=\"mailto:fernanda@quasarcomunicacion.com.ar\"> asistente@quasarcomunicacion.com.ar<\/a><\/span><\/p>\n<\/td>\n<td align=\"center\" width=\"50%\">\n<p align=\"right\"><span style=\"font-size: medium;\"><strong> <span style=\"color: #808080; font-family: Arial; font-size: small;\"> Lic. Mar\u00eda Fernanda Ipata &#8211; Directora<br \/>\n<\/span> <\/strong><\/span> <span style=\"font-size: xx-small;\"><span style=\"color: #ff0000;\"><br \/>\nDirecto<\/span><b>: <\/b> 0230<\/span><span style=\"font-size: xx-small;\">-4664772<\/span><span style=\"font-size: xx-small;\"><br \/>\n<\/span><span style=\"font-size: xx-small;\"> <span style=\"color: #ff0000;\">M\u00f3vil:<\/span><b> <\/b> 0230<\/span><span style=\"font-size: xx-small;\">-15-4584535<br \/>\n011-15-6096-4656 ID 558*3763<br \/>\n<\/span><span style=\"color: #ff0000; font-size: xx-small;\"> Skype:<\/span><span style=\"font-size: xx-small;\"> quasarcomunicacion<br \/>\n<\/span><span style=\"color: #ff0000; font-size: xx-small;\"> Twitter:<\/span><span style=\"font-size: xx-small;\"> @quasarpilar<br \/>\n<\/span><span style=\"color: #ff0000; font-size: xx-small;\"> Gr<\/span><span style=\"color: #ff0000; font-size: xx-small;\">upo y p\u00e1gina en Facebook: <\/span> <span style=\"color: #808080; font-size: xx-small;\">www.facebook.com\/<\/span><a href=\"mailto:mfipata@gmail.com\"><span style=\"font-size: xx-small;\">Quasar<\/span><\/a><span style=\"font-size: xx-small;\">Comunicacion<br \/>\n<\/span><span style=\"font-size: xx-small;\"> <span style=\"color: #ff0000;\">LinkedIn<\/span><b>:\u00a0 <\/b><\/span> <span style=\"font-size: xx-small;\"><b> <a href=\"http:\/\/www.linkedin.com\/in\/mfipata\"> http:\/\/www.linkedin.com\/in\/mfipata<\/a><\/b><\/span><span style=\"font-size: xx-small;\"><br \/>\n<\/span><span style=\"color: #ff0000; font-size: xx-small;\"> Web:<\/span><b><\/b> <a href=\"http:\/\/www.quasarcomunicacion.com.ar\/\"> <span style=\"font-size: xx-small;\">www.quasarcomunicacion.com.ar<\/span><\/a><span style=\"font-size: xx-small;\"><br \/>\n<\/span><span style=\"font-size: xx-small;\"> <span style=\"color: #ff0000;\">Mail<\/span><b>:<\/b><\/span><span style=\"font-size: xx-small;\"><a href=\"mailto:fernanda@quasarcomunicacion.com.ar\"> fernanda@quasarcomunicacion.com.ar<\/a><\/span><\/p>\n<\/td>\n<\/tr>\n<\/tbody>\n<\/table>\n<\/div>\n","protected":false},"excerpt":{"rendered":"<p>El d\u00eda jueves 25 de junio el auditorio de la Universidad del Salvador recibi\u00f3 a los coros de siete colegios [&hellip;]<\/p>\n","protected":false},"author":2,"featured_media":6202,"comment_status":"open","ping_status":"open","sticky":false,"template":"","format":"standard","meta":[],"categories":[2],"tags":[],"_links":{"self":[{"href":"https:\/\/quasarcomunicacion.com.ar\/web\/wp-json\/wp\/v2\/posts\/6201"}],"collection":[{"href":"https:\/\/quasarcomunicacion.com.ar\/web\/wp-json\/wp\/v2\/posts"}],"about":[{"href":"https:\/\/quasarcomunicacion.com.ar\/web\/wp-json\/wp\/v2\/types\/post"}],"author":[{"embeddable":true,"href":"https:\/\/quasarcomunicacion.com.ar\/web\/wp-json\/wp\/v2\/users\/2"}],"replies":[{"embeddable":true,"href":"https:\/\/quasarcomunicacion.com.ar\/web\/wp-json\/wp\/v2\/comments?post=6201"}],"version-history":[{"count":0,"href":"https:\/\/quasarcomunicacion.com.ar\/web\/wp-json\/wp\/v2\/posts\/6201\/revisions"}],"wp:featuredmedia":[{"embeddable":true,"href":"https:\/\/quasarcomunicacion.com.ar\/web\/wp-json\/wp\/v2\/media\/6202"}],"wp:attachment":[{"href":"https:\/\/quasarcomunicacion.com.ar\/web\/wp-json\/wp\/v2\/media?parent=6201"}],"wp:term":[{"taxonomy":"category","embeddable":true,"href":"https:\/\/quasarcomunicacion.com.ar\/web\/wp-json\/wp\/v2\/categories?post=6201"},{"taxonomy":"post_tag","embeddable":true,"href":"https:\/\/quasarcomunicacion.com.ar\/web\/wp-json\/wp\/v2\/tags?post=6201"}],"curies":[{"name":"wp","href":"https:\/\/api.w.org\/{rel}","templated":true}]}}