{"id":6195,"date":"2015-07-01T15:18:54","date_gmt":"2015-07-01T18:18:54","guid":{"rendered":"https:\/\/quasarcomunicacion.com.ar\/web\/?p=6195"},"modified":"2015-07-01T15:18:54","modified_gmt":"2015-07-01T18:18:54","slug":"desayuno-para-emprendedores","status":"publish","type":"post","link":"https:\/\/quasarcomunicacion.com.ar\/web\/desayuno-para-emprendedores\/","title":{"rendered":"Desayuno para emprendedores"},"content":{"rendered":"<p style=\"text-align: left;\" align=\"center\"><span style=\"font-family: Verdana; font-size: small;\">\u00a0<b>Emprender Hoy<\/b> junto a <b>Pilar Emprende<\/b> organiza un nuevo desayuno para emprendedores, esta vez con la capacitaci\u00f3n<b> \u00abC\u00f3mo atraer a tu cliente ideal desde el \u00a1Hola!\u00bb<\/b> a cargo de Florencia Du<\/span><span style=\"font-family: Verdana; font-size: small;\">c\u00f3s. El desayuno se realizar\u00e1 el martes 7 de julio a las 9 hs en Chapa Deco Bar \u00a0(altura Km 46 del ramal Pilar de la Ruta Panamericana, Caama\u00f1o 610 (frente al St. Matthews). El desayuno incluye la capacitaci\u00f3n, m\u00e1s espacio para networking y feria para la exposici\u00f3n y venta de productos. Informes e inscripci\u00f3n enviando un mail a <a href=\"mailto:info@emprenderhoy.com.ar\"> info@emprenderhoy.com.ar<\/a> o telef\u00f3nicamente al 011-15-6742-7635<\/span><strong> <\/strong><\/p>\n<p align=\"left\"><span style=\"font-family: Verdana; font-size: small;\"><!--more--><\/span><\/p>\n<p align=\"left\"><a href=\"https:\/\/quasarcomunicacion.com.ar\/web\/wp-content\/uploads\/2015\/04\/desayunomujeres.gif\"><img class=\"aligncenter\" alt=\"desayunomujeres\" src=\"https:\/\/quasarcomunicacion.com.ar\/web\/wp-content\/uploads\/2015\/04\/desayunomujeres.gif\" \/><\/a><\/p>\n<p align=\"left\"><span style=\"font-family: Verdana; font-size: small;\">La inversi\u00f3n para participar es de 230 pesos por persona y de 400 si vienen acompa\u00f1ados por otro emprendedor.<\/span><\/p>\n<p align=\"left\"><span style=\"font-family: Verdana; font-size: small;\">Florencia Duc\u00f3s, CEO en florenciaducos.com y responsable de la charla <b>\u00abC\u00f3mo atraer a tu cliente ideal desde el \u00a1hola!\u00bb<\/b> invita a hacerse las siguientes preguntas \u00ab\u00bfTE PASA QUE&#8230; &#8230; te pone nervioso tener que hablar de tu perfil profesional y de los servicios que ofrec\u00e9s frente a un potencial cliente? &#8230; no sab\u00e9s c\u00f3mo expresarte? &#8230; sent\u00eds que las palabras no salen de tu boca como te gustar\u00eda? &#8230; pens\u00e1s que perdiste clientes por esta causa? Si tu respuesta a alguna de estas preguntas es SI&#8230; \u00a1esta charla es para vos!\u00bb<\/span><\/p>\n<p align=\"left\"><span style=\"font-family: Verdana; font-size: small;\">Durante la charla, Duc\u00f3s ense\u00f1ar\u00e1 la f\u00f3rmula eficaz para lograr pulir el mensaje, hacerlo efectivo y captar m\u00e1s y mejores clientes. <\/span><\/p>\n<p align=\"left\"><span style=\"font-family: Verdana; font-size: small;\">Este es el segundo desayuno organizado por<\/span><b style=\"font-family: Verdana; font-size: small;\"> Emprender HOY<\/b><span style=\"font-family: Verdana; font-size: small;\">. El anterior fue en el mes de marzo en ocasi\u00f3n del d\u00eda de la mujer. En esta oportunidad es abierto a todos los emprendedores con el objetivo de que se conozcan y se capaciten.<\/span><\/p>\n<p align=\"left\"><span style=\"font-family: Verdana; font-size: small;\">Como en cada desayuno, habr\u00e1 regalos y sorteos para las asistentes. Y una vez finalizado el desayuno, habr\u00e1 espacio para la exhibici\u00f3n y venta de productos.<\/span><\/p>\n<p align=\"left\"><span style=\"font-family: Verdana; font-size: small;\">El Encuentro es organizado por Emprender HOY, Pilar Emprende y Qu\u00e1sar Comunicaci\u00f3n. Cuenta con el apoyo de PILAR GPS &#8211; Gu\u00eda de Productos y Servicios, Pilar Hoy Noticias, Pilar Emprende Radio y Pilar Emprende<\/span><\/p>\n<p align=\"left\"><b><span style=\"font-family: Verdana; font-size: small;\">Acerca de Florencia Duc\u00f3s<\/span><\/b><\/p>\n<p><span style=\"font-family: Verdana; font-size: small;\"> Florencia Duc\u00f3s es CEO en florenciaducos.com, Asesora de Imagen-Maquilladora, Lic. en RR.PP (UADE) y Master en Marketing (SUNY-USAL)<br \/>\nTiene m\u00e1s de catorce a\u00f1os de experiencia en el campo de la imagen tanto corporativo como personal. Su primer empleo fue como capacitadora en una de las principales empresas dedicadas a la formaci\u00f3n de modelos. <\/span><br \/>\n<span style=\"font-family: Verdana; font-size: small;\">Licenciada en Relaciones P\u00fablicas, se perfeccion\u00f3 realizando un postgrado en Direcci\u00f3n de Marketing. Paralelamente sigui\u00f3 ampliando sus conocimientos en maquillaje tomando cursos de perfeccionamiento con los mejores maquilladores del pa\u00eds. Tambi\u00e9n se capacit\u00f3 en Oratoria y Programaci\u00f3n Neurolingu\u00edstica.<br \/>\nDesarroll\u00f3 y dict\u00f3 la c\u00e1tedra de Relaciones P\u00fablicas en una importante escuela de Hoteler\u00eda del pa\u00eds. <\/span><\/p>\n<p align=\"left\"><span style=\"font-family: Verdana; font-size: small;\">Se desempe\u00f1o como Jefa de Producto en una importante empresa de cosm\u00e9ticos internacional, desarrollando las comunicaciones y la imagen de la marca, adem\u00e1s dise\u00f1\u00f3 y desarroll\u00f3 la publicidad y las promociones de una l\u00ednea de productos de belleza, desde una agencia de comunicaciones estrat\u00e9gicas. Ha sido convocada reiteradas veces como columnista en los programas \u201cBelleza de Mujer\u201d y \u201c20 a\u00f1os menos\u201d, que se emiten por Util\u00edsima; tambi\u00e9n tiene apariciones en medios tales como Diario Perfil, Para Ti , Radio Cultura, Radio Rivadavia<\/span><\/p>\n<p align=\"left\"><b><span style=\"font-family: Verdana; font-size: small;\">Acerca de Emprender HOY<\/span><\/b><\/p>\n<p><span style=\"font-family: Verdana; font-size: xx-small;\"><b> Emprender HOY <\/b>es un espacio para todos los emprendedores que se materializa en diversos eventos como ferias, encuentros, capacitaciones, consultor\u00edas, espacios de networking, entre otros. <\/span><br \/>\n<span style=\"font-family: Verdana; font-size: xx-small;\">La raz\u00f3n de ser, la misi\u00f3n, de <b>Emprender HOY <\/b>es proporcionar al sector Emprendedor herramientas y conocimientos que le permitan desarrollar su propio emprendimiento e incorporar competencias que deriven en su mejora continua. <\/span><br \/>\n<span style=\"font-family: Verdana; font-size: xx-small;\">Desde la instituci\u00f3n buscan fomentar el autoempleo y la sustentabilidad de los proyectos contribuyendo a la generaci\u00f3n de valor econ\u00f3mico en la sociedad a trav\u00e9s de la creaci\u00f3n y sostenimiento de un ecosistema emprendedor. Aspiran a ser un canal de comunicaci\u00f3n entre los emprendedores y entre las instituciones y organismos dedicados a ellos <\/span><br \/>\n<span style=\"font-family: Verdana; font-size: xx-small;\">Tambi\u00e9n cuentan con un grupo de consultores independientes que acercan su saber a los emprendedores, gener\u00e1ndose una comunidad donde la informaci\u00f3n se comparte de forma exponencial y viral <\/span><br \/>\n<span style=\"font-family: Verdana; font-size: xx-small;\">Emprender Hoy, a trav\u00e9s del proyecto <b>#DESARROLLOEMPRENDEDOR<\/b> desarrolla por segundo a\u00f1o consecutivo un ciclo de actividades gratuitas compuesto por charlas y encuentros de networking que fue declarado de Inter\u00e9s Municipal por el Honorable Concejo Deliberante de Pilar<\/span><br \/>\n<span style=\"font-family: Verdana; font-size: xx-small;\">El mismo se desarrolla en la ciudad de Pilar (Bs. As., Argentina) y cuenta con el apoyo de diferentes instituciones, particulares, medios de comunicaci\u00f3n y consultores independientes que comparten su conocimiento de manera desinteresada. <\/span><br \/>\n<span style=\"font-family: Verdana; font-size: xx-small;\">Adem\u00e1s, cuenta con un programa de radio propio, <b>Pilar Emprende Radio<\/b>, los viernes de 12 a 14 hs por Radio X Pilar FM 100.3 (www.radioxpilar.com.ar)<\/span><br \/>\n<span style=\"font-family: Verdana; font-size: xx-small;\"><b>CONSULTAS E INSCRIPCIONES:<\/b> www.emprenderhoy.com.ar o comunic\u00e1ndose al 011-15-6742-7635 \/ <a href=\"http:\/\/www.facebook.com\/emprenderhoyfanpage\"> www.facebook.com\/emprenderhoyfanpage<\/a><\/span><br \/>\n<span style=\"font-size: small;\"><b><i><span style=\"font-family: Arial;\">Por otras im\u00e1genes, audios o entrevistas no dude en contactarse<\/span><\/i><\/b><\/span><\/p>\n<p align=\"center\"><span style=\"font-size: small;\"><b><i> Contactos de Prensa<\/i><\/b><\/span><\/p>\n<div align=\"left\">\n<table width=\"100%\" border=\"1\" cellpadding=\"2\" align=\"left\">\n<tbody>\n<tr>\n<td align=\"center\" width=\"50%\">\n<p align=\"left\"><span style=\"font-size: medium;\"><strong> <span style=\"color: #808080; font-family: Arial; font-size: small;\"> Camila Sarmiento &#8211; Asistente de Cuentas<br \/>\n<\/span> <\/strong><\/span> <span style=\"font-size: xx-small;\"><span style=\"color: #ff0000;\"> Directo<\/span><b>: <\/b> 0230<\/span><span style=\"font-size: xx-small;\">-4664772<br \/>\n<\/span><span style=\"color: #ff0000; font-size: xx-small;\"> Skype:<\/span><span style=\"font-size: xx-small;\"> quasarcomunicacion<br \/>\n<\/span><span style=\"color: #ff0000; font-size: xx-small;\"> Twitter:<\/span><span style=\"font-size: xx-small;\"> @quasarpilar<br \/>\n<\/span><span style=\"color: #ff0000; font-size: xx-small;\"> Gr<\/span><span style=\"color: #ff0000; font-size: xx-small;\">upo y p\u00e1gina en Facebook: <\/span> <span style=\"color: #808080; font-size: xx-small;\">www.facebook.com\/<\/span><a href=\"mailto:mfipata@gmail.com\"><span style=\"font-size: xx-small;\">Quasar<\/span><\/a><span style=\"font-size: xx-small;\">Comunicacion<br \/>\n<\/span><span style=\"color: #ff0000; font-size: xx-small;\"> Web:<\/span><b><\/b> <a href=\"http:\/\/www.quasarcomunicacion.com.ar\/\"> <span style=\"font-size: xx-small;\">www.quasarcomunicacion.com.ar<\/span><\/a><\/p>\n<p align=\"left\"><span style=\"font-size: xx-small;\"> <span style=\"color: #ff0000;\">Mail<\/span><b>:<\/b><\/span><span style=\"font-size: xx-small;\"> <a href=\"mailto:fernanda@quasarcomunicacion.com.ar\"> asistente@quasarcomunicacion.com.ar<\/a><\/span><\/p>\n<\/td>\n<td align=\"center\" width=\"50%\">\n<p align=\"right\"><span style=\"font-size: medium;\"><strong> <span style=\"color: #808080; font-family: Arial; font-size: small;\"> Lic. Mar\u00eda Fernanda Ipata &#8211; Directora<br \/>\n<\/span> <\/strong><\/span> <span style=\"font-size: xx-small;\"><span style=\"color: #ff0000;\"><br \/>\nDirecto<\/span><b>: <\/b> 0230<\/span><span style=\"font-size: xx-small;\">-4664772<\/span><span style=\"font-size: xx-small;\"><br \/>\n<\/span><span style=\"font-size: xx-small;\"> <span style=\"color: #ff0000;\">M\u00f3vil:<\/span><b> <\/b> 0230<\/span><span style=\"font-size: xx-small;\">-15-4584535<br \/>\n011-15-6096-4656 ID 558*3763<br \/>\n<\/span><span style=\"color: #ff0000; font-size: xx-small;\"> Skype:<\/span><span style=\"font-size: xx-small;\"> quasarcomunicacion<br \/>\n<\/span><span style=\"color: #ff0000; font-size: xx-small;\"> Twitter:<\/span><span style=\"font-size: xx-small;\"> @quasarpilar<br \/>\n<\/span><span style=\"color: #ff0000; font-size: xx-small;\"> Gr<\/span><span style=\"color: #ff0000; font-size: xx-small;\">upo y p\u00e1gina en Facebook: <\/span> <span style=\"color: #808080; font-size: xx-small;\">www.facebook.com\/<\/span><a href=\"mailto:mfipata@gmail.com\"><span style=\"font-size: xx-small;\">Quasar<\/span><\/a><span style=\"font-size: xx-small;\">Comunicacion<br \/>\n<\/span><span style=\"font-size: xx-small;\"> <span style=\"color: #ff0000;\">LinkedIn<\/span><b>:\u00a0 <\/b><\/span> <span style=\"font-size: xx-small;\"><b> <a href=\"http:\/\/www.linkedin.com\/in\/mfipata\"> http:\/\/www.linkedin.com\/in\/mfipata<\/a><\/b><\/span><span style=\"font-size: xx-small;\"><br \/>\n<\/span><span style=\"color: #ff0000; font-size: xx-small;\"> Web:<\/span><b><\/b> <a href=\"http:\/\/www.quasarcomunicacion.com.ar\/\"> <span style=\"font-size: xx-small;\">www.quasarcomunicacion.com.ar<\/span><\/a><span style=\"font-size: xx-small;\"><br \/>\n<\/span><span style=\"font-size: xx-small;\"> <span style=\"color: #ff0000;\">Mail<\/span><b>:<\/b><\/span><span style=\"font-size: xx-small;\"><a href=\"mailto:fernanda@quasarcomunicacion.com.ar\"> fernanda@quasarcomunicacion.com.ar<\/a><\/span><\/p>\n<\/td>\n<\/tr>\n<\/tbody>\n<\/table>\n<\/div>\n","protected":false},"excerpt":{"rendered":"<p>\u00a0Emprender Hoy junto a Pilar Emprende organiza un nuevo desayuno para emprendedores, esta vez con la capacitaci\u00f3n \u00abC\u00f3mo atraer a [&hellip;]<\/p>\n","protected":false},"author":2,"featured_media":5886,"comment_status":"open","ping_status":"open","sticky":false,"template":"","format":"standard","meta":[],"categories":[2],"tags":[],"_links":{"self":[{"href":"https:\/\/quasarcomunicacion.com.ar\/web\/wp-json\/wp\/v2\/posts\/6195"}],"collection":[{"href":"https:\/\/quasarcomunicacion.com.ar\/web\/wp-json\/wp\/v2\/posts"}],"about":[{"href":"https:\/\/quasarcomunicacion.com.ar\/web\/wp-json\/wp\/v2\/types\/post"}],"author":[{"embeddable":true,"href":"https:\/\/quasarcomunicacion.com.ar\/web\/wp-json\/wp\/v2\/users\/2"}],"replies":[{"embeddable":true,"href":"https:\/\/quasarcomunicacion.com.ar\/web\/wp-json\/wp\/v2\/comments?post=6195"}],"version-history":[{"count":0,"href":"https:\/\/quasarcomunicacion.com.ar\/web\/wp-json\/wp\/v2\/posts\/6195\/revisions"}],"wp:featuredmedia":[{"embeddable":true,"href":"https:\/\/quasarcomunicacion.com.ar\/web\/wp-json\/wp\/v2\/media\/5886"}],"wp:attachment":[{"href":"https:\/\/quasarcomunicacion.com.ar\/web\/wp-json\/wp\/v2\/media?parent=6195"}],"wp:term":[{"taxonomy":"category","embeddable":true,"href":"https:\/\/quasarcomunicacion.com.ar\/web\/wp-json\/wp\/v2\/categories?post=6195"},{"taxonomy":"post_tag","embeddable":true,"href":"https:\/\/quasarcomunicacion.com.ar\/web\/wp-json\/wp\/v2\/tags?post=6195"}],"curies":[{"name":"wp","href":"https:\/\/api.w.org\/{rel}","templated":true}]}}