{"id":613,"date":"2012-07-16T21:34:06","date_gmt":"2012-07-16T21:34:06","guid":{"rendered":"http:\/\/quasarcomunicacion.wordpress.com\/?p=613"},"modified":"2012-07-16T21:34:06","modified_gmt":"2012-07-16T21:34:06","slug":"dia-del-amigo-en-pilar-point","status":"publish","type":"post","link":"https:\/\/quasarcomunicacion.com.ar\/web\/dia-del-amigo-en-pilar-point\/","title":{"rendered":"D\u00eda del Amigo en Pilar Point"},"content":{"rendered":"<p style=\"text-align:left;\" align=\"center\">El D\u00eda del Amigo se festeja en\u00a0<strong>Pilar Point<\/strong>, el shopping del centro para todos.\u00a0<strong>Pilar Poin<\/strong>t est\u00e1 ubicado en Estanislao L\u00f3pez (ex ruta 8) e Ituzaing\u00f3.<\/p>\n<p><img loading=\"lazy\" src=\"http:\/\/www.quasarcomunicacion.com.ar\/pilarpoint\/2012\/dolce.gif\" alt=\"\" width=\"500\" height=\"375\" \/><!--more--><br \/>\n<strong>Pilar Point<\/strong>\u00a0te invita el viernes 20 con una promoci\u00f3n imperdible de Dolce Kaf\u00e9 (en planta baja del shopping): Cada tres consumiciones (bebida o comida), la cuarta es sin cargo.<br \/>\n<img src=\"http:\/\/www.quasarcomunicacion.com.ar\/pilarpoint\/2012\/coffe.gif\" alt=\"\" align=\"right\" hspace=\"6\" vspace=\"6\" \/>En el primer piso del shoping, m\u00e1s precisamente en el Patio de Comidas, Coffee Break brindar\u00e1 durante todo el d\u00eda viernes 20 una promo de 3&#215;2: cada dos bebidas (con o sin alcohol) la tercera sin cargo<br \/>\nY ese mismo d\u00eda, M\u00f3nica Carignano tendr\u00e1 un 2&#215;1 para amigas en manos o brushing, vienen 2 y paga 1; para amigos en corte de pelo vienen 2 y paga 1<br \/>\n<img loading=\"lazy\" src=\"http:\/\/www.quasarcomunicacion.com.ar\/pilarpoint\/2012\/carignano.gif\" alt=\"\" width=\"500\" height=\"333\" \/><br \/>\nAdem\u00e1s, del viernes 20 al Domingo 22, en Pilar Point te hacen PRECIO DE AMIGOS, los locales adheridos ofrecer\u00e1n productos o beneficios especiales en esos d\u00edas.<br \/>\n<span style=\"font-size:small;\"><strong>Pilar Point\u00a0<\/strong>est\u00e1 ubicado en Estanislao L\u00f3pez 538 esquina Ituzaing\u00f3, Pilar.<\/span><br \/>\n<span style=\"font-size:small;\">Todas las novedades de\u00a0<strong>Pilar Point<\/strong>\u00a0en\u00a0<a href=\"http:\/\/www.facebook.com\/pilarpoint\">www.facebook.com\/pilarpoint<\/a><\/span><br \/>\n<span style=\"font-size:small;\">M\u00e1s informaci\u00f3n escribiendo a\u00a0<a href=\"mailto:info@pilarpoint.com.ar\">info@pilarpoint.com.ar<\/a>\u00a0o llamando al\u00a0\u00a0<img src=\"\/\/lifbcibllhkdhoafpjfnlhfpfgnpldfl\/numbers_button_skype_logo.png\" alt=\"\" \/>0230-4664700.<\/span><\/p>\n","protected":false},"excerpt":{"rendered":"<p>El D\u00eda del Amigo se festeja en\u00a0Pilar Point, el shopping del centro para todos.\u00a0Pilar Point est\u00e1 ubicado en Estanislao L\u00f3pez [&hellip;]<\/p>\n","protected":false},"author":2,"featured_media":0,"comment_status":"open","ping_status":"open","sticky":false,"template":"","format":"standard","meta":[],"categories":[2],"tags":[],"_links":{"self":[{"href":"https:\/\/quasarcomunicacion.com.ar\/web\/wp-json\/wp\/v2\/posts\/613"}],"collection":[{"href":"https:\/\/quasarcomunicacion.com.ar\/web\/wp-json\/wp\/v2\/posts"}],"about":[{"href":"https:\/\/quasarcomunicacion.com.ar\/web\/wp-json\/wp\/v2\/types\/post"}],"author":[{"embeddable":true,"href":"https:\/\/quasarcomunicacion.com.ar\/web\/wp-json\/wp\/v2\/users\/2"}],"replies":[{"embeddable":true,"href":"https:\/\/quasarcomunicacion.com.ar\/web\/wp-json\/wp\/v2\/comments?post=613"}],"version-history":[{"count":0,"href":"https:\/\/quasarcomunicacion.com.ar\/web\/wp-json\/wp\/v2\/posts\/613\/revisions"}],"wp:attachment":[{"href":"https:\/\/quasarcomunicacion.com.ar\/web\/wp-json\/wp\/v2\/media?parent=613"}],"wp:term":[{"taxonomy":"category","embeddable":true,"href":"https:\/\/quasarcomunicacion.com.ar\/web\/wp-json\/wp\/v2\/categories?post=613"},{"taxonomy":"post_tag","embeddable":true,"href":"https:\/\/quasarcomunicacion.com.ar\/web\/wp-json\/wp\/v2\/tags?post=613"}],"curies":[{"name":"wp","href":"https:\/\/api.w.org\/{rel}","templated":true}]}}