{"id":6118,"date":"2015-06-01T16:19:31","date_gmt":"2015-06-01T19:19:31","guid":{"rendered":"https:\/\/quasarcomunicacion.com.ar\/web\/?p=6118"},"modified":"2015-06-01T16:19:31","modified_gmt":"2015-06-01T19:19:31","slug":"taller-practico-modelo-de-negocios-para-madres-emprendedoras","status":"publish","type":"post","link":"https:\/\/quasarcomunicacion.com.ar\/web\/taller-practico-modelo-de-negocios-para-madres-emprendedoras\/","title":{"rendered":"Taller Pr\u00e1ctico &quot;Modelo de Negocios&quot; para madres emprendedoras"},"content":{"rendered":"<p style=\"text-align: left;\" align=\"center\">\u00a0<span style=\"font-family: Verdana; font-size: small;\">El pr\u00f3ximo mi\u00e9rcoles 10 de junio a las 9.30 hs en Galer\u00eda Site Zen se brindar\u00e1 el taller gratuito y pr\u00e1ctico <b>\u00abModelo de Negocios\u00bb<\/b> orientado a madres emprendedoras. La capacitaci\u00f3n es dictada por la Lic. Romina Avila, directora de MadreEmprendedora. Cupos limitados, solo se requiere inscripci\u00f3n previa completando el formulario de este link<\/span><span style=\"font-family: Verdana; font-size: small;\"> \u00a0<a href=\"http:\/\/emprenderhoy.com.ar\/tallermodelonegocios.html\" target=\"_blank\" rel=\"nofollow noopener noreferrer\">http:\/\/emprenderhoy.com.ar\/tallermodelonegocios.html<\/a>. Informes e inscripci\u00f3n escribiendo a <a href=\"mailto:info@emprenderhoy.com.ar\"> info@emprenderhoy.com.ar<\/a> o telef\u00f3nicamente 011-15-6742-7635<\/span><strong> <\/strong><\/p>\n<p><span style=\"font-family: Verdana; font-size: small;\"><!--more--><\/span><br \/>\n<a href=\"https:\/\/quasarcomunicacion.com.ar\/web\/wp-content\/uploads\/2015\/06\/tallermadre.gif\"><img class=\"aligncenter\" alt=\"tallermadre\" src=\"https:\/\/quasarcomunicacion.com.ar\/web\/wp-content\/uploads\/2015\/06\/tallermadre.gif\" \/><\/a><br \/>\n<span style=\"font-family: Verdana; font-size: small;\">La capacitaci\u00f3n se da en el marco de los talleres pr\u00e1cticos que organiza Emprender HOY. En esta ocasi\u00f3n, la actividad cuenta con el auspicio de Pilar Emprende Radio y Pilar Emprende.<\/span><br \/>\n<span style=\"font-family: Verdana; font-size: small;\">M\u00e1s informaci\u00f3n en www.emprenderhoy.com.ar. En caso de ser posible, asistir con tarjetas personales o material promocional para el espacio de networking <\/span><br \/>\n<span style=\"font-family: Verdana; font-size: small;\">Durante el taller pr\u00e1ctico \u00abModelo de Negocios\u00bb se analizar\u00e1n las variables claves para la marcha del emprendimiento, se armar\u00e1 el\u00a0 modelo de negocios que mejor se ajuste a la\u00a0 realidad (CANVAS) y se identificar\u00e1n los principales puntos que permitir\u00e1n diferenciarse en el mercado donde se desarrolla<\/span><br \/>\n<b><span style=\"font-family: Verdana; font-size: small;\">Acerca de Romina Avila y la charla<\/span><\/b><br \/>\n<span style=\"font-family: Verdana; font-size: small;\"> Romina Avila es Lic. en Administraci\u00f3n de Empresas (Universidad del Salvador) y posee un MBA (Universidad de Palermo).\u00a0 Directora de la <b>Fundaci\u00f3n MadreEmprendedora, <\/b>entidad que trabaja en generar espacios para el desarrollo de la mujer madre mediante programas y proyectos de impacto que posibiliten el profesionalismo de sus iniciativas emprendedoras (como l\u00edder de proyectos o due\u00f1a de negocios).<br \/>\nLic. Administraci\u00f3n de Empresas, y posgrado en Negocios.<br \/>\nTutora en la Academia BA Emprende (GCBA)<br \/>\nEspecialista en Marketing Estrat\u00e9gico orientado al target de la mujer a partir de la maternidad.<br \/>\nAnalista e investigadora sobre los comportamientos y h\u00e1bitos de compra de las madres argentinas dentro de los contextos internos y externos en los que se desarrolla.<\/span><\/p>\n<p align=\"right\"><span style=\"font-size: small;\"><b><i><span style=\"font-family: Arial;\">Por otras im\u00e1genes, audios o entrevistas no dude en contactarse<\/span><\/i><\/b><\/span><\/p>\n<p align=\"center\"><span style=\"font-size: small;\"><b><i> Contactos de Prensa<\/i><\/b><\/span><\/p>\n<div align=\"left\">\n<table width=\"100%\" border=\"1\" cellpadding=\"2\" align=\"left\">\n<tbody>\n<tr>\n<td align=\"center\" width=\"50%\">\n<p align=\"left\"><strong> <span style=\"color: #ff0000; font-family: Arial; font-size: small;\">Camila Sarmiento<\/span><\/strong><span style=\"font-size: medium;\"><strong><span style=\"color: #808080; font-family: Arial; font-size: small;\"> &#8211; Asistente de Cuentas<br \/>\n<\/span> <\/strong><\/span> <span style=\"font-size: xx-small;\"><span style=\"color: #ff0000;\"> Directo<\/span><b>: <\/b> 0230<\/span><span style=\"font-size: xx-small;\">-4664772<br \/>\n<\/span><span style=\"color: #ff0000; font-size: xx-small;\"> Skype:<\/span><span style=\"font-size: xx-small;\"> quasarcomunicacion<br \/>\n<\/span><span style=\"color: #ff0000; font-size: xx-small;\"> Twitter:<\/span><span style=\"font-size: xx-small;\"> @quasarpilar<br \/>\n<\/span><span style=\"color: #ff0000; font-size: xx-small;\"> Gr<\/span><span style=\"color: #ff0000; font-size: xx-small;\">upo y p\u00e1gina en Facebook: <\/span> <span style=\"color: #808080; font-size: xx-small;\">www.facebook.com\/<\/span><a href=\"mailto:mfipata@gmail.com\"><span style=\"font-size: xx-small;\">Quasar<\/span><\/a><span style=\"font-size: xx-small;\">Comunicacion<br \/>\n<\/span><span style=\"color: #ff0000; font-size: xx-small;\"> Web:<\/span><b><\/b> <a href=\"http:\/\/www.quasarcomunicacion.com.ar\/\"> <span style=\"font-size: xx-small;\">www.quasarcomunicacion.com.ar<\/span><\/a><\/p>\n<p align=\"left\"><span style=\"font-size: xx-small;\"> <span style=\"color: #ff0000;\">Mail<\/span><b>:<\/b><\/span><span style=\"font-size: xx-small;\"> <a href=\"mailto:fernanda@quasarcomunicacion.com.ar\"> asistente@quasarcomunicacion.com.ar<\/a><\/span><\/p>\n<\/td>\n<td align=\"center\" width=\"50%\">\n<p align=\"right\"><span style=\"font-size: medium;\"><strong> <span style=\"color: #808080; font-family: Arial; font-size: small;\"> Lic. Mar\u00eda Fernanda Ipata &#8211; Directora<br \/>\n<\/span> <\/strong><\/span> <span style=\"font-size: xx-small;\"><span style=\"color: #ff0000;\"><br \/>\nDirecto<\/span><b>: <\/b> 0230<\/span><span style=\"font-size: xx-small;\">-4664772<\/span><span style=\"font-size: xx-small;\"><br \/>\n<\/span><span style=\"font-size: xx-small;\"> <span style=\"color: #ff0000;\">M\u00f3vil:<\/span><b> <\/b> 0230<\/span><span style=\"font-size: xx-small;\">-15-4584535<br \/>\n011-15-6096-4656 ID 558*3763<br \/>\n<\/span><span style=\"color: #ff0000; font-size: xx-small;\"> Skype:<\/span><span style=\"font-size: xx-small;\"> quasarcomunicacion<br \/>\n<\/span><span style=\"color: #ff0000; font-size: xx-small;\"> Twitter:<\/span><span style=\"font-size: xx-small;\"> @quasarpilar<br \/>\n<\/span><span style=\"color: #ff0000; font-size: xx-small;\"> Gr<\/span><span style=\"color: #ff0000; font-size: xx-small;\">upo y p\u00e1gina en Facebook: <\/span> <span style=\"color: #808080; font-size: xx-small;\">www.facebook.com\/<\/span><a href=\"mailto:mfipata@gmail.com\"><span style=\"font-size: xx-small;\">Quasar<\/span><\/a><span style=\"font-size: xx-small;\">Comunicacion<br \/>\n<\/span><span style=\"font-size: xx-small;\"> <span style=\"color: #ff0000;\">LinkedIn<\/span><b>:\u00a0 <\/b><\/span> <span style=\"font-size: xx-small;\"><b> <a href=\"http:\/\/www.linkedin.com\/in\/mfipata\"> http:\/\/www.linkedin.com\/in\/mfipata<\/a><\/b><\/span><span style=\"font-size: xx-small;\"><br \/>\n<\/span><span style=\"color: #ff0000; font-size: xx-small;\"> Web:<\/span><b><\/b> <a href=\"http:\/\/www.quasarcomunicacion.com.ar\/\"> <span style=\"font-size: xx-small;\">www.quasarcomunicacion.com.ar<\/span><\/a><span style=\"font-size: xx-small;\"><br \/>\n<\/span><span style=\"font-size: xx-small;\"> <span style=\"color: #ff0000;\">Mail<\/span><b>:<\/b><\/span><span style=\"font-size: xx-small;\"><a href=\"mailto:fernanda@quasarcomunicacion.com.ar\"> fernanda@quasarcomunicacion.com.ar<\/a><\/span><\/p>\n<\/td>\n<\/tr>\n<\/tbody>\n<\/table>\n<\/div>\n","protected":false},"excerpt":{"rendered":"<p>\u00a0El pr\u00f3ximo mi\u00e9rcoles 10 de junio a las 9.30 hs en Galer\u00eda Site Zen se brindar\u00e1 el taller gratuito y [&hellip;]<\/p>\n","protected":false},"author":2,"featured_media":6119,"comment_status":"open","ping_status":"open","sticky":false,"template":"","format":"standard","meta":[],"categories":[2],"tags":[],"_links":{"self":[{"href":"https:\/\/quasarcomunicacion.com.ar\/web\/wp-json\/wp\/v2\/posts\/6118"}],"collection":[{"href":"https:\/\/quasarcomunicacion.com.ar\/web\/wp-json\/wp\/v2\/posts"}],"about":[{"href":"https:\/\/quasarcomunicacion.com.ar\/web\/wp-json\/wp\/v2\/types\/post"}],"author":[{"embeddable":true,"href":"https:\/\/quasarcomunicacion.com.ar\/web\/wp-json\/wp\/v2\/users\/2"}],"replies":[{"embeddable":true,"href":"https:\/\/quasarcomunicacion.com.ar\/web\/wp-json\/wp\/v2\/comments?post=6118"}],"version-history":[{"count":0,"href":"https:\/\/quasarcomunicacion.com.ar\/web\/wp-json\/wp\/v2\/posts\/6118\/revisions"}],"wp:featuredmedia":[{"embeddable":true,"href":"https:\/\/quasarcomunicacion.com.ar\/web\/wp-json\/wp\/v2\/media\/6119"}],"wp:attachment":[{"href":"https:\/\/quasarcomunicacion.com.ar\/web\/wp-json\/wp\/v2\/media?parent=6118"}],"wp:term":[{"taxonomy":"category","embeddable":true,"href":"https:\/\/quasarcomunicacion.com.ar\/web\/wp-json\/wp\/v2\/categories?post=6118"},{"taxonomy":"post_tag","embeddable":true,"href":"https:\/\/quasarcomunicacion.com.ar\/web\/wp-json\/wp\/v2\/tags?post=6118"}],"curies":[{"name":"wp","href":"https:\/\/api.w.org\/{rel}","templated":true}]}}