{"id":6057,"date":"2015-05-08T17:39:14","date_gmt":"2015-05-08T20:39:14","guid":{"rendered":"https:\/\/quasarcomunicacion.com.ar\/web\/?p=6057"},"modified":"2015-05-08T17:39:14","modified_gmt":"2015-05-08T20:39:14","slug":"charla-gratuita-diseno-de-locales-comerciales-en-la-camara-de-comercio-de-del-viso","status":"publish","type":"post","link":"https:\/\/quasarcomunicacion.com.ar\/web\/charla-gratuita-diseno-de-locales-comerciales-en-la-camara-de-comercio-de-del-viso\/","title":{"rendered":"Charla gratuita \u201cDise\u00f1o de locales comerciales\u201d en la C\u00e1mara de Comercio de Del Viso"},"content":{"rendered":"<p style=\"text-align: left;\" align=\"center\"><span style=\"font-family: Verdana; font-size: small;\">El viernes 15 de mayo a las 19.30 horas se realizar\u00e1 una charla gratuita y abierta a la comunidad sobre <\/span><b style=\"font-family: Verdana; font-size: small;\">Dise\u00f1o de Locales Comerciales<\/b><span style=\"font-family: Verdana; font-size: small;\">. La capacitaci\u00f3n se realizar\u00e1 en la sede de la C\u00e1mara de Comercio de Del Viso (Av. Ing. E. Madero 1304 \u2013 Del Viso, Pilar) y estar\u00e1 a cargo de Fernando Mazzetti, Dise\u00f1ador de Interiores &#8211; iluminaci\u00f3n y vidrierista. Director y docente de sede Flores de <\/span><b style=\"font-family: Verdana; font-size: small;\">DECOmobi<!--more--><\/b><\/p>\n<p><a href=\"https:\/\/quasarcomunicacion.com.ar\/web\/wp-content\/uploads\/2014\/08\/charlavidrieras.gif\"><img class=\"aligncenter\" alt=\"charlavidrieras\" src=\"https:\/\/quasarcomunicacion.com.ar\/web\/wp-content\/uploads\/2014\/08\/charlavidrieras.gif\" \/><\/a><br \/>\n<span style=\"font-family: Verdana; font-size: small;\">Informes e inscripci\u00f3n enviando los datos a info@emprenderhoy.com.ar o telef\u00f3nicamente al 02320-470326. M\u00e1s datos e inscripci\u00f3n on line en <a href=\"http:\/\/emprenderhoy.com.ar\/vidrieras2015.html\"> http:\/\/emprenderhoy.com.ar\/vidrieras2015.html<\/a> <\/span><br \/>\n<span style=\"font-family: Verdana; font-size: small;\">La capacitaci\u00f3n es organizada por <b>Emprender HOY<\/b>, <b>Pilar Emprende<\/b> y la C\u00e1mara de Comercio de Del Viso y cuenta con el auspicio de Pilar GPS, DECOmobi, Qu\u00e1sar Comunicaci\u00f3n y Pilar Hoy Noticias.<\/span><br \/>\n<span style=\"font-family: Verdana; font-size: small;\">La charla estar\u00e1 dirigida principalmente a comerciantes, y por ende conllevar\u00e1 una orientaci\u00f3n relacionada al marketing, estrategias comerciales, dise\u00f1o de vidrieras y locales comerciales.<\/span><br \/>\n<i><span style=\"font-family: Verdana; font-size: small;\">A lo largo de la jornada, Mazzetti abordar\u00e1 los siguientes t\u00f3picos: <\/span><\/i><\/p>\n<ul>\n<li><span style=\"font-family: Verdana; font-size: small;\">Pautas generales para el dise\u00f1o de locales comerciales<\/span><\/li>\n<li><span style=\"font-family: Verdana; font-size: small;\">Vidrieras: la cara de mi local<\/span><\/li>\n<li><span style=\"font-family: Verdana; font-size: small;\">Identificaci\u00f3n de marca y producto<\/span><\/li>\n<li><span style=\"font-family: Verdana; font-size: small;\">Organizaci\u00f3n de los productos exhibidos<\/span><\/li>\n<li><span style=\"font-family: Verdana; font-size: small;\">Intenci\u00f3n comercial<\/span><\/li>\n<li><span style=\"font-family: Verdana; font-size: small;\">Diferenciaci\u00f3n de mi competencia <\/span><\/li>\n<li><span style=\"font-family: Verdana; font-size: small;\">Interior del local<\/span><\/li>\n<li><span style=\"font-family: Verdana; font-size: small;\">Creaci\u00f3n de clima amigable y acorde al producto<\/span><\/li>\n<li><span style=\"font-family: Verdana; font-size: small;\">Los SI y los NO para vender m\u00e1s y mejor<\/span><\/li>\n<li><span style=\"font-family: Verdana; font-size: small;\">La iluminaci\u00f3n: la gran protagonista<\/span><\/li>\n<\/ul>\n<p><span style=\"font-family: Verdana; font-size: small;\">Desde el a\u00f1o 1986, Fernando Mazzetti est\u00e1 involucrado en este \u00e1mbito desde diferentes perspectivas como asesor de ventas, proyectista, dise\u00f1ador de luminarias, dise\u00f1o y direcci\u00f3n de obras.<\/span><br \/>\n<b><span style=\"font-family: Verdana; font-size: small;\">Mini CV de Fernando Mazzetti<\/span><\/b><br \/>\n<span style=\"font-family: Verdana; font-size: small;\"> Dise\u00f1ador de interiores, iluminaci\u00f3n y vidrierista.<\/span><br \/>\n<span style=\"font-family: Verdana; font-size: small;\">Desde el a\u00f1o 1986 est\u00e1 involucrado en este \u00e1mbito desde diferentes perspectivas como asesor de ventas, proyectista, dise\u00f1ador de luminarias, dise\u00f1o y direcci\u00f3n de obras. Actualmente se dedica a proyectos de dise\u00f1o interior e iluminaci\u00f3n residencial y comercial.<\/span><br \/>\n<span style=\"font-family: Verdana; font-size: small;\">Director de la sucursal Flores de la Escuela de Decoraci\u00f3n de Interiores \u201c<b>DECOmobi<\/b>\u201d de Buenos Aires y docente del \u00e1rea Dise\u00f1o de Iluminaci\u00f3n.<\/span><br \/>\n<span style=\"font-family: Verdana; font-size: small;\">Dicta seminarios en exposiciones, congresos y universidades en Argentina.<br \/>\nEscribe en revistas especializadas de Argentina, Espa\u00f1a y M\u00e9xico<br \/>\nCreador del grupo en facebook \u201cDise\u00f1o interior e iluminaci\u00f3n\u201d.<\/span><br \/>\n<span style=\"font-family: Verdana; font-size: small;\">Actualmente se dedica a proyectos de dise\u00f1o interior e iluminaci\u00f3n residencial y comercial.\u00a0 <\/span><br \/>\n<b><span style=\"font-family: Verdana; font-size: small;\">Mini historia de DecoMobi<\/span><\/b><br \/>\n<span style=\"font-family: Verdana; font-size: small;\"><b> DECOmobi<\/b> es un instituto especializado en la ense\u00f1anza de Decoraci\u00f3n de Interiores, que cuenta con su sede en Pilar ubicada en Vergani 632. La escuela comenz\u00f3 hace m\u00e1s de 40 a\u00f1os, y desde entonces ha crecido en trayectoria y profesionalismo, ampli\u00e1ndose hasta las once actuales sucursales. <\/span><br \/>\n<span style=\"font-family: Verdana; font-size: small;\">Para contactarse con <b>DECOmobi<\/b> llamar al (0230) 437-3076 \/ (011) 15-5704-5288, enviar un e-mail a info@decomobi.com.ar o visitar las instalaciones en V\u00edctor Vergani 632 los martes y viernes de 9 a 12, de 13.15 a 16.30 y de 18 a 21.30 hs.<\/span><br \/>\n<span style=\"font-size: small;\"><b><i><span style=\"font-family: Arial;\">Por otras im\u00e1genes, audios o entrevistas no dude en contactarse<\/span><\/i><\/b><\/span><\/p>\n<p align=\"center\"><span style=\"font-size: small;\"><b><i> Contactos de Prensa<\/i><\/b><\/span><\/p>\n<div align=\"left\">\n<table width=\"100%\" border=\"1\" cellpadding=\"2\" align=\"left\">\n<tbody>\n<tr>\n<td align=\"center\" width=\"50%\">\n<p align=\"left\"><strong> <span style=\"color: #ff0000; font-family: Arial; font-size: small;\">Camila Sarmiento<\/span><\/strong><span style=\"font-size: medium;\"><strong><span style=\"color: #808080; font-family: Arial; font-size: small;\"> &#8211; Asistente de Cuentas<\/span><\/strong><\/span><\/p>\n<p><span style=\"font-size: xx-small;\"><span style=\"color: #ff0000;\"> Directo<\/span><b>: <\/b> 0230<\/span><span style=\"font-size: xx-small;\">-4664772<br \/>\n<\/span><span style=\"color: #ff0000; font-size: xx-small;\"> Skype:<\/span><span style=\"font-size: xx-small;\"> quasarcomunicacion<br \/>\n<\/span><span style=\"color: #ff0000; font-size: xx-small;\"> Twitter:<\/span><span style=\"font-size: xx-small;\"> @quasarpilar<br \/>\n<\/span><span style=\"color: #ff0000; font-size: xx-small;\"> Gr<\/span><span style=\"color: #ff0000; font-size: xx-small;\">upo y p\u00e1gina en Facebook: <\/span> <span style=\"color: #808080; font-size: xx-small;\">www.facebook.com\/<\/span><a href=\"mailto:mfipata@gmail.com\"><span style=\"font-size: xx-small;\">Quasar<\/span><\/a><span style=\"font-size: xx-small;\">Comunicacion<br \/>\n<\/span><span style=\"color: #ff0000; font-size: xx-small;\"> Web:<\/span><b><\/b> <a href=\"http:\/\/www.quasarcomunicacion.com.ar\/\"> <span style=\"font-size: xx-small;\">www.quasarcomunicacion.com.ar<\/span><\/a><\/p>\n<p align=\"left\"><span style=\"font-size: xx-small;\"> <span style=\"color: #ff0000;\">Mail<\/span><b>:<\/b><\/span><span style=\"font-size: xx-small;\"> <a href=\"mailto:fernanda@quasarcomunicacion.com.ar\"> asistente@quasarcomunicacion.com.ar<\/a><\/span><\/p>\n<\/td>\n<td align=\"center\" width=\"50%\">\n<p align=\"right\"><span style=\"font-size: medium;\"><strong> <span style=\"color: #808080; font-family: Arial; font-size: small;\"> Lic. Mar\u00eda Fernanda Ipata &#8211; Directora<br \/>\n<\/span> <\/strong><\/span> <span style=\"font-size: xx-small;\"><span style=\"color: #ff0000;\"><br \/>\nDirecto<\/span><b>: <\/b> 0230<\/span><span style=\"font-size: xx-small;\">-4664772<\/span><span style=\"font-size: xx-small;\"><br \/>\n<\/span><span style=\"font-size: xx-small;\"> <span style=\"color: #ff0000;\">M\u00f3vil:<\/span><b> <\/b> 0230<\/span><span style=\"font-size: xx-small;\">-15-4584535<br \/>\n011-15-6096-4656 ID 558*3763<br \/>\n<\/span><span style=\"color: #ff0000; font-size: xx-small;\"> Skype:<\/span><span style=\"font-size: xx-small;\"> quasarcomunicacion<br \/>\n<\/span><span style=\"color: #ff0000; font-size: xx-small;\"> Twitter:<\/span><span style=\"font-size: xx-small;\"> @quasarpilar<br \/>\n<\/span><span style=\"color: #ff0000; font-size: xx-small;\"> Gr<\/span><span style=\"color: #ff0000; font-size: xx-small;\">upo y p\u00e1gina en Facebook: <\/span> <span style=\"color: #808080; font-size: xx-small;\">www.facebook.com\/<\/span><a href=\"mailto:mfipata@gmail.com\"><span style=\"font-size: xx-small;\">Quasar<\/span><\/a><span style=\"font-size: xx-small;\">Comunicacion<br \/>\n<\/span><span style=\"font-size: xx-small;\"> <span style=\"color: #ff0000;\">LinkedIn<\/span><b>:\u00a0 <\/b><\/span> <span style=\"font-size: xx-small;\"><b> <a href=\"http:\/\/www.linkedin.com\/in\/mfipata\"> http:\/\/www.linkedin.com\/in\/mfipata<\/a><\/b><\/span><span style=\"font-size: xx-small;\"><br \/>\n<\/span><span style=\"color: #ff0000; font-size: xx-small;\"> Web:<\/span><b><\/b> <a href=\"http:\/\/www.quasarcomunicacion.com.ar\/\"> <span style=\"font-size: xx-small;\">www.quasarcomunicacion.com.ar<\/span><\/a><span style=\"font-size: xx-small;\"><br \/>\n<\/span><span style=\"font-size: xx-small;\"> <span style=\"color: #ff0000;\">Mail<\/span><b>:<\/b><\/span><span style=\"font-size: xx-small;\"><a href=\"mailto:fernanda@quasarcomunicacion.com.ar\"> fernanda@quasarcomunicacion.com.ar<\/a><\/span><\/p>\n<\/td>\n<\/tr>\n<\/tbody>\n<\/table>\n<\/div>\n","protected":false},"excerpt":{"rendered":"<p>El viernes 15 de mayo a las 19.30 horas se realizar\u00e1 una charla gratuita y abierta a la comunidad sobre [&hellip;]<\/p>\n","protected":false},"author":2,"featured_media":4961,"comment_status":"open","ping_status":"open","sticky":false,"template":"","format":"standard","meta":[],"categories":[2],"tags":[],"_links":{"self":[{"href":"https:\/\/quasarcomunicacion.com.ar\/web\/wp-json\/wp\/v2\/posts\/6057"}],"collection":[{"href":"https:\/\/quasarcomunicacion.com.ar\/web\/wp-json\/wp\/v2\/posts"}],"about":[{"href":"https:\/\/quasarcomunicacion.com.ar\/web\/wp-json\/wp\/v2\/types\/post"}],"author":[{"embeddable":true,"href":"https:\/\/quasarcomunicacion.com.ar\/web\/wp-json\/wp\/v2\/users\/2"}],"replies":[{"embeddable":true,"href":"https:\/\/quasarcomunicacion.com.ar\/web\/wp-json\/wp\/v2\/comments?post=6057"}],"version-history":[{"count":0,"href":"https:\/\/quasarcomunicacion.com.ar\/web\/wp-json\/wp\/v2\/posts\/6057\/revisions"}],"wp:featuredmedia":[{"embeddable":true,"href":"https:\/\/quasarcomunicacion.com.ar\/web\/wp-json\/wp\/v2\/media\/4961"}],"wp:attachment":[{"href":"https:\/\/quasarcomunicacion.com.ar\/web\/wp-json\/wp\/v2\/media?parent=6057"}],"wp:term":[{"taxonomy":"category","embeddable":true,"href":"https:\/\/quasarcomunicacion.com.ar\/web\/wp-json\/wp\/v2\/categories?post=6057"},{"taxonomy":"post_tag","embeddable":true,"href":"https:\/\/quasarcomunicacion.com.ar\/web\/wp-json\/wp\/v2\/tags?post=6057"}],"curies":[{"name":"wp","href":"https:\/\/api.w.org\/{rel}","templated":true}]}}