{"id":602,"date":"2012-07-10T21:39:43","date_gmt":"2012-07-10T21:39:43","guid":{"rendered":"http:\/\/quasarcomunicacion.wordpress.com\/?p=602"},"modified":"2012-07-10T21:39:43","modified_gmt":"2012-07-10T21:39:43","slug":"milonga-con-orquesta-en-vivo-en-el-club-penarol-de-pilar","status":"publish","type":"post","link":"https:\/\/quasarcomunicacion.com.ar\/web\/milonga-con-orquesta-en-vivo-en-el-club-penarol-de-pilar\/","title":{"rendered":"Milonga con orquesta en vivo en el Club Pe\u00f1arol de Pilar"},"content":{"rendered":"<p style=\"text-align:left;\" align=\"center\"><span style=\"font-family:Verdana;font-size:small;\">El s\u00e1bado 14 de Julio a las 22, el Club Pe\u00f1arol de Pilar, Hip\u00f3lito Yrigoyen y 11 de Septiembre, Pilar Centro, presenta una espectacular noche de milonga con orquesta en vivo. Se trata del sexteto \u201cLa Ganz\u00faa\u201d, la orquesta de tango de Pilar que se presenta con nueva formaci\u00f3n y un repertorio netamente bailable.<!--more--><\/span><\/p>\n<table width=\"100%\" border=\"0\" cellspacing=\"0\" cellpadding=\"0\">\n<tbody>\n<tr>\n<td bgcolor=\"#CEDEFF\" width=\"100%\"><span style=\"font-family:Verdana;font-size:small;\">El mi\u00e9rcoles 11 a las 21 hs se har\u00e1 una presentaci\u00f3n de La Ganz\u00faa, exclusiva para la prensa, en Steparius (Hip\u00f3lito Yrigoyen 774, Pilar). S\u00f3lo con acreditaci\u00f3n previa llamando al 011-15-6687-8879 o escribiendo a fernanda@quasarcomunicacion.com.ar<\/span><\/td>\n<\/tr>\n<\/tbody>\n<\/table>\n<p><span style=\"font-family:Verdana;font-size:small;\">Las reservas pueden realizarse a los tel\u00e9fonos: 011 15 5 1432133, 011 15 66878879 o al nextel: 607*4824. Habr\u00e1 servicio de buffet, atendido por la sub comisi\u00f3n de b\u00e1squet de la instituci\u00f3n anfitriona.<\/span><br \/>\n<img src=\"http:\/\/www.quasarcomunicacion.com.ar\/varios\/bacci\/ganzua2.gif\" alt=\"\" \/><br \/>\n<span style=\"font-family:Verdana;font-size:small;\">El p\u00fablico pilarense tuvo ya un primer acercamiento a la nueva formaci\u00f3n orquestal en el 75 Aniversario de la Biblioteca Popular Bartolom\u00e9 Mitre, durante una recordada velada que se llevo a cabo en las instalaciones de la Asociaci\u00f3n Italiana de Socorros Mutuos de Pilar.<\/span><br \/>\n<span style=\"font-family:Verdana;font-size:small;\"><strong>Tangos, valses y milongas<\/strong><\/span><br \/>\n<span style=\"font-family:Verdana;font-size:small;\">El repertorio de \u201cLa Ganz\u00faa\u201d integra reconocidas creaciones de las grandes orquestas de la \u00e9poca de oro del tango bailable orquestal, la llamada \u201cd\u00e9cada del \u201840\u201d, que en realidad transcurri\u00f3 desde el final de los a\u00f1os \u201930 a hasta principio de los \u201950.<\/span><br \/>\n<img loading=\"lazy\" src=\"http:\/\/www.quasarcomunicacion.com.ar\/varios\/bacci\/ganzua4.gif\" alt=\"\" width=\"500\" height=\"375\" \/><br \/>\n<span style=\"font-family:Verdana;font-size:small;\">Tal es as\u00ed que el sexteto recorrer\u00e1 los inconfundibles estilos impuestos por los maestros Juan D\u2019Arienzo, Francisco Canaro, Osvaldo Pugliese y Carlos Di Sarli entre otros. En la velada danzante del s\u00e1bado 14 de Julio, est\u00e1n previstas dos entradas de la orquesta &#8211; a la manera de los bailes de anta\u00f1o- y un final donde tambi\u00e9n \u201cLa Ganz\u00faa\u201d se le animar\u00e1 a la m\u00fasica folkl\u00f3rica con una selecci\u00f3n de chacareras, gatos y rancheras.<\/span><br \/>\n<span style=\"font-family:Verdana;font-size:small;\">Pero durante la noche no habr\u00e1 pausa para los bailarines ya que tambi\u00e9n estar\u00e1n previstas las tandas milongueras que propondr\u00e1 la especial selecci\u00f3n de tangos, valses y milongas, el reconocido difusor de nuestra m\u00fasica ciudadana Oscar Mascare\u00f1o.<\/span><br \/>\n<span style=\"font-family:Verdana;font-size:small;\">De esta manera, \u201cLa Milonga de Pilar\u201d que se ven\u00eda realizando en el Club Uni\u00f3n de Pilar, se traslada al Club Pe\u00f1arol, instituci\u00f3n que ha agregado a esta Milonga en el programa de festejos de su 90\u00ba Aniversario. Las entradas para este \u201cEspecial de la Milonga de Pilar\u201d ya est\u00e1n en venta con descuento por adquisici\u00f3n adelantada, a un valor de 35 pesos (en boleter\u00eda tendr\u00e1n un costo de 40 pesos).<\/span><br \/>\n<span style=\"font-family:Verdana;font-size:small;\">Las reservas pueden realizarse a los tel\u00e9fonos: 011 15 5 1432133, 011 15 66878879 o al nextel : 607*4824. Habr\u00e1 servicio de buffet, atendido por la sub comisi\u00f3n de b\u00e1squet de la instituci\u00f3n anfitriona.<\/span><br \/>\n<strong><span style=\"font-family:Verdana;font-size:small;\">Sobre \u201cLa Ganz\u00faa\u201d<br \/>\n<\/span><\/strong><span style=\"font-family:Verdana;font-size:xx-small;\"><br \/>\nLa orquesta pilarense \u201cLa Ganz\u00faa\u201d se form\u00f3 en 2001 y desde ese momento vari\u00f3 su n\u00famero de integrantes, desde el caracter\u00edstico cuarteto a una t\u00edpica que alcanz\u00f3 a tener 12 m\u00fasicos en escena y dos cantores. Por sus filas pasaron destacados m\u00fasicos, como Alejandro Calvera, Juan Pablo Ferreyra, Jos\u00e9 Santucho, Bettina Baldaz, Mauricio Orietta, Quique Osterwaller y Juan Mart\u00edn Somaschini. Los cantantes que pasaron por las distintas etapas de lLa Ganz\u00faa fueron Nelson Mendi (ex solista de Mariano Mores), Rael da Rosa, Gustavo Bacci y Mar\u00eda D\u00edaz.Tambi\u00e9n participaron en m\u00e1s de una actuaci\u00f3n los destacados bailarines locales N\u00e9stor Azor\u00edn y David Mart\u00ednez. En 2002, \u201cLa Ganz\u00faa\u201d se present\u00f3 en la apertura de la Semana del Tango en el teatro Gral. San Mart\u00edn y fueron los artistas centrales del Homenaje que se le hizo a Astor Piazzolla , en el Congreso Nacional, con motivo del 10\u00ba Aniversario de su desaparici\u00f3n f\u00edsica. El fundador y continuador de la orquesta es H\u00e9ctor Bacci, reconocido guitarrista \u2013que ahora participa en el sexteto con bandone\u00f3n- destacada trayectoria tambi\u00e9n en d\u00faos y tr\u00edos de guitarras, con el nobmre de \u201cCalambre Tango\u201d. Junto a Miguel Ortiz, \u201cCalambre\u201d se present\u00f3 varias veces en escenarios internacionales, recorriendo en 2007 Brasil, Espa\u00f1a y Francia. En 2008 y 2009, repitieron la gira, agregando como nuevos pa\u00edses a Suiza y B\u00e9lgica.<\/span><br \/>\n<strong><span style=\"font-family:Verdana;font-size:small;\">Sobre \u201cLa Milonga de Pilar\u201d<\/span><\/strong><span style=\"font-family:Verdana;font-size:xx-small;\"><br \/>\nLa Milonga de Pilar surgi\u00f3 a fines de 2009, cuando el reconocido locutor y difusor de m\u00fasica ciudadana Oscar Mascare\u00f1o y su pareja Graciela Basconi, se deciden a ofrecer a los milongueros pilarenses un espacio semanal para disfrutar del ritmo del 2 x 4. Es as\u00ed que comienzan con milongas al aire libre, los domingos por la noche en el Paseo Ecos del Pilar, en Avenida Tom\u00e1s M\u00e1rquez y Camilo Costa. En Marzo de 2010, \u201cLa Milonga de Pilar \u201cse traslada al club Atl\u00e9tico Pilar, para luego pasar a Cuernavaca, siempre los d\u00edas domingo. \u00daltimamente, el tradicional encuentro de entusiastas bailarines se lleva a cabo en las instalaciones del Club Uni\u00f3n de Pilar, Lorenzo L\u00f3pez 588, a metros de la Peatonal Rivadavia, frente a la plaza 12 de Octubre. La fama de \u201cLa Milonga de Pilar\u201d trascendi\u00f3 las fronteras del pago chico, cont\u00e1ndose todos los fines de semana con diestras parejas, no solo de distintas localidades del distrito, sino tambi\u00e9n de la zona oeste y norte del gran Buenos Aires. \u201cLa Milonga de Pilar\u201d, siempre cont\u00f3 con profesores que hacen \u201cla previa\u201d del baile con sus clases dirigidas a todos los niveles de bailarines. Por este espacio pasaron bailarines profesionales de la talla de Carlos Berretta, N\u00e9stor Azor\u00edn y \u00faltimamente la pareja integrada por Carlos y Marta Chazarreta.<\/span><\/p>\n","protected":false},"excerpt":{"rendered":"<p>El s\u00e1bado 14 de Julio a las 22, el Club Pe\u00f1arol de Pilar, Hip\u00f3lito Yrigoyen y 11 de Septiembre, Pilar [&hellip;]<\/p>\n","protected":false},"author":2,"featured_media":0,"comment_status":"open","ping_status":"open","sticky":false,"template":"","format":"standard","meta":[],"categories":[2],"tags":[],"_links":{"self":[{"href":"https:\/\/quasarcomunicacion.com.ar\/web\/wp-json\/wp\/v2\/posts\/602"}],"collection":[{"href":"https:\/\/quasarcomunicacion.com.ar\/web\/wp-json\/wp\/v2\/posts"}],"about":[{"href":"https:\/\/quasarcomunicacion.com.ar\/web\/wp-json\/wp\/v2\/types\/post"}],"author":[{"embeddable":true,"href":"https:\/\/quasarcomunicacion.com.ar\/web\/wp-json\/wp\/v2\/users\/2"}],"replies":[{"embeddable":true,"href":"https:\/\/quasarcomunicacion.com.ar\/web\/wp-json\/wp\/v2\/comments?post=602"}],"version-history":[{"count":0,"href":"https:\/\/quasarcomunicacion.com.ar\/web\/wp-json\/wp\/v2\/posts\/602\/revisions"}],"wp:attachment":[{"href":"https:\/\/quasarcomunicacion.com.ar\/web\/wp-json\/wp\/v2\/media?parent=602"}],"wp:term":[{"taxonomy":"category","embeddable":true,"href":"https:\/\/quasarcomunicacion.com.ar\/web\/wp-json\/wp\/v2\/categories?post=602"},{"taxonomy":"post_tag","embeddable":true,"href":"https:\/\/quasarcomunicacion.com.ar\/web\/wp-json\/wp\/v2\/tags?post=602"}],"curies":[{"name":"wp","href":"https:\/\/api.w.org\/{rel}","templated":true}]}}