{"id":6017,"date":"2015-04-30T17:12:41","date_gmt":"2015-04-30T20:12:41","guid":{"rendered":"https:\/\/quasarcomunicacion.com.ar\/web\/?p=6017"},"modified":"2015-04-30T17:12:41","modified_gmt":"2015-04-30T20:12:41","slug":"seminario-gratuito-de-marketing-ferial-en-pilar","status":"publish","type":"post","link":"https:\/\/quasarcomunicacion.com.ar\/web\/seminario-gratuito-de-marketing-ferial-en-pilar\/","title":{"rendered":"Seminario Gratuito de Marketing Ferial en Pilar"},"content":{"rendered":"<p style=\"text-align: left;\" align=\"center\"><span style=\"font-family: Verdana; font-size: small;\">\u00a0El pr\u00f3ximo martes 12 de mayo a las 10 hs <\/span><b style=\"font-family: Verdana; font-size: small;\">Pilar de Feria <\/b><span style=\"font-family: Verdana; font-size: small;\">junto a <\/span><b style=\"font-family: Verdana; font-size: small;\">Qu\u00e1sar Comunicaci\u00f3n<\/b><span style=\"font-family: Verdana; font-size: small;\"> organizan el <\/span><b style=\"font-family: Verdana; font-size: small;\">SEMINARIO GRATUITO DE CAPACITACI\u00d3N EN MARKETING FERIAL<\/b><span style=\"font-family: Verdana; font-size: small;\"> que tendr\u00e1 lugar en Bar Bhuda (Galer\u00eda Site Zen) ubicado en la calle Chubut 45 (Km 50 de la Ruta Panamericana del Ramal Pilar) a pocos metros de Village Pilar.\u00a0M\u00e1s informaci\u00f3n escribiendo a info@pilardeferia.com.ar o comunic\u00e1ndose al 011-15-6742-7635. Confirmar asistencia completando este formulario <\/span><a style=\"font-family: Verdana; font-size: small;\" href=\"http:\/\/emprenderhoy.com.ar\/inscripcionmf.html\"> http:\/\/emprenderhoy.com.ar\/inscripcionmf.html<\/a><span style=\"font-family: Verdana; font-size: small;\"> CAPACIDAD LIMITADA. SOLO CON INSCRIPCION PREVIA<!--more--><a href=\"https:\/\/quasarcomunicacion.com.ar\/web\/wp-content\/uploads\/2015\/04\/seminario4.gif\"><img class=\"aligncenter\" alt=\"seminario4\" src=\"https:\/\/quasarcomunicacion.com.ar\/web\/wp-content\/uploads\/2015\/04\/seminario4.gif\" \/><\/a><\/span><strong> <\/strong><\/p>\n<p><span style=\"font-family: Verdana; font-size: small;\">Capacitaci\u00f3n + coffee Break + Networking. Esta actividad de capacitaci\u00f3n se da en el marco de la organizaci\u00f3n de <b>Pilar de Feria &#8211; VI Emprendedores 2015<\/b>, que se realizar\u00e1 el pr\u00f3ximo s\u00e1bado 30 de mayo de 14 a 18 hs en Galer\u00eda Site Zen. Ya se encuentra abierta la convocatoria para los expositores interesados. Informes en www.pilardeferia.com.ar o a info@pilardeferia.com.ar o al 011-15-6742-7635 ID 558*3763<\/span><br \/>\n<span style=\"font-family: Verdana; font-size: small;\">Tambi\u00e9n podr\u00e1 acceder a m\u00e1s informaci\u00f3n en facebook en <a href=\"http:\/\/www.facebook.com\/pilardeferia\"> www.facebook.com\/pilardeferia<\/a>\u00a0 <\/span><br \/>\n<span style=\"font-family: Verdana; font-size: small;\">El encuentro es organizado por Pilar de Feria, Emprender HOY, Pilar Emprende, Pilar Emprende Radio y Qu\u00e1sar Comunicaci\u00f3n<\/span><br \/>\n<span style=\"font-family: Verdana; font-size: small;\">Durante una hora aproximadamente se hablar\u00e1 sobre la importancia del \u00abMarketing Ferial para Emprendedores\u00bb. Luego, como ya es costumbre en estos encuentros gratuitos, habr\u00e1 espacio para el networking y el intercambio de informaci\u00f3n y contactos. <\/span><br \/>\n<span style=\"font-family: Verdana; font-size: small;\">\u00abEl\u00a0marketing ferial\u00a0es, posiblemente, el menos conocido de las disciplinas del marketing. Sin embargo, no cabe ninguna duda de su potencia en cuanto herramienta para la promoci\u00f3n y el marketing de las empresas expositoras\u00bb, aseguran desde Qu\u00e1sar Comunicaci\u00f3n.<\/span><br \/>\n<span style=\"font-family: Verdana; font-size: small;\">Se abordar\u00e1n conceptos que no s\u00f3lo ser\u00e1n aplicables a la participaci\u00f3n en ferias, sino que involucrar\u00e1n la presentaci\u00f3n de productos, el armado de vidrieras, etc. <\/span><br \/>\n<span style=\"font-family: Verdana; font-size: small;\">\u00abLas exposiciones o ferias son verdaderos Centros de Negocios en los que se encuentra la oferta y la demanda en un espacio concreto, lo que permite la relaci\u00f3n personal, el conocimiento de las reacciones de los clientes, la posibilidad de establecer acuerdos, presentar novedades al p\u00fablico objetivo, nuevos negocios, la posibilidad de conocer lo que hace la competencia, descubrir las nuevas tendencias en el sector, etc.\u00bb, contin\u00faan. <\/span><br \/>\n<span style=\"font-family: Verdana; font-size: small;\">Adem\u00e1s, se analizar\u00e1n las ventajas del marketing ferial y se brindar\u00e1n herramientas para que el paso por una feria tenga el \u00e9xito buscado. Durante la charla se pondr\u00e1n sobre la mesa los lineamientos generales para garantizar el \u00e9xito de los expositores que participan de diversas ferias que se organizan en la zona y c\u00f3mo encarar la comunicaci\u00f3n de su emprendimiento, antes, durante y luego de dicho evento.<\/span><br \/>\n<span style=\"font-family: Verdana; font-size: small;\">\u00abLa idea es poder brindar herramientas b\u00e1sicas para que cada expositor le saque el mayor beneficio a una Feria. Se ofrecer\u00e1n recursos para aprovechar antes, durante y despu\u00e9s, de la mejor manera posible, el paso por una feria\u00bb, anticiparon los profesionales.<\/span><br \/>\n<span style=\"font-family: Verdana; font-size: small;\">Tambi\u00e9n se aportar\u00e1n lineamientos sobre la presencia en redes sociales y la comunicaci\u00f3n de sus productos y servicios antes, durante y despu\u00e9s de una Feria.<\/span><br \/>\n<span style=\"font-family: Verdana; font-size: small;\">Este taller se da en el marco de un ciclo de capacitaciones ideadas por los especialistas de <b> Qu\u00e1sar Comunicaci\u00f3n<\/b> destinadas a emprendedores para hacer crecer sus proyectos desde la comunicaci\u00f3n. Adem\u00e1s de este seminario, se brind\u00f3 el Taller Herramientas de Google para Emprendedores; el Taller de Facebook para emprendedores; la Charla \u00bfC\u00f3mo comunicar tu emprendimiento?; el Seminario Comunicaci\u00f3n Digital; el Taller Claves para tener tu propio sitio Web; el Taller Registro de Dominio; el Seminario Marketing y Publicidad para Emprendedores, entre otros.<\/span><\/p>\n<p align=\"right\"><span style=\"font-size: small;\"><b><i><span style=\"font-family: Arial;\">Por otras im\u00e1genes, audios o entrevistas no dude en contactarse<\/span><\/i><\/b><\/span><\/p>\n<p align=\"center\"><span style=\"font-size: small;\"><b><i> Contactos de Prensa<\/i><\/b><\/span><\/p>\n<div align=\"left\">\n<table width=\"100%\" border=\"1\" cellpadding=\"2\" align=\"left\">\n<tbody>\n<tr>\n<td align=\"center\" width=\"50%\">\n<p align=\"left\"><span style=\"font-size: medium;\"><strong><span style=\"color: #808080; font-family: Arial; font-size: small;\"> Camila Sarmiento &#8211; Asistente de Cuentas<\/span><\/strong><\/span><\/p>\n<p><span style=\"font-size: xx-small;\"><span style=\"color: #ff0000;\"> Directo<\/span><b>: <\/b> 0230<\/span><span style=\"font-size: xx-small;\">-4664772<br \/>\n<\/span><span style=\"color: #ff0000; font-size: xx-small;\"> Skype:<\/span><span style=\"font-size: xx-small;\"> quasarcomunicacion<br \/>\n<\/span><span style=\"color: #ff0000; font-size: xx-small;\"> Twitter:<\/span><span style=\"font-size: xx-small;\"> @quasarpilar<br \/>\n<\/span><span style=\"color: #ff0000; font-size: xx-small;\"> Gr<\/span><span style=\"color: #ff0000; font-size: xx-small;\">upo y p\u00e1gina en Facebook: <\/span> <span style=\"color: #808080; font-size: xx-small;\">www.facebook.com\/<\/span><a href=\"mailto:mfipata@gmail.com\"><span style=\"font-size: xx-small;\">Quasar<\/span><\/a><span style=\"font-size: xx-small;\">Comunicacion<br \/>\n<\/span><span style=\"color: #ff0000; font-size: xx-small;\"> Web:<\/span><b><\/b> <a href=\"http:\/\/www.quasarcomunicacion.com.ar\/\"> <span style=\"font-size: xx-small;\">www.quasarcomunicacion.com.ar<\/span><\/a><\/p>\n<p align=\"left\"><span style=\"font-size: xx-small;\"> <span style=\"color: #ff0000;\">Mail<\/span><b>:<\/b><\/span><span style=\"font-size: xx-small;\"> <a href=\"mailto:fernanda@quasarcomunicacion.com.ar\"> asistente<\/a><a href=\"mailto:fernanda@quasarcomunicacion.com.ar\">@quasarcomunicacion.com.ar<\/a><\/span><\/p>\n<\/td>\n<td align=\"center\" width=\"50%\">\n<p align=\"right\"><span style=\"font-size: medium;\"><strong> <span style=\"color: #808080; font-family: Arial; font-size: small;\"> Lic. Mar\u00eda Fernanda Ipata &#8211; Directora<br \/>\n<\/span> <\/strong><\/span> <span style=\"font-size: xx-small;\"><span style=\"color: #ff0000;\"><br \/>\nDirecto<\/span><b>: <\/b> 0230<\/span><span style=\"font-size: xx-small;\">-4664772<\/span><span style=\"font-size: xx-small;\"><br \/>\n<\/span><span style=\"font-size: xx-small;\"> <span style=\"color: #ff0000;\">M\u00f3vil:<\/span><b> <\/b> 0230<\/span><span style=\"font-size: xx-small;\">-15-4584535<br \/>\n011-15-6096-4656 ID 558*3763<br \/>\n<\/span><span style=\"color: #ff0000; font-size: xx-small;\"> Skype:<\/span><span style=\"font-size: xx-small;\"> quasarcomunicacion<br \/>\n<\/span><span style=\"color: #ff0000; font-size: xx-small;\"> Twitter:<\/span><span style=\"font-size: xx-small;\"> @quasarpilar<br \/>\n<\/span><span style=\"color: #ff0000; font-size: xx-small;\"> Gr<\/span><span style=\"color: #ff0000; font-size: xx-small;\">upo y p\u00e1gina en Facebook: <\/span> <span style=\"color: #808080; font-size: xx-small;\">www.facebook.com\/<\/span><a href=\"mailto:mfipata@gmail.com\"><span style=\"font-size: xx-small;\">Quasar<\/span><\/a><span style=\"font-size: xx-small;\">Comunicacion<br \/>\n<\/span><span style=\"font-size: xx-small;\"> <span style=\"color: #ff0000;\">LinkedIn<\/span><b>:\u00a0 <\/b><\/span> <span style=\"font-size: xx-small;\"><b> <a href=\"http:\/\/www.linkedin.com\/in\/mfipata\"> http:\/\/www.linkedin.com\/in\/mfipata<\/a><\/b><\/span><span style=\"font-size: xx-small;\"><br \/>\n<\/span><span style=\"color: #ff0000; font-size: xx-small;\"> Web:<\/span><b><\/b> <a href=\"http:\/\/www.quasarcomunicacion.com.ar\/\"> <span style=\"font-size: xx-small;\">www.quasarcomunicacion.com.ar<\/span><\/a><span style=\"font-size: xx-small;\"><br \/>\n<\/span><span style=\"font-size: xx-small;\"> <span style=\"color: #ff0000;\">Mail<\/span><b>:<\/b><\/span><span style=\"font-size: xx-small;\"><a href=\"mailto:fernanda@quasarcomunicacion.com.ar\"> fernanda@quasarcomunicacion.com.ar<\/a><\/span><\/p>\n<\/td>\n<\/tr>\n<\/tbody>\n<\/table>\n<\/div>\n","protected":false},"excerpt":{"rendered":"<p>\u00a0El pr\u00f3ximo martes 12 de mayo a las 10 hs Pilar de Feria junto a Qu\u00e1sar Comunicaci\u00f3n organizan el SEMINARIO [&hellip;]<\/p>\n","protected":false},"author":2,"featured_media":6018,"comment_status":"open","ping_status":"open","sticky":false,"template":"","format":"standard","meta":[],"categories":[2],"tags":[],"_links":{"self":[{"href":"https:\/\/quasarcomunicacion.com.ar\/web\/wp-json\/wp\/v2\/posts\/6017"}],"collection":[{"href":"https:\/\/quasarcomunicacion.com.ar\/web\/wp-json\/wp\/v2\/posts"}],"about":[{"href":"https:\/\/quasarcomunicacion.com.ar\/web\/wp-json\/wp\/v2\/types\/post"}],"author":[{"embeddable":true,"href":"https:\/\/quasarcomunicacion.com.ar\/web\/wp-json\/wp\/v2\/users\/2"}],"replies":[{"embeddable":true,"href":"https:\/\/quasarcomunicacion.com.ar\/web\/wp-json\/wp\/v2\/comments?post=6017"}],"version-history":[{"count":0,"href":"https:\/\/quasarcomunicacion.com.ar\/web\/wp-json\/wp\/v2\/posts\/6017\/revisions"}],"wp:featuredmedia":[{"embeddable":true,"href":"https:\/\/quasarcomunicacion.com.ar\/web\/wp-json\/wp\/v2\/media\/6018"}],"wp:attachment":[{"href":"https:\/\/quasarcomunicacion.com.ar\/web\/wp-json\/wp\/v2\/media?parent=6017"}],"wp:term":[{"taxonomy":"category","embeddable":true,"href":"https:\/\/quasarcomunicacion.com.ar\/web\/wp-json\/wp\/v2\/categories?post=6017"},{"taxonomy":"post_tag","embeddable":true,"href":"https:\/\/quasarcomunicacion.com.ar\/web\/wp-json\/wp\/v2\/tags?post=6017"}],"curies":[{"name":"wp","href":"https:\/\/api.w.org\/{rel}","templated":true}]}}