{"id":598,"date":"2012-07-10T15:58:13","date_gmt":"2012-07-10T15:58:13","guid":{"rendered":"http:\/\/quasarcomunicacion.wordpress.com\/?p=598"},"modified":"2012-07-10T15:58:13","modified_gmt":"2012-07-10T15:58:13","slug":"workshop-mente-y-emociones-en-el-deporte","status":"publish","type":"post","link":"https:\/\/quasarcomunicacion.com.ar\/web\/workshop-mente-y-emociones-en-el-deporte\/","title":{"rendered":"Workshop &quot;Mente y emociones en el deporte&quot;"},"content":{"rendered":"<p style=\"text-align:left;\" align=\"center\"><span style=\"font-family:Verdana;font-size:small;\">El pr\u00f3ximo s\u00e1bado 14 de julio de 10 a 13 hs se desarrollar\u00e1 el\u00a0 <\/span><strong>Workshop \u201cMente y emociones en el deporte\u201d <\/strong><span style=\"font-family:Verdana;font-size:small;\">a cargo de <\/span><strong>Mentedeportiva<\/strong><span style=\"font-family:Verdana;font-size:small;\">, empresa dedicada a la Psicolog\u00eda aplicada al deporte y a la actividad f\u00edsica. El mismo tendr\u00e1 como capacitadora a la Lic. Jimena Mart\u00ednez.<a href=\"http:\/\/quasarcomunicacion.files.wordpress.com\/2012\/07\/charla.gif\"><img loading=\"lazy\" class=\"aligncenter size-full wp-image-599\" title=\"charla\" src=\"http:\/\/quasarcomunicacion.files.wordpress.com\/2012\/07\/charla.gif\" alt=\"\" width=\"500\" height=\"282\" \/><\/a><!--more--><\/span><\/p>\n<p><span style=\"font-family:Verdana;font-size:small;\">Informes e inscripci\u00f3n: 011 4865 3001 \/ 011-15-6160-8340, <a href=\"mailto:info@mentedeportiva.com.ar\"> info@mentedeportiva.com.ar<\/a>. Actividad arancelada &#8211; Cupos limitados<\/span><br \/>\n<span style=\"font-family:Verdana;font-size:small;\">Titulado <strong>\u00abMente y emociones en el deporte\u00bb<\/strong> se abordar\u00e1 si \u00bfObstaculizan o favorecen un buen rendimiento deportivo?.<\/span><br \/>\n<span style=\"font-family:Verdana;font-size:small;\">La tem\u00e1tica se abordar\u00e1 desde una mirada humanista, para comprender la importancia de una experiencia deportiva en la que se integran los pensamientos y las emociones, promoviendo un buen rendimiento.<\/span><br \/>\n<span style=\"font-family:Verdana;font-size:small;\">Durante la pr\u00e1ctica deportiva la mente y las emociones pueden influir positiva o negativamente el desempe\u00f1o. Es importante conocer y dominar tanto las t\u00e9cnicas que los favorecen, como aquellas que las controlan.<\/span><br \/>\n<span style=\"font-family:Verdana;font-size:small;\">Se ejercitar\u00e1n t\u00e9cnicas espec\u00edficas para el control de pensamientos, y que potencien las emociones adecuadas para el logro de las metas deportivas.<\/span><br \/>\n<span style=\"font-family:Verdana;font-size:small;\">El Workshop est\u00e1 dirigido a Deportistas y entrenadores y tendr\u00e1 lugar en Centro Suipacha (Suipacha 760 3&#8243; 17&#8243;\u00a0 CABA)<\/span><\/p>\n","protected":false},"excerpt":{"rendered":"<p>El pr\u00f3ximo s\u00e1bado 14 de julio de 10 a 13 hs se desarrollar\u00e1 el\u00a0 Workshop \u201cMente y emociones en el [&hellip;]<\/p>\n","protected":false},"author":2,"featured_media":0,"comment_status":"open","ping_status":"open","sticky":false,"template":"","format":"standard","meta":[],"categories":[2],"tags":[],"_links":{"self":[{"href":"https:\/\/quasarcomunicacion.com.ar\/web\/wp-json\/wp\/v2\/posts\/598"}],"collection":[{"href":"https:\/\/quasarcomunicacion.com.ar\/web\/wp-json\/wp\/v2\/posts"}],"about":[{"href":"https:\/\/quasarcomunicacion.com.ar\/web\/wp-json\/wp\/v2\/types\/post"}],"author":[{"embeddable":true,"href":"https:\/\/quasarcomunicacion.com.ar\/web\/wp-json\/wp\/v2\/users\/2"}],"replies":[{"embeddable":true,"href":"https:\/\/quasarcomunicacion.com.ar\/web\/wp-json\/wp\/v2\/comments?post=598"}],"version-history":[{"count":0,"href":"https:\/\/quasarcomunicacion.com.ar\/web\/wp-json\/wp\/v2\/posts\/598\/revisions"}],"wp:attachment":[{"href":"https:\/\/quasarcomunicacion.com.ar\/web\/wp-json\/wp\/v2\/media?parent=598"}],"wp:term":[{"taxonomy":"category","embeddable":true,"href":"https:\/\/quasarcomunicacion.com.ar\/web\/wp-json\/wp\/v2\/categories?post=598"},{"taxonomy":"post_tag","embeddable":true,"href":"https:\/\/quasarcomunicacion.com.ar\/web\/wp-json\/wp\/v2\/tags?post=598"}],"curies":[{"name":"wp","href":"https:\/\/api.w.org\/{rel}","templated":true}]}}