{"id":5967,"date":"2015-04-27T16:55:51","date_gmt":"2015-04-27T19:55:51","guid":{"rendered":"https:\/\/quasarcomunicacion.com.ar\/web\/?p=5967"},"modified":"2015-04-27T16:55:51","modified_gmt":"2015-04-27T19:55:51","slug":"llega-el-mindfulness-a-pilar-de-la-mano-del-ceeta","status":"publish","type":"post","link":"https:\/\/quasarcomunicacion.com.ar\/web\/llega-el-mindfulness-a-pilar-de-la-mano-del-ceeta\/","title":{"rendered":"Llega el Mindfulness a Pilar de la mano del CEETA"},"content":{"rendered":"<p style=\"text-align: left;\" align=\"center\"><i style=\"font-family: Verdana; font-size: small;\">\u00a0<\/i><span style=\"font-family: Verdana; font-size: small;\">El <\/span><b style=\"font-family: Verdana; font-size: small;\">Centro de Estudios Especializado en Trastornos de Ansiedad (CEETA) <\/b><span style=\"font-family: Verdana; font-size: small;\">incorpor\u00f3 un nuevo servicio complementario a la serie de capacitaciones y tratamientos que ofrece a sus pacientes para disminuir el estr\u00e9s y la ansiedad. Se trata del Mindfulness, que ha sido traducido al espa\u00f1ol como Atenci\u00f3n Plena o Presencia Mental.<\/span><\/p>\n<p><span style=\"font-family: Verdana; font-size: small;\"><!--more--><\/span><br \/>\n<a href=\"https:\/\/quasarcomunicacion.com.ar\/web\/wp-content\/uploads\/2015\/04\/mindfulness1.gif\"><img class=\"aligncenter\" alt=\"mindfulness\" src=\"https:\/\/quasarcomunicacion.com.ar\/web\/wp-content\/uploads\/2015\/04\/mindfulness1.gif\" \/><\/a><br \/>\n<span style=\"font-family: Verdana; font-size: small;\">Tanto el programa como los talleres estar\u00e1n a cargo del Lic. Christian D. Arpa, especialista en Mindfulness del <b>CEETA<\/b>, quien agrega: \u201cel mindfulness, implica ejercicios de meditaci\u00f3n en un contexto de salud, despojado de cualquier idea religiosa, enfocados a conectar con la experiencia del momento presente acept\u00e1ndola tal cual es. Esto es, ense\u00f1ar a las personas a estar abiertas a todo tipo de experiencias, sean placenteras o displacenteras, modificando la relaci\u00f3n que se establece con ellas, promoviendo una actitud amable, no juiciosa, curiosa y de amor ante el propio sufrimiento y el de los otros\u201d.<\/span><br \/>\n<span style=\"font-family: Verdana; font-size: small;\">Este nuevo tratamiento estar\u00e1 disponible en todas las sedes del <b>CEETA<\/b> y se trata de una pr\u00e1ctica cient\u00edficamente probado para la reducci\u00f3n del estr\u00e9s y la ansiedad. Para contactarse con el <b>CEETA<\/b> llamar al (0230) 466-7175 \/ (011) 4788-6245 o bien enviar un e-mail a <a href=\"mailto:info@ceeta.org\">info@ceeta.org<\/a> <\/span><br \/>\n<span style=\"font-family: Verdana; font-size: small;\">El taller de dos horas de duraci\u00f3n y el Programa de 8 encuentros se realizar\u00e1n en la Galer\u00eda Site Zen (Chubut 45 -altura km 50 de Ruta Panamericana, a pocos metros de Village Pilar).<\/span><br \/>\n<span style=\"font-family: Verdana; font-size: small;\">El Mindfulness se utiliza como un entrenamiento integral entre la mente y el cuerpo, a trav\u00e9s del cual se incorporan la apertura de los sentidos, el cuidado corporal, los movimientos suaves del yoga y las meditaciones formales e informales. Estas actividades, aplicadas con frecuencia y a largo plazo, generan cambios positivos registrados en la mente del paciente, el cual asume el compromiso de optar por un \u201crol activo\u201d en el cuidado de su salud.<\/span><br \/>\n<span style=\"font-family: Verdana; font-size: small;\">Este tratamiento permite controlar las emociones y disminuir el estr\u00e9s y la ansiedad. Requiere prestar atenci\u00f3n al momento presente, realizar ejercicios de meditaci\u00f3n y ser conscientes y comprometidos para obtener los mejores resultados.<\/span><br \/>\n<span style=\"font-family: Verdana; font-size: small;\">Cabe destacar que el Mindfulness y su efectividad han sido comprobados cient\u00edficamente, gracias a los estudios de neuroimagen realizados en los pacientes durante los ejercicios de meditaci\u00f3n, los cuales han demostrado una notable actividad de la corteza pre frontal. Es la corteza aquella estructura que nos permite elaborar la informaci\u00f3n de manera consciente, no autom\u00e1tica, evaluar los significados y entonces poder determinar una acci\u00f3n y una emoci\u00f3n acorde a la evaluaci\u00f3n hecha.<\/span><br \/>\n<span style=\"font-family: Verdana; font-size: small;\">Respecto a esto, Arpa indica que \u201cdurante los \u00faltimos 40 a\u00f1os, la pr\u00e1ctica de Mindfulness o Atenci\u00f3n Plena est\u00e1 integr\u00e1ndose a la Medicina y Psicolog\u00eda de Occidente. Es aplicada, estudiada cient\u00edficamente y por ello reconocida como una manera efectiva de reducir el estr\u00e9s, aumentar la autoconciencia, reducir los s\u00edntomas f\u00edsicos y psicol\u00f3gicos asociados al estr\u00e9s y mejorar del bienestar general. La pr\u00e1ctica de Mindfulness es una pr\u00e1ctica validada cient\u00edficamente, ha demostrado y contin\u00faa demostrando, a trav\u00e9s de numerosas investigaciones cient\u00edficas, ser eficaz para diversas problem\u00e1ticas como trastornos de ansiedad, trastornos del sue\u00f1o, prevenci\u00f3n de reca\u00eddas depresivas, entre otros\u201d.<br \/>\n<b><br \/>\nMini CV de Lic. Christian D. Arpa: <\/b><\/span><br \/>\n<span style=\"font-family: Verdana; font-size: small;\"> Director General de Espacio Mindfulness (www.espaciomindfulness.com) \u2013 Ciudad<br \/>\nAut\u00f3noma de Buenos Aires.<br \/>\nResponsable de Mindfulness en <b>Centro de Estudios Especializado en Trastornos de Ansiedad<\/b> (www.ceeta.org) \u2013 Pilar.<br \/>\nPsic\u00f3logo Egresado de la Universidad de Buenos Aires.<br \/>\nEspecialista en Psicoterapia Cognitiva Conductual, Terapia de Aceptaci\u00f3n y Compromiso (ACT) y Mindfulness. Cl\u00ednica de Adultos.<br \/>\n<\/span><span style=\"font-family: Verdana; font-size: small;\">Posgrado en Psicoterapias Cognitivas Conductuales y Mindfulness.<br \/>\nMiembro de la ACBS (Association for Contextual Behavioral Science)<\/span><br \/>\nPara conocer m\u00e1s acerca del CEETA ingresar a su p\u00e1gina web <a href=\"http:\/\/www.ceeta.org\/\">http:\/\/www.ceeta.org\/<\/a><\/p>\n<p align=\"center\"><span style=\"font-family: Verdana; font-size: small;\">Acceso a toda la informaci\u00f3n ingresando en <a href=\"https:\/\/quasarcomunicacion.com.ar\/web\/ceeta\/\"> https:\/\/quasarcomunicacion.com.ar\/web\/ceeta\/<\/a> <\/span><\/p>\n<p><span style=\"font-size: small;\"><b><i>\u00a0<span style=\"font-family: Arial;\">Por otras im\u00e1genes, audios o entrevistas no dude en contactarse<\/span><\/i><\/b><\/span><\/p>\n<p align=\"center\"><span style=\"font-size: small;\"><b><i> Contactos de Prensa<\/i><\/b><\/span><\/p>\n<div align=\"left\">\n<table width=\"100%\" border=\"1\" cellpadding=\"2\" align=\"left\">\n<tbody>\n<tr>\n<td width=\"50%\">\n<p align=\"left\"><span style=\"font-size: medium;\"><strong> <span style=\"color: #808080; font-family: Arial; font-size: small;\"> Camila Sarmiento &#8211; Asistente de Cuentas<\/span><\/strong><\/span><\/p>\n<p><span style=\"font-size: xx-small;\"><span style=\"color: #ff0000;\"> Directo<\/span><b>: <\/b> 0230<\/span><span style=\"font-size: xx-small;\">-4664772<br \/>\n<\/span><span style=\"color: #ff0000; font-size: xx-small;\"> Skype:<\/span><span style=\"font-size: xx-small;\"> quasarcomunicacion<br \/>\n<\/span><span style=\"color: #ff0000; font-size: xx-small;\"> Twitter:<\/span><span style=\"font-size: xx-small;\"> @quasarpilar<br \/>\n<\/span><span style=\"color: #ff0000; font-size: xx-small;\"> Gr<\/span><span style=\"color: #ff0000; font-size: xx-small;\">upo y p\u00e1gina en Facebook: <\/span> <span style=\"color: #808080; font-size: xx-small;\">www.facebook.com\/<\/span><a href=\"mailto:mfipata@gmail.com\"><span style=\"font-size: xx-small;\">Quasar<\/span><\/a><span style=\"font-size: xx-small;\">Comunicacion<br \/>\n<\/span><span style=\"color: #ff0000; font-size: xx-small;\"> Web:<\/span><b><\/b> <a href=\"http:\/\/www.quasarcomunicacion.com.ar\/\"> <span style=\"font-size: xx-small;\">www.quasarcomunicacion.com.ar<\/span><\/a><\/p>\n<p align=\"left\"><span style=\"font-size: xx-small;\"> <span style=\"color: #ff0000;\">Mail<\/span><b>:<\/b><\/span><span style=\"font-size: xx-small;\"> <a href=\"mailto:fernanda@quasarcomunicacion.com.ar\"> asistente@quasarcomunicacion.com.ar<\/a><\/span><\/p>\n<\/td>\n<td width=\"50%\">\n<p align=\"right\"><span style=\"font-size: medium;\"><strong> <span style=\"color: #808080; font-family: Arial; font-size: small;\"> Lic. Mar\u00eda Fernanda Ipata &#8211; Directora<br \/>\n<\/span> <\/strong><\/span> <span style=\"font-size: xx-small;\"><span style=\"color: #ff0000;\"><br \/>\nDirecto<\/span><b>: <\/b> 0230<\/span><span style=\"font-size: xx-small;\">-4664772<\/span><span style=\"font-size: xx-small;\"><br \/>\n<\/span><span style=\"font-size: xx-small;\"> <span style=\"color: #ff0000;\">M\u00f3vil:<\/span><b> <\/b> 0230<\/span><span style=\"font-size: xx-small;\">-15-4584535<br \/>\n011-15-6096-4656 ID 558*3763<br \/>\n<\/span><span style=\"color: #ff0000; font-size: xx-small;\"> Skype:<\/span><span style=\"font-size: xx-small;\"> quasarcomunicacion<br \/>\n<\/span><span style=\"color: #ff0000; font-size: xx-small;\"> Twitter:<\/span><span style=\"font-size: xx-small;\"> @quasarpilar<br \/>\n<\/span><span style=\"color: #ff0000; font-size: xx-small;\"> Gr<\/span><span style=\"color: #ff0000; font-size: xx-small;\">upo y p\u00e1gina en Facebook: <\/span> <span style=\"color: #808080; font-size: xx-small;\">www.facebook.com\/<\/span><a href=\"mailto:mfipata@gmail.com\"><span style=\"font-size: xx-small;\">Quasar<\/span><\/a><span style=\"font-size: xx-small;\">Comunicacion<br \/>\n<\/span><span style=\"font-size: xx-small;\"> <span style=\"color: #ff0000;\">LinkedIn<\/span><b>:\u00a0 <\/b><\/span> <span style=\"font-size: xx-small;\"><b> <a href=\"http:\/\/www.linkedin.com\/in\/mfipata\"> http:\/\/www.linkedin.com\/in\/mfipata<\/a><\/b><\/span><span style=\"font-size: xx-small;\"><br \/>\n<\/span><span style=\"color: #ff0000; font-size: xx-small;\"> Web:<\/span><b><\/b> <a href=\"http:\/\/www.quasarcomunicacion.com.ar\/\"> <span style=\"font-size: xx-small;\">www.quasarcomunicacion.com.ar<\/span><\/a><span style=\"font-size: xx-small;\"><br \/>\n<\/span><span style=\"font-size: xx-small;\"> <span style=\"color: #ff0000;\">Mail<\/span><b>:<\/b><\/span><span style=\"font-size: xx-small;\"><a href=\"mailto:fernanda@quasarcomunicacion.com.ar\"> fernanda@quasarcomunicacion.com.ar<\/a><\/span><\/p>\n<\/td>\n<\/tr>\n<\/tbody>\n<\/table>\n<\/div>\n<hr \/>\n<p align=\"left\"><b><span style=\"font-family: Verdana; font-size: xx-small;\">A<\/span><\/b><span style=\"font-family: Verdana; font-size: xx-small;\"><b>cerca de la Lic. Gabriela Mart\u00ednez Castro<\/b><\/span><\/p>\n<p align=\"left\"><i><span style=\"font-family: Verdana; font-size: xx-small;\">Gabriela Mart\u00ednez Castro es Licenciada en Psicolog\u00eda egresada de la Universidad de Belgrano en 1991. M\u00e1ster en Psicolog\u00eda Cl\u00ednica en M\u00e9xico. <\/span><\/i><\/p>\n<p>&nbsp;<\/p>\n<p align=\"left\"><i><span style=\"font-family: Verdana; font-size: xx-small;\">Post-grado en Trastornos de Ansiedad de la Asociaci\u00f3n Argentina de Trastornos de Ansiedad. Psicoterapeuta Cognitiva-Conductual, orientada al trabajo con Trastornos de Ansiedad y Trastornos de la Personalidad.<\/span><\/i><\/p>\n<p>Ex coordinadora docente de la c\u00e1tedra de Psicolog\u00eda General en la Universidad de Belgrano. Ex coordinadora del Departamento de Psicodiagn\u00f3stico del Hospital Franc\u00e9s, \u00e1rea de Consultorios Externos.<br \/>\n&nbsp;<\/p>\n<p align=\"left\"><i><span style=\"font-family: Verdana; font-size: xx-small;\">Miembro de la Asociaci\u00f3n Argentina de Trastornos de Ansiedad. <\/span><\/i><\/p>\n<p>&nbsp;<\/p>\n<p align=\"left\"><i><span style=\"font-family: Verdana; font-size: xx-small;\">Directora de CEETA (Centro de Estudios Especializados en Trastornos de Ansiedad) <\/span><\/i><\/p>\n<p align=\"left\"><i><span style=\"font-family: Verdana; font-size: xx-small;\">Es de destacar que el CEETA, dirigido por la Lic. Gabriela Mart\u00ednez Castro, tiene su sede central en Pilar y sucursales en Parque Patricios, Belgrano, Barrio Norte y San Isidro. En 2012 abri\u00f3 una sede en Madrid (Espa\u00f1a)<\/span><\/i><\/p>\n<p>&nbsp;<\/p>\n<p align=\"left\"><span style=\"font-family: Verdana; font-size: xx-small;\"><i><b>Centro de Estudios Especializados en Trastornos de Ansiedad <\/b>(CEETA) &#8211; Edificio Concord-Sector los Almendros-piso segundo Oficina 202. Km 50 de la ruta Panamericana ramal Pilar. Tel\u00e9fono: 0230-4667175 \u00f3 al Celular 15-4416-1578 <a href=\"http:\/\/www.ceeta.org\/\">www.ceeta.org<\/a>\u00a0 \u00a0 \u00a0 \u00a0 \u00a0 \u00a0 \u00a0 \u00a0 \u00a0 \u00a0 \u00a0 \u00a0 \u00a0\u00a0<\/i><\/span><\/p>\n","protected":false},"excerpt":{"rendered":"<p>\u00a0El Centro de Estudios Especializado en Trastornos de Ansiedad (CEETA) incorpor\u00f3 un nuevo servicio complementario a la serie de capacitaciones [&hellip;]<\/p>\n","protected":false},"author":2,"featured_media":5984,"comment_status":"open","ping_status":"open","sticky":false,"template":"","format":"standard","meta":[],"categories":[2],"tags":[],"_links":{"self":[{"href":"https:\/\/quasarcomunicacion.com.ar\/web\/wp-json\/wp\/v2\/posts\/5967"}],"collection":[{"href":"https:\/\/quasarcomunicacion.com.ar\/web\/wp-json\/wp\/v2\/posts"}],"about":[{"href":"https:\/\/quasarcomunicacion.com.ar\/web\/wp-json\/wp\/v2\/types\/post"}],"author":[{"embeddable":true,"href":"https:\/\/quasarcomunicacion.com.ar\/web\/wp-json\/wp\/v2\/users\/2"}],"replies":[{"embeddable":true,"href":"https:\/\/quasarcomunicacion.com.ar\/web\/wp-json\/wp\/v2\/comments?post=5967"}],"version-history":[{"count":0,"href":"https:\/\/quasarcomunicacion.com.ar\/web\/wp-json\/wp\/v2\/posts\/5967\/revisions"}],"wp:featuredmedia":[{"embeddable":true,"href":"https:\/\/quasarcomunicacion.com.ar\/web\/wp-json\/wp\/v2\/media\/5984"}],"wp:attachment":[{"href":"https:\/\/quasarcomunicacion.com.ar\/web\/wp-json\/wp\/v2\/media?parent=5967"}],"wp:term":[{"taxonomy":"category","embeddable":true,"href":"https:\/\/quasarcomunicacion.com.ar\/web\/wp-json\/wp\/v2\/categories?post=5967"},{"taxonomy":"post_tag","embeddable":true,"href":"https:\/\/quasarcomunicacion.com.ar\/web\/wp-json\/wp\/v2\/tags?post=5967"}],"curies":[{"name":"wp","href":"https:\/\/api.w.org\/{rel}","templated":true}]}}