{"id":5956,"date":"2015-04-22T12:12:27","date_gmt":"2015-04-22T15:12:27","guid":{"rendered":"https:\/\/quasarcomunicacion.com.ar\/web\/?p=5956"},"modified":"2015-04-22T12:12:27","modified_gmt":"2015-04-22T15:12:27","slug":"momento-cero-lanza-una-nueva-edicion-del-seminario-introductorio-de-observacion-de-lactantes","status":"publish","type":"post","link":"https:\/\/quasarcomunicacion.com.ar\/web\/momento-cero-lanza-una-nueva-edicion-del-seminario-introductorio-de-observacion-de-lactantes\/","title":{"rendered":"Momento Cero lanza una nueva edici\u00f3n del Seminario Introductorio de Observaci\u00f3n de Lactantes"},"content":{"rendered":"<p style=\"text-align: left;\" align=\"center\"><i>\u00a0<\/i><span style=\"font-family: Verdana; font-size: small;\"><b>Momento Cero<\/b>, instituci\u00f3n destinada a trabajar en la prevenci\u00f3n primaria de la salud f\u00edsica y mental de los individuos, abri\u00f3 la inscripci\u00f3n a una nueva edici\u00f3n del <b> Seminario Introductorio de Observaci\u00f3n de Lactantes<\/b> con el m\u00e9todo Esther Bick. La capacitaci\u00f3n se realizar\u00e1 los d\u00edas martes de 10.30 a 12 hs en La Lucila y est\u00e1 a cargo de las licenciadas Emilia Canzutti y Adriana L\u00f3pez, fundadoras de <b> Momento Cero. <\/b>El seminario es de un a\u00f1o de duraci\u00f3n (64 hs) y finaliza el 1\u00ba de diciembre.<\/span><b> <\/b><\/p>\n<p><span style=\"font-family: Verdana; font-size: small;\">Para contactarse con las profesionales de <b>Momento Cero<\/b> enviar un e-mail a <a href=\"mailto:contacto@momentocero.com.ar\"> contacto@momentocero.com.ar<\/a> o llamar al 011 15 5143 0015 o bien al 011 15 6041 3217.<!--more--><\/span><br \/>\n<a href=\"https:\/\/quasarcomunicacion.com.ar\/web\/wp-content\/uploads\/2014\/02\/seminario1.gif\"><img class=\"aligncenter\" alt=\"seminario1\" src=\"https:\/\/quasarcomunicacion.com.ar\/web\/wp-content\/uploads\/2014\/02\/seminario1.gif\" \/><\/a><br \/>\n<span style=\"font-family: Verdana; font-size: small;\">Organizado por Momento Cero, el seminario est\u00e1 dirigido a profesionales de la salud y de la educaci\u00f3n y se encuentra coordinado por la Lic. Emilia Canzutti y la Lic. Adriana L\u00f3pez, co-fundadoras de Momento Cero.<\/span><br \/>\n<span style=\"font-family: Verdana; font-size: small;\">El m\u00e9todo de observaci\u00f3n de lactantes representa un aporte fundamental para la formaci\u00f3n de todos los profesionales que se ocupan de la primera infancia. Tambi\u00e9n para todos los que intentan aproximarse a los momentos y niveles primitivos del pensamiento y del desarrollo del individuo.<\/span><br \/>\n<span style=\"font-family: Verdana; font-size: small;\">El objetivo es lograr un entrenamiento en el rol de observador, permitiendo agudizar la percepci\u00f3n de los detalles. Permite ampliar y profundizar el conocimiento de las etapas tempranas del individuo. El foco est\u00e1 puesto en comprender los recursos psicof\u00edsicos con que cuenta el beb\u00e9 y las vicisitudes de la vida emocional entre \u00e9l y su entorno. <\/span><br \/>\n<span style=\"font-family: Verdana; font-size: small;\">Los profesionales deber\u00e1n realizar durante el a\u00f1o al menos seis observaciones directas de beb\u00e9s sanos en consulta pedi\u00e1trica, incluyendo una observaci\u00f3n en un servicio de Neonatolog\u00eda. En las reuniones quincenales se trabaja sobre el material te\u00f3rico que da cuenta de la t\u00e9cnica de observaci\u00f3n y sobre el primer y segundo a\u00f1o de vida del ni\u00f1o. Tambi\u00e9n se reflexiona en grupo sobre el material observado, aplicando la lo aprendido en la teor\u00eda. <\/span><br \/>\n<span style=\"font-family: Verdana; font-size: small;\">El m\u00e9todo de Observaci\u00f3n de Lactantes fue creado por Esther Bick en el a\u00f1o 1948, en la Tavistock Clinic de Londres por un pedido del Dr. Bowlby. El objetivo era favorecer la experiencia pr\u00e1ctica en el primer a\u00f1o de la formaci\u00f3n de psicoterapeutas de ni\u00f1os. En 1960 comienza a formar parte del primer a\u00f1o de la formaci\u00f3n de psicoanalistas de adultos del Instituto de Psicoan\u00e1lisis de Londres. <\/span><br \/>\n<span style=\"font-family: Verdana; font-size: small;\">En Argentina fue Kamala Di Tella quien, en 1980, organiz\u00f3 dichos Seminarios de Observaci\u00f3n de Lactantes, en el Servicio de Salud Mental-Departamento de Pediatr\u00eda del Hospital Italiano. En 1992 se comenzaron a dictar en el Hospital de Cl\u00ednicas Jos\u00e9 de San Mart\u00edn. Kamala Di Tella era psicoterapeuta de ni\u00f1os formada en Tavistock, donde se especializ\u00f3 en observaci\u00f3n de beb\u00e9s y autismo infantil. Inicialmente dirigi\u00f3 la ense\u00f1anza de este m\u00e9todo a los pediatras, ya que consideraba de gran importancia que estos pudieran comprender el complejo mundo emocional del infante humano.<\/span><br \/>\n<span style=\"font-family: Verdana; font-size: small;\">El m\u00e9todo de observaci\u00f3n de lactantes, seg\u00fan Esther Bick, permite aprender a observar y a sentir antes de teorizar. El observador se torna cada vez m\u00e1s sensible a la comunicaci\u00f3n pre-verbal a causa de su implicancia emocional en la familia y a su elaboraci\u00f3n que le ofrece el seminario de supervisi\u00f3n semanal. La comunicaci\u00f3n pre-verbal es el fondo de toda comunicaci\u00f3n humana y tiene un lugar predominante en todos los cuadros psicopatol\u00f3gicos.<\/span><br \/>\n<span style=\"font-family: Verdana; font-size: small;\">Este entrenamiento permite la comprensi\u00f3n profunda del desarrollo psicol\u00f3gico del beb\u00e9 y la detecci\u00f3n precoz de los trastornos del mismo, tan importante para la prevenci\u00f3n primaria de la salud. <\/span><br \/>\n<span style=\"font-family: Verdana; font-size: small;\"><b>El entrenamiento en el m\u00e9todo de Esther Bick apunta a:<\/b><br \/>\n1- Aprender a observar en detalle.<br \/>\n2- Aprender a describir y escribir lo observado lo m\u00e1s fielmente posible.<br \/>\n3- Sensibilizar la capacidad de empat\u00eda que permite captar las corrientes emocionales que circulan en el beb\u00e9, en la madre, en el padre y en la relaci\u00f3n entre ellos.<br \/>\n4- Pensar y reflexionar en grupo sobre el material observado, hacer inferencias y relacionar con el marco te\u00f3rico psicoanal\u00edtico y de la psicolog\u00eda del desarrollo para comprender el fen\u00f3meno percibido. <\/span><br \/>\n<span style=\"font-family: Verdana; font-size: small;\">Desde 2010 Lic. Adriana L\u00f3pez y Lic. Emilia Canzutti incluimos el Seminario Introductorio en la formaci\u00f3n profesional obligatoria del Centro de Picopatolog\u00eda Infanto Juvenil de la Municipalidad de San Isidro en el \u00e1rea de psicolog\u00eda.<\/span><br \/>\n<span style=\"font-family: Verdana; font-size: small;\">El Seminario favorece el desarrollo de habilidades que mejoran el ejercicio de la profesi\u00f3n permitiendo:<\/span><br \/>\n<span style=\"font-family: Verdana; font-size: small;\">A) Lograr un entrenamiento en el rol de observador.<br \/>\nB) Una aproximaci\u00f3n a la comprensi\u00f3n del reci\u00e9n nacido, conociendo el desarrollo de su mundo emocional y ps\u00edquico, apreciando los recursos con que cuenta en sus relaciones con el entorno.<br \/>\nC) Permite, a su vez, apreciar las diferencias individuales entre beb\u00e9s y las diferentes actitudes maternas y paternas en el v\u00ednculo con el ni\u00f1o.<br \/>\nD) Este entrenamiento facilita la detecci\u00f3n precoz de anomal\u00edas, (disfunciones , patolog\u00eda) en el desarrollo del ni\u00f1o.<br \/>\nE) Descubrir o redescubrir la comunicaci\u00f3n preverbal como resultado de una larga atenci\u00f3n al m\u00ednimo gesto, a las m\u00edmicas, a las tensiones motrices del beb\u00e9. El observador se torna cada vez m\u00e1s sensible a la comunicaci\u00f3n preverbal a causa de su implicancia emocional en la familia y a su elaboraci\u00f3n que le ofrece el seminario de supervisi\u00f3n semanal. La comunicaci\u00f3n preverbal es el fondo de toda comunicaci\u00f3n humana y tiene un lugar predominante en todos los cuadros psicopatol\u00f3gicos.<\/span><br \/>\n<span style=\"font-family: Verdana; font-size: small;\">Kamala Di Tella dise\u00f1\u00f3 el Seminario en Argentina de la siguiente manera: <\/span><br \/>\n<span style=\"font-family: Verdana; font-size: small;\"><b>Seminario Introductorio de Observaci\u00f3n de Lactantes<\/b> en el que se observan beb\u00e9s sanos en consulta pedi\u00e1trica. Respetando los tres tiempos: observaci\u00f3n, toma de notas y supervisi\u00f3n grupal.<\/span><br \/>\n<span style=\"font-family: Verdana; font-size: small;\">Se acompa\u00f1a con bibliograf\u00eda especializada de los siguientes autores: Bick, Haag,Winnicott, Bowlby, Levobici,Stern, etc. <\/span><br \/>\n<b><span style=\"font-family: Verdana; font-size: small;\">Seminario de Observaci\u00f3n prolongada<\/span><\/b><br \/>\n<span style=\"font-family: Verdana; font-size: small;\">El objetivo es profundizar el entrenamiento del observador y su compresi\u00f3n, a trav\u00e9s del seguimiento prolongado de un beb\u00e9 en su ambiente, es decir que se observa un beb\u00e9 desde el nacimiento hasta el primer a\u00f1o de vida o hasta el segundo. Esta modalidad permite, a su vez, apreciar las diferencias individuales entre beb\u00e9s y las vicisitudes de la vida emocional entre \u00e9l y su familia, en cuyo seno se van desarrollando los v\u00ednculos y su personalidad <\/span><br \/>\n<span style=\"font-family: Verdana; font-size: small;\">Todo el material de observaci\u00f3n aportado por los profesionales en los seminarios formar\u00e1 parte del Archivo de Momento Cero y podr\u00e1 ser utilizado para la realizaci\u00f3n de trabajos cient\u00edficos. Siempre se aclarar\u00e1 que es material de observaci\u00f3n recogido por los alumnos y seg\u00fan la ocasi\u00f3n podr\u00e1 ser mencionado el nombre del observador.<br \/>\nAl finalizar la cursada se entrega un trabajo de integraci\u00f3n que incluye las observaciones realizadas durante el a\u00f1o. <\/span><br \/>\n<span style=\"font-family: Verdana; font-size: small;\">Para conocer m\u00e1s acerca de <b>Momento Cero<\/b> visitar su p\u00e1gina web <a href=\"http:\/\/momentocero.com.ar\/\"> http:\/\/momentocero.com.ar<\/a> o bien fanpage en Facebook: <a href=\"https:\/\/www.facebook.com\/momentocerofanpage\"> https:\/\/www.facebook.com\/momentocerofanpage<\/a> <\/span><\/p>\n<p align=\"center\"><b><span style=\"font-family: Arial; font-size: small;\">Toda la info sobre Momento Cero en\u00a0<\/span><\/b><br \/>\n<a href=\"http:\/\/www.quasarcomunicacion.com.ar\/web\/momentocero\"> http:\/\/www.quasarcomunicacion.com.ar\/web\/momentocero<\/a><\/p>\n<p><b><span style=\"font-family: Verdana; font-size: small;\">Lic. Emilia Canzutti<\/span><\/b><br \/>\n<span style=\"font-family: Verdana; font-size: xx-small;\">Licenciada en Psicolog\u00eda. Universidad del Salvador. Especialista en vincularidad temprana.<\/span><br \/>\n<span style=\"font-family: Verdana; font-size: xx-small;\">Profesora en psicolog\u00eda. Universidad del Salvador.<\/span><br \/>\n<span style=\"font-family: Verdana; font-size: xx-small;\">Coordinadora del \u00e1rea de psicolog\u00eda del centro de Psicopatolog\u00eda Infanto-Juvenil de San Isidro.<br \/>\nPsic\u00f3loga de ni\u00f1os, adolescentes y adultos.<\/span><br \/>\n<span style=\"font-family: Verdana; font-size: xx-small;\">Abordaje en Psicodiagn\u00f3stico, tratamiento individual, Orientaci\u00f3n a padres, Asesoramiento a instituciones educativas.<\/span><br \/>\n<span style=\"font-family: Verdana; font-size: xx-small;\">Coordinadora del Seminario de Observaci\u00f3n de Lactantes, m\u00e9todo de Esther Bick, para profesionales de la salud.<\/span><br \/>\n<span style=\"font-family: Verdana; font-size: xx-small;\">Creadora y coordinadora de Momento Cero, programa destinado al trabajo con padres e hijos con el objetivo de favorecer un desarrollo emocional sano. <\/span><br \/>\n<span style=\"font-family: Verdana; font-size: xx-small;\">Creadora y coordinadora de EPsiS Equipo psicol\u00f3gico para la Salud.<\/span><br \/>\n<span style=\"font-family: Verdana; font-size: xx-small;\">Zona Norte: La Lucila, Martinez, Acassuso, Beccar.<\/span><br \/>\n<span style=\"font-family: Verdana; font-size: small;\">(MP 90400)<\/span><br \/>\n<b><span style=\"font-family: Verdana; font-size: small;\"> Adriana Marcela L\u00f3pez <\/span><\/b><br \/>\n<b><\/b><span style=\"font-family: Verdana; font-size: xx-small;\">Licenciada en Psicolog\u00eda de la Universidad de Buenos Aires. Especialista en vincularidad temprana. <\/span><br \/>\n<span style=\"font-family: Verdana; font-size: xx-small;\">Psic\u00f3loga y supervisora del Centro de Psicopatolog\u00eda Infanto-Juvenil de San Isidro.<br \/>\nPsic\u00f3loga de ni\u00f1os, adolescentes y adultos. Abordaje en Psicodiagn\u00f3stico, tratamiento individual, Orientaci\u00f3n a padres, Asesoramiento a instituciones educativas.<\/span><br \/>\n<span style=\"font-family: Verdana; font-size: xx-small;\">Coordinadora del Seminario de Observaci\u00f3n de Lactantes, m\u00e9todo de Esther Bick, para profesionales de la salud.<\/span><br \/>\n<span style=\"font-family: Verdana; font-size: xx-small;\">Creadora y coordinadora de Momento Cero, programa destinado al trabajo con padres e hijos con el objetivo de favorecer un desarrollo emocional sano. <\/span><br \/>\n<span style=\"font-family: Verdana; font-size: xx-small;\">Creadora y coordinadora de EPsiS Equipo psicol\u00f3gico para la Salud C.A.B.A.: Centro, Palermo, Belgrano<\/span><br \/>\n(Matr\u00edcula Profesional: 23.655)<\/p>\n<hr \/>\n<p><b><span style=\"font-family: Verdana; font-size: small;\">Acerca de Momento Cero<\/span><\/b><br \/>\n&nbsp;<br \/>\n<span style=\"font-family: Verdana; font-size: xx-small;\"><b>Momento Cero<\/b> es una instituci\u00f3n destinada a trabajar en la prevenci\u00f3n primaria de la salud f\u00edsica y mental de los individuos, intentando prevenir la enfermedad y los des\u00f3rdenes emocionales. <\/span><br \/>\n<span style=\"font-family: Verdana; font-size: xx-small;\">Desde hace tiempo se encuentran abocados a favorecer el crecimiento de ni\u00f1os emocionalmente estables, que puedan lograr un desarrollo \u00f3ptimo de todas sus capacidades, a trav\u00e9s de la formaci\u00f3n de v\u00ednculos sanos y el establecimiento de un apego seguro. Buscan generar espacios para mam\u00e1s y pap\u00e1s, con el fin de facilitar la crianza de sus hijos en salud y recuperar el arte perdido que es el ejercicio de la maternidad y paternidad. En ellos, brindan la ayuda necesaria para que, con el estilo de vida de hoy, y respetando la modalidad e idiosincrasias culturales de cada familia, cada pareja parental encuentre las herramientas necesarias, para lograr el desarrollo de ni\u00f1os confiados en s\u00ed mismos, emocionalmente estables, y capaces de desarrollar una vida plena y \u00fanica.<\/span><br \/>\n<span style=\"font-family: Verdana; font-size: xx-small;\"><b>Informes y asesoramiento:<\/b> <a href=\"mailto:contacto@momentocero.com.ar\">contacto@momentocero.com.ar<\/a> <\/span><\/p>\n<p align=\"center\"><b><span style=\"font-family: Arial; font-size: small;\">Toda la info de Momento Cero ingresando en\u00a0<\/span><\/b><br \/>\n<a href=\"http:\/\/www.quasarcomunicacion.com.ar\/momentocero\"> http:\/\/www.quasarcomunicacion.com.ar\/momentocero<\/a><\/p>\n<p align=\"center\"><span style=\"font-size: small;\"><b><i> Contactos de Prensa<\/i><\/b><\/span><\/p>\n<div align=\"left\">\n<table width=\"100%\" border=\"1\" cellpadding=\"2\" align=\"left\">\n<tbody>\n<tr>\n<td align=\"center\" width=\"50%\">\n<p align=\"left\"><span style=\"font-size: medium;\"><strong> <span style=\"color: #808080; font-family: Arial; font-size: small;\"> Camila Sarmiento &#8211; Asistente de Cuentas<br \/>\n<\/span> <\/strong><\/span> <span style=\"font-size: xx-small;\"><span style=\"color: #ff0000;\"> Directo<\/span><b>: <\/b> 0230<\/span><span style=\"font-size: xx-small;\">-4664772<br \/>\n<\/span><span style=\"color: #ff0000; font-size: xx-small;\"> Skype:<\/span><span style=\"font-size: xx-small;\"> quasarcomunicacion<br \/>\n<\/span><span style=\"color: #ff0000; font-size: xx-small;\"> Twitter:<\/span><span style=\"font-size: xx-small;\"> @quasarpilar<br \/>\n<\/span><span style=\"color: #ff0000; font-size: xx-small;\"> Gr<\/span><span style=\"color: #ff0000; font-size: xx-small;\">upo y p\u00e1gina en Facebook: <\/span> <span style=\"color: #808080; font-size: xx-small;\">www.facebook.com\/<\/span><a href=\"mailto:mfipata@gmail.com\"><span style=\"font-size: xx-small;\">Quasar<\/span><\/a><span style=\"font-size: xx-small;\">Comunicacion<br \/>\n<\/span><span style=\"color: #ff0000; font-size: xx-small;\"> Web:<\/span><b><\/b> <a href=\"http:\/\/www.quasarcomunicacion.com.ar\/\"> <span style=\"font-size: xx-small;\">www.quasarcomunicacion.com.ar<\/span><\/a><\/p>\n<p align=\"left\"><span style=\"font-size: xx-small;\"> <span style=\"color: #ff0000;\">Mail<\/span><b>:<\/b><\/span><span style=\"font-size: xx-small;\"> <a href=\"mailto:fernanda@quasarcomunicacion.com.ar\"> asistente@quasarcomunicacion.com.ar<\/a><\/span><\/p>\n<\/td>\n<td align=\"center\" width=\"50%\">\n<p align=\"right\"><span style=\"font-size: medium;\"><strong> <span style=\"color: #808080; font-family: Arial; font-size: small;\"> Lic. Mar\u00eda Fernanda Ipata &#8211; Directora<br \/>\n<\/span> <\/strong><\/span> <span style=\"font-size: xx-small;\"><span style=\"color: #ff0000;\"><br \/>\nDirecto<\/span><b>: <\/b> 0230<\/span><span style=\"font-size: xx-small;\">-4664772<\/span><span style=\"font-size: xx-small;\"><br \/>\n<\/span><span style=\"font-size: xx-small;\"> <span style=\"color: #ff0000;\">M\u00f3vil:<\/span><b> <\/b> 0230<\/span><span style=\"font-size: xx-small;\">-15-4584535<br \/>\n011-15-6096-4656 ID 558*3763<br \/>\n<\/span><span style=\"color: #ff0000; font-size: xx-small;\"> Skype:<\/span><span style=\"font-size: xx-small;\"> quasarcomunicacion<br \/>\n<\/span><span style=\"color: #ff0000; font-size: xx-small;\"> Twitter:<\/span><span style=\"font-size: xx-small;\"> @quasarpilar<br \/>\n<\/span><span style=\"color: #ff0000; font-size: xx-small;\"> Gr<\/span><span style=\"color: #ff0000; font-size: xx-small;\">upo y p\u00e1gina en Facebook: <\/span> <span style=\"color: #808080; font-size: xx-small;\">www.facebook.com\/<\/span><a href=\"mailto:mfipata@gmail.com\"><span style=\"font-size: xx-small;\">Quasar<\/span><\/a><span style=\"font-size: xx-small;\">Comunicacion<br \/>\n<\/span><span style=\"font-size: xx-small;\"> <span style=\"color: #ff0000;\">LinkedIn<\/span><b>:\u00a0 <\/b><\/span> <span style=\"font-size: xx-small;\"><b> <a href=\"http:\/\/www.linkedin.com\/in\/mfipata\"> http:\/\/www.linkedin.com\/in\/mfipata<\/a><\/b><\/span><span style=\"font-size: xx-small;\"><br \/>\n<\/span><span style=\"color: #ff0000; font-size: xx-small;\"> Web:<\/span><b><\/b> <a href=\"http:\/\/www.quasarcomunicacion.com.ar\/\"> <span style=\"font-size: xx-small;\">www.quasarcomunicacion.com.ar<\/span><\/a><span style=\"font-size: xx-small;\"><br \/>\n<\/span><span style=\"font-size: xx-small;\"> <span style=\"color: #ff0000;\">Mail<\/span><b>:<\/b><\/span><span style=\"font-size: xx-small;\"><a href=\"mailto:fernanda@quasarcomunicacion.com.ar\"> fernanda@quasarcomunicacion.com.ar<\/a><\/span><\/p>\n<\/td>\n<\/tr>\n<\/tbody>\n<\/table>\n<\/div>\n","protected":false},"excerpt":{"rendered":"<p>\u00a0Momento Cero, instituci\u00f3n destinada a trabajar en la prevenci\u00f3n primaria de la salud f\u00edsica y mental de los individuos, abri\u00f3 [&hellip;]<\/p>\n","protected":false},"author":2,"featured_media":4780,"comment_status":"open","ping_status":"open","sticky":false,"template":"","format":"standard","meta":[],"categories":[2],"tags":[],"_links":{"self":[{"href":"https:\/\/quasarcomunicacion.com.ar\/web\/wp-json\/wp\/v2\/posts\/5956"}],"collection":[{"href":"https:\/\/quasarcomunicacion.com.ar\/web\/wp-json\/wp\/v2\/posts"}],"about":[{"href":"https:\/\/quasarcomunicacion.com.ar\/web\/wp-json\/wp\/v2\/types\/post"}],"author":[{"embeddable":true,"href":"https:\/\/quasarcomunicacion.com.ar\/web\/wp-json\/wp\/v2\/users\/2"}],"replies":[{"embeddable":true,"href":"https:\/\/quasarcomunicacion.com.ar\/web\/wp-json\/wp\/v2\/comments?post=5956"}],"version-history":[{"count":0,"href":"https:\/\/quasarcomunicacion.com.ar\/web\/wp-json\/wp\/v2\/posts\/5956\/revisions"}],"wp:featuredmedia":[{"embeddable":true,"href":"https:\/\/quasarcomunicacion.com.ar\/web\/wp-json\/wp\/v2\/media\/4780"}],"wp:attachment":[{"href":"https:\/\/quasarcomunicacion.com.ar\/web\/wp-json\/wp\/v2\/media?parent=5956"}],"wp:term":[{"taxonomy":"category","embeddable":true,"href":"https:\/\/quasarcomunicacion.com.ar\/web\/wp-json\/wp\/v2\/categories?post=5956"},{"taxonomy":"post_tag","embeddable":true,"href":"https:\/\/quasarcomunicacion.com.ar\/web\/wp-json\/wp\/v2\/tags?post=5956"}],"curies":[{"name":"wp","href":"https:\/\/api.w.org\/{rel}","templated":true}]}}