{"id":5941,"date":"2015-04-20T15:29:23","date_gmt":"2015-04-20T18:29:23","guid":{"rendered":"https:\/\/quasarcomunicacion.com.ar\/web\/?p=5941"},"modified":"2015-04-20T15:29:23","modified_gmt":"2015-04-20T18:29:23","slug":"motivacional-estara-presente-en-las-jornadas-training-day-2015","status":"publish","type":"post","link":"https:\/\/quasarcomunicacion.com.ar\/web\/motivacional-estara-presente-en-las-jornadas-training-day-2015\/","title":{"rendered":"MotiVAcional estar\u00e1 presente en las Jornadas Training Day 2015"},"content":{"rendered":"<p style=\"text-align: left;\" align=\"center\"><span style=\"font-family: Verdana; font-size: small;\">El d\u00eda jueves 28 de mayo en el Hotel Meli\u00e1 Buenos Aires (Reconquista 945) se llevar\u00e1n a cabo las Jornadas Training Day 2015, organizadas por Desecretarias.com. Las profesionales de <\/span><b style=\"font-family: Verdana; font-size: small;\">MotiVAcional<\/b><span style=\"font-family: Verdana; font-size: small;\">, Sandra L\u00f3pez Lauro y Victoria Miles, fueron convocadas para participar del evento y brindar\u00e1n una charla sobre <\/span><b style=\"font-family: Verdana; font-size: small;\">\u00abGet on the Cloud: todo lo que hay que saber sobre La Nube para aprovechar al m\u00e1ximo el tiempo y los recursos\u00bb<\/b><span style=\"font-family: Verdana; font-size: small;\">.<\/span><\/p>\n<p align=\"left\"><span style=\"font-family: Verdana; font-size: small;\"><!--more--><\/span><\/p>\n<p align=\"left\"><a href=\"https:\/\/quasarcomunicacion.com.ar\/web\/wp-content\/uploads\/2015\/04\/jornada.gif\"><img class=\"aligncenter\" alt=\"jornada\" src=\"https:\/\/quasarcomunicacion.com.ar\/web\/wp-content\/uploads\/2015\/04\/jornada.gif\" \/><\/a><\/p>\n<p><span style=\"font-family: Verdana; font-size: small;\"><b>MotiVAcional<\/b> es un espacio que brinda capacitaci\u00f3n, ideas, recursos y experiencias compartidas para mujeres emprendedoras que trabajan desde casa. Ofrece diversos cursos pensados para mejorar el negocio o para iniciarlo desde cero, para optimizar la auto-gesti\u00f3n y para ganar m\u00e1s dinero trabajando desde casa, para organizarse mejor y lograr \u00f3ptimos resultados. <\/span><br \/>\n<span style=\"font-family: Verdana; font-size: small;\">Para contactarse con las especialistas de <b> MotiVAcional<\/b>, enviar un e-mail a <a href=\"mailto:tribuva@gmail.com\"> tribuva@gmail.com<\/a>\u00a0 <\/span><br \/>\n<span style=\"font-family: Verdana; font-size: small;\">Los temas a abordar en las Jornadas Training Day 2015 estar\u00e1n centrados en \u201cla maximizaci\u00f3n de recursos que, bien utilizados, son aliados imprescindibles para mejorar el rendimiento de cara a la tarea diaria\u201d indican los organizadores. <\/span><br \/>\n<span style=\"font-family: Verdana; font-size: small;\">El evento tomar\u00e1 lugar en el sal\u00f3n Tirso de Molina, y el cronograma del d\u00eda de la fecha ser\u00e1 el siguiente: <\/span><br \/>\n<span style=\"font-family: Verdana; font-size: small;\">14.45 horas: Acreditaci\u00f3n<br \/>\n15.15 horas: Bienvenida<br \/>\n15.30 horas: Get on the Cloud: todo lo que hay que saber sobre La Nube para aprovechar al m\u00e1ximo el tiempo y los recursos (a cargo de Victoria Miles y Sandra L\u00f3pez Lauro, especialistas de <b>MotiVAcional<\/b>).<br \/>\n17.00 horas: Break<br \/>\n18.00 horas: Coaching para Asistentes Ejecutivas (a cargo de Patricia Rod\u00f3)<br \/>\n20.00 horas: Cierre y sorteos <\/span><br \/>\n<span style=\"font-family: Verdana; font-size: small;\">Para m\u00e1s informaci\u00f3n, escribir a capacitacion@desecretarias.com o bien llamar al (011) 4786-4571. <\/span><br \/>\n<span style=\"font-family: Verdana; font-size: small;\">\u00a0Para conocer m\u00e1s acerca de <b> MotiVAcional<\/b>, ingresar a su p\u00e1gina web<br \/>\nwww.motiVAcional.com.ar y tener en cuenta que las profesionales brindan charlas, capacitaciones y conferencias para empresas o instituciones tanto de forma presencial como a distancia. <\/span><br \/>\n<span style=\"font-family: Verdana; font-size: small;\"><b>Acerca de MotiVAcional<\/b><\/span><br \/>\n<span style=\"font-family: Verdana; font-size: xx-small;\">El portal www.motivacional.com.ar brinda, adem\u00e1s de capacitaci\u00f3n, ideas, recursos y experiencias compartidas para mujeres emprendedoras que trabajan desde casa. Tambi\u00e9n se retroalimentan en las redes sociales como Facebook y Twitter.<\/span><br \/>\n<span style=\"font-family: Verdana; font-size: xx-small;\">Hay un lugar especial dentro del sitio: es el Ateneo. En el Ateneo hay una gran diversidad de cursos online para mujeres emprendedoras. Todos los cursos est\u00e1n pensados para mejorar el negocio o para iniciarlo desde cero, para optimizar la auto-gesti\u00f3n y para ganar m\u00e1s dinero trabajando desde casa, para organizarse mejor y lograr \u00f3ptimos resultados. <\/span><br \/>\n<span style=\"font-family: Verdana; font-size: xx-small;\">Conoc\u00e9 <b>MotiVAcional<\/b> en:\u00a0 <\/span><span style=\"font-size: xx-small;\"><br \/>\n<\/span> <span style=\"font-family: Verdana; font-size: xx-small;\"> <a href=\"http:\/\/www.motivacional.com.ar\/\"> www.motivacional.com.ar<\/a><\/span><span style=\"font-size: xx-small;\"><br \/>\n<\/span> <span style=\"font-family: Verdana; font-size: xx-small;\"> <a href=\"https:\/\/www.facebook.com\/tribuVA\"> www.facebook.com\/tribuVA<\/a><br \/>\n<a href=\"http:\/\/www.pinterest.com\/tribuVA\"> www.pinterest.com\/tribuVA<\/a><br \/>\n<a href=\"http:\/\/www.twitter.com\/tribuVA\">www.twitter.com\/tribuVA<\/a><\/span><br \/>\n<span style=\"font-family: Verdana; font-size: xx-small;\">Contactate escribiendo a <a href=\"mailto:tribuva@gmail.com\">tribuva@gmail.com<\/a> <\/span><\/p>\n<p align=\"center\">Acceso a toda la informaci\u00f3n e im\u00e1genes en alta definici\u00f3n ingresando en <a href=\"http:\/\/www.quasarcomunicacion.com.ar\/web\/motivacional\"> http:\/\/www.quasarcomunicacion.com.ar\/web\/motivacional<\/a><\/p>\n<p><span style=\"font-size: small;\"><b><i><span style=\"font-family: Arial;\">Por otras im\u00e1genes, audios o entrevistas no dude en contactarse<\/span><\/i><\/b><\/span><\/p>\n<p align=\"center\"><span style=\"font-size: small;\"><b><i> Contactos de Prensa<\/i><\/b><\/span><\/p>\n<div align=\"left\">\n<table width=\"100%\" border=\"1\" cellpadding=\"2\" align=\"left\">\n<tbody>\n<tr>\n<td align=\"center\" width=\"50%\">\n<p align=\"left\"><strong> <span style=\"color: #ff0000; font-family: Arial; font-size: small;\">Camila Sarmiento<\/span><\/strong><span style=\"font-size: medium;\"><strong><span style=\"color: #808080; font-family: Arial; font-size: small;\"> &#8211; Asistente de Cuentas<\/span><\/strong><\/span><\/p>\n<p><span style=\"font-size: xx-small;\"><span style=\"color: #ff0000;\"> Directo<\/span><b>: <\/b> 0230<\/span><span style=\"font-size: xx-small;\">-4664772<br \/>\n<\/span><span style=\"color: #ff0000; font-size: xx-small;\"> Skype:<\/span><span style=\"font-size: xx-small;\"> quasarcomunicacion<br \/>\n<\/span><span style=\"color: #ff0000; font-size: xx-small;\"> Twitter:<\/span><span style=\"font-size: xx-small;\"> @quasarpilar<br \/>\n<\/span><span style=\"color: #ff0000; font-size: xx-small;\"> Gr<\/span><span style=\"color: #ff0000; font-size: xx-small;\">upo y p\u00e1gina en Facebook: <\/span> <span style=\"color: #808080; font-size: xx-small;\">www.facebook.com\/<\/span><a href=\"mailto:mfipata@gmail.com\"><span style=\"font-size: xx-small;\">Quasar<\/span><\/a><span style=\"font-size: xx-small;\">Comunicacion<br \/>\n<\/span><span style=\"color: #ff0000; font-size: xx-small;\"> Web:<\/span><b><\/b> <a href=\"http:\/\/www.quasarcomunicacion.com.ar\/\"> <span style=\"font-size: xx-small;\">www.quasarcomunicacion.com.ar<\/span><\/a><\/p>\n<p align=\"left\"><span style=\"font-size: xx-small;\"> <span style=\"color: #ff0000;\">Mail<\/span><b>:<\/b><\/span><span style=\"font-size: xx-small;\"> <a href=\"mailto:fernanda@quasarcomunicacion.com.ar\"> asistente@quasarcomunicacion.com.ar<\/a><\/span><\/p>\n<\/td>\n<td align=\"center\" width=\"50%\">\n<p align=\"right\"><span style=\"font-size: medium;\"><strong> <span style=\"color: #808080; font-family: Arial; font-size: small;\"> Lic. Mar\u00eda Fernanda Ipata &#8211; Directora<br \/>\n<\/span> <\/strong><\/span> <span style=\"font-size: xx-small;\"><span style=\"color: #ff0000;\"><br \/>\nDirecto<\/span><b>: <\/b> 0230<\/span><span style=\"font-size: xx-small;\">-4664772<\/span><span style=\"font-size: xx-small;\"><br \/>\n<\/span><span style=\"font-size: xx-small;\"> <span style=\"color: #ff0000;\">M\u00f3vil:<\/span><b> <\/b> 0230<\/span><span style=\"font-size: xx-small;\">-15-4584535<br \/>\n011-15-6096-4656 ID 558*3763<br \/>\n<\/span><span style=\"color: #ff0000; font-size: xx-small;\"> Skype:<\/span><span style=\"font-size: xx-small;\"> quasarcomunicacion<br \/>\n<\/span><span style=\"color: #ff0000; font-size: xx-small;\"> Twitter:<\/span><span style=\"font-size: xx-small;\"> @quasarpilar<br \/>\n<\/span><span style=\"color: #ff0000; font-size: xx-small;\"> Gr<\/span><span style=\"color: #ff0000; font-size: xx-small;\">upo y p\u00e1gina en Facebook: <\/span> <span style=\"color: #808080; font-size: xx-small;\">www.facebook.com\/<\/span><a href=\"mailto:mfipata@gmail.com\"><span style=\"font-size: xx-small;\">Quasar<\/span><\/a><span style=\"font-size: xx-small;\">Comunicacion<br \/>\n<\/span><span style=\"font-size: xx-small;\"> <span style=\"color: #ff0000;\">LinkedIn<\/span><b>:\u00a0 <\/b><\/span> <span style=\"font-size: xx-small;\"><b> <a href=\"http:\/\/www.linkedin.com\/in\/mfipata\"> http:\/\/www.linkedin.com\/in\/mfipata<\/a><\/b><\/span><span style=\"font-size: xx-small;\"><br \/>\n<\/span><span style=\"color: #ff0000; font-size: xx-small;\"> Web:<\/span><b><\/b> <a href=\"http:\/\/www.quasarcomunicacion.com.ar\/\"> <span style=\"font-size: xx-small;\">www.quasarcomunicacion.com.ar<\/span><\/a><span style=\"font-size: xx-small;\"><br \/>\n<\/span><span style=\"font-size: xx-small;\"> <span style=\"color: #ff0000;\">Mail<\/span><b>:<\/b><\/span><span style=\"font-size: xx-small;\"><a href=\"mailto:fernanda@quasarcomunicacion.com.ar\"> fernanda@quasarcomunicacion.com.ar<\/a><\/span><\/p>\n<\/td>\n<\/tr>\n<\/tbody>\n<\/table>\n<\/div>\n","protected":false},"excerpt":{"rendered":"<p>El d\u00eda jueves 28 de mayo en el Hotel Meli\u00e1 Buenos Aires (Reconquista 945) se llevar\u00e1n a cabo las Jornadas [&hellip;]<\/p>\n","protected":false},"author":2,"featured_media":5942,"comment_status":"open","ping_status":"open","sticky":false,"template":"","format":"standard","meta":[],"categories":[2],"tags":[],"_links":{"self":[{"href":"https:\/\/quasarcomunicacion.com.ar\/web\/wp-json\/wp\/v2\/posts\/5941"}],"collection":[{"href":"https:\/\/quasarcomunicacion.com.ar\/web\/wp-json\/wp\/v2\/posts"}],"about":[{"href":"https:\/\/quasarcomunicacion.com.ar\/web\/wp-json\/wp\/v2\/types\/post"}],"author":[{"embeddable":true,"href":"https:\/\/quasarcomunicacion.com.ar\/web\/wp-json\/wp\/v2\/users\/2"}],"replies":[{"embeddable":true,"href":"https:\/\/quasarcomunicacion.com.ar\/web\/wp-json\/wp\/v2\/comments?post=5941"}],"version-history":[{"count":0,"href":"https:\/\/quasarcomunicacion.com.ar\/web\/wp-json\/wp\/v2\/posts\/5941\/revisions"}],"wp:featuredmedia":[{"embeddable":true,"href":"https:\/\/quasarcomunicacion.com.ar\/web\/wp-json\/wp\/v2\/media\/5942"}],"wp:attachment":[{"href":"https:\/\/quasarcomunicacion.com.ar\/web\/wp-json\/wp\/v2\/media?parent=5941"}],"wp:term":[{"taxonomy":"category","embeddable":true,"href":"https:\/\/quasarcomunicacion.com.ar\/web\/wp-json\/wp\/v2\/categories?post=5941"},{"taxonomy":"post_tag","embeddable":true,"href":"https:\/\/quasarcomunicacion.com.ar\/web\/wp-json\/wp\/v2\/tags?post=5941"}],"curies":[{"name":"wp","href":"https:\/\/api.w.org\/{rel}","templated":true}]}}