{"id":594,"date":"2012-07-05T17:01:23","date_gmt":"2012-07-05T17:01:23","guid":{"rendered":"http:\/\/quasarcomunicacion.wordpress.com\/?p=594"},"modified":"2012-07-05T17:01:23","modified_gmt":"2012-07-05T17:01:23","slug":"ano-nuevo-con-energias-renovadas-en-la-reserva-natural-del-pilar","status":"publish","type":"post","link":"https:\/\/quasarcomunicacion.com.ar\/web\/ano-nuevo-con-energias-renovadas-en-la-reserva-natural-del-pilar\/","title":{"rendered":"A\u00f1o nuevo con energ\u00edas renovadas en la Reserva Natural del Pilar"},"content":{"rendered":"<p style=\"text-align:left;\" align=\"center\"><span style=\"font-family:Verdana;font-size:small;\">Luego del inicio de este Nuevo A\u00f1o, a partir del Solsticio de Invierno que celebraron el pasado fin de semana, se logr\u00f3 renovar las fuerzas de los integrantes de la gran familia de voluntarios de la\u00a0<\/span><strong>Reserva Natural\u00a0<\/strong><span style=\"font-family:Verdana;font-size:small;\">que ya se acercan a los 9 a\u00f1os de la\u00a0<\/span><strong>Asociaci\u00f3n Patrimonio Natural\u00a0<\/strong><span style=\"font-family:Verdana;font-size:small;\">y de la\u00a0<\/span><strong>Reserva Natural Municipal del Pilar<\/strong><span style=\"font-family:Verdana;font-size:small;\">, gestionada por la ONG.<\/span><\/p>\n<p style=\"text-align:left;\" align=\"center\"><a href=\"http:\/\/quasarcomunicacion.files.wordpress.com\/2012\/07\/anionuevo.gif\"><img loading=\"lazy\" class=\"alignright size-full wp-image-595\" title=\"anionuevo\" src=\"http:\/\/quasarcomunicacion.files.wordpress.com\/2012\/07\/anionuevo.gif\" alt=\"\" width=\"500\" height=\"333\" \/><\/a><\/p>\n<p style=\"text-align:left;\" align=\"center\"><span style=\"font-family:Verdana;font-size:small;\"><!--more--><\/span><\/p>\n<p><span style=\"font-family:Verdana;font-size:small;\">El album en facebook:<\/span>\u00a0<a href=\"http:\/\/www.facebook.com\/media\/set\/?set=a.10151068918025269.494887.63346165268&amp;type=1\">http:\/\/www.facebook.com\/media\/set\/?set=a.10151068918025269.494887.63346165268&amp;type=1<\/a><br \/>\n<span style=\"font-family:Verdana;font-size:small;\">Much\u00edsimos han sido los avances. Si se busca entre la informaci\u00f3n period\u00edstica del a\u00f1o 2002, se encontrar\u00e1 el uso anterior que se daba a la entrada del predio y la disconformidad de los vecinos de la zona.<\/span><br \/>\n<span style=\"font-family:Verdana;font-size:small;\">En estos a\u00f1os con un gran apoyo de la comunidad, los guardaparques y los voluntarios de\u00a0<strong>Patrimonio Natural<\/strong>, lograron remediar el basural, que representaba el ingreso de la Reserva y transformarlo en un espacio para la biodiversidad, educaci\u00f3n y esparcimiento, donde talas, espinillos, ombues y sauces entre otros, tienen hoy su gran espacio.<\/span><br \/>\n<span style=\"font-family:Verdana;font-size:small;\">Tambi\u00e9n la fauna se ha visto favorecida, y adem\u00e1s de saber por registro de los guardaparques, que los lobitos de r\u00edo siguen presentes en el lugar, as\u00ed como coipos, lagartos overos y tortugas, a las ciento ochenta especies de aves, registradas en el a\u00f1o 2005 se han sumado m\u00e1s de 30, haciendo que sea un sitio muy visitado por Clubes de Observadores de Aves, de otras zonas de la provincia as\u00ed como por aficionados, que gustan de observar estas especies.<\/span><br \/>\n<span style=\"font-family:Verdana;font-size:small;\">El rol que desempe\u00f1a la Reserva a nivel educativo es sumamente valioso, las escuelas del partido, encuentran un lugar cercano donde desarrollar distintas tem\u00e1ticas, que pasan por las ciencias naturales y pueden llegar a la construcci\u00f3n de la ciudadan\u00eda.<\/span><br \/>\n<span style=\"font-family:Verdana;font-size:small;\">Tambi\u00e9n se han desarrollado numerosos estudios de Universidades como UBA, Usal, CAECE, UnLu e institutos terciarios. \u00daltimamente tambi\u00e9n se han desarrollado trabajos de profesorados de educaci\u00f3n f\u00edsica y escuelas<br \/>\nespeciales. Adem\u00e1s de ser un espacio constante de capacitaci\u00f3n para<br \/>\nestudiantes de la Escuela de Guardaparques, Perito Moreno.<\/span><br \/>\n<span style=\"font-family:Verdana;font-size:small;\">El potencial de una Reserva Urbana es muy importante para una<br \/>\ncomunidad y necesita del apoyo de la misma. Tambi\u00e9n se debe destacar paralelamente el crecimiento del Programa Permanente de Reciclado, mediante el cual por la implementaci\u00f3n de la separaci\u00f3n en origen, se han logrado enviar a reciclado m\u00e1s de 25 toneladas de materiales en 2011.<\/span><br \/>\n<span style=\"font-family:Verdana;font-size:small;\">Otro proyecto que ha crecido fuertemente es el Vivero de Plantas Nativas \u00abEl Cachafaz\u00bb el cual funciona en la sede de la Asociaci\u00f3n, y ya lleva m\u00e1s de 8000 plantines producidos.<\/span><br \/>\n<span style=\"font-family:Verdana;font-size:small;\">Quedan muchos temas pendientes por resolver: el reconocimiento<br \/>\nPROVINCIAL COMO RESERVA DE OBJETIVO DEFINIDO EDUCATIVO, la consolidaci\u00f3n de la infraestructura b\u00e1sica que sufri\u00f3 los perjuicios de dos temporales fuertes y la quema del mangrullo, la defensa de las<br \/>\ntierras del estado y de toda la comunidad de los intereses de privados que pastorean animales, y sobre todo la protecci\u00f3n de todo el r\u00edo Luj\u00e1n, como un recurso privilegiado, para los Partidos que componen la cuenca.<\/span><br \/>\n<span style=\"font-family:Verdana;font-size:small;\">Todo esto requiere del trabajo conjunto y codo a codo de la sociedad<br \/>\ncivil, las escuelas, el estado municipal y el provincial, con el fin<br \/>\nde garantizar el derecho a un ambiente sano, como establece nuestra<br \/>\nCONSTITUCI\u00d3N NACIONAL<\/span><br \/>\n<span style=\"font-family:Verdana;font-size:small;\">Comunicaci\u00f3n con la instituci\u00f3n llamando al\u00a0\u00a0(0230) 4667065\u00a0\/ 011-15-5730-2504 Sra. Graciela o por e-mail a\u00a0<a href=\"mailto:info@patrimonionatural.org.ar\">info@patrimonionatural.org.ar<\/a><\/span><br \/>\n<span style=\"font-family:Verdana;font-size:small;\">La\u00a0<strong>Reserva Natural del Pilar<\/strong>\u00a0se encuentra a menos de 2 km. del casco urbano de la ciudad del Pilar y de la Panamericana (Ramal Pilar, Km 53). Su acceso es muy f\u00e1cil ya que hay asfalto hasta el ingreso a la misma y un colectivo llega hasta all\u00ed, el que va a Ex F\u00e1brica Militar y parte del centro de Pilar.<\/span><\/p>\n","protected":false},"excerpt":{"rendered":"<p>Luego del inicio de este Nuevo A\u00f1o, a partir del Solsticio de Invierno que celebraron el pasado fin de semana, [&hellip;]<\/p>\n","protected":false},"author":2,"featured_media":0,"comment_status":"open","ping_status":"open","sticky":false,"template":"","format":"standard","meta":[],"categories":[2],"tags":[],"_links":{"self":[{"href":"https:\/\/quasarcomunicacion.com.ar\/web\/wp-json\/wp\/v2\/posts\/594"}],"collection":[{"href":"https:\/\/quasarcomunicacion.com.ar\/web\/wp-json\/wp\/v2\/posts"}],"about":[{"href":"https:\/\/quasarcomunicacion.com.ar\/web\/wp-json\/wp\/v2\/types\/post"}],"author":[{"embeddable":true,"href":"https:\/\/quasarcomunicacion.com.ar\/web\/wp-json\/wp\/v2\/users\/2"}],"replies":[{"embeddable":true,"href":"https:\/\/quasarcomunicacion.com.ar\/web\/wp-json\/wp\/v2\/comments?post=594"}],"version-history":[{"count":0,"href":"https:\/\/quasarcomunicacion.com.ar\/web\/wp-json\/wp\/v2\/posts\/594\/revisions"}],"wp:attachment":[{"href":"https:\/\/quasarcomunicacion.com.ar\/web\/wp-json\/wp\/v2\/media?parent=594"}],"wp:term":[{"taxonomy":"category","embeddable":true,"href":"https:\/\/quasarcomunicacion.com.ar\/web\/wp-json\/wp\/v2\/categories?post=594"},{"taxonomy":"post_tag","embeddable":true,"href":"https:\/\/quasarcomunicacion.com.ar\/web\/wp-json\/wp\/v2\/tags?post=594"}],"curies":[{"name":"wp","href":"https:\/\/api.w.org\/{rel}","templated":true}]}}