{"id":590,"date":"2012-07-04T21:21:06","date_gmt":"2012-07-04T21:21:06","guid":{"rendered":"http:\/\/quasarcomunicacion.wordpress.com\/?p=590"},"modified":"2012-07-04T21:21:06","modified_gmt":"2012-07-04T21:21:06","slug":"saber-del-pueblo-en-pilar-point","status":"publish","type":"post","link":"https:\/\/quasarcomunicacion.com.ar\/web\/saber-del-pueblo-en-pilar-point\/","title":{"rendered":"Saber del Pueblo en Pilar Point"},"content":{"rendered":"<p style=\"text-align:left;\" align=\"center\">Este domingo 8 de julio desde las 20 hs,\u00a0<span style=\"font-size:small;\"><strong>Pilar Point,<\/strong>\u00a0el shopping del centro para todos, celebra el D\u00eda de la Independencia con el espect\u00e1culo \u00abSaber del Pueblo\u00bb presentado por La Vuelta Folkl\u00f3rica. La actividad es con entrada libre y gratuita.<\/span><\/p>\n<p><span style=\"font-size:small;\">Adem\u00e1s, actuar\u00e1n la agrupaci\u00f3n Folkl\u00f3rica Matreros, el Ballet Turay Bande\u00f1o y el Ballet Quimera.<\/span><br \/>\n<img loading=\"lazy\" src=\"http:\/\/www.quasarcomunicacion.com.ar\/pilarpoint\/2012\/folk.gif\" alt=\"\" width=\"500\" height=\"313\" \/><!--more--><br \/>\n<span style=\"font-size:small;\">El espect\u00e1culo cuenta con el auspicio de Radio X y sus programas Entre Mate y Mate y Marcelo Herrera<\/span><br \/>\n<span style=\"font-size:small;\"><strong>Pilar Point\u00a0<\/strong>est\u00e1 ubicado en Estanislao L\u00f3pez 538 esquina Ituzaing\u00f3, Pilar.<\/span><br \/>\n<span style=\"font-size:small;\">Todas las novedades de\u00a0<strong>Pilar Point<\/strong>\u00a0en\u00a0<a href=\"http:\/\/www.facebook.com\/pilarpoint\">www.facebook.com\/pilarpoint<\/a><\/span><br \/>\n<span style=\"font-size:small;\">M\u00e1s informaci\u00f3n escribiendo a\u00a0<a href=\"mailto:info@pilarpoint.com.ar\">info@pilarpoint.com.ar<\/a>\u00a0o llamando al\u00a0\u00a0<img src=\"\/\/lifbcibllhkdhoafpjfnlhfpfgnpldfl\/numbers_button_skype_logo.png\" alt=\"\" \/>0230-4664700.<\/span><br \/>\n<span style=\"font-size:small;\">Acerca de La Vuelta Folkl\u00f3rica<\/span><br \/>\n<img loading=\"lazy\" src=\"http:\/\/www.quasarcomunicacion.com.ar\/pilarpoint\/2012\/folk1.gif\" alt=\"\" width=\"174\" height=\"258\" align=\"right\" hspace=\"6\" vspace=\"6\" \/><span style=\"font-size:xx-small;\">La Vuelta Folkl\u00f3rica est\u00e1 integrada por Daniel Gim\u00e9nez, guitarrista y voz de La Vuelta, profesor de m\u00fasica, arreglador, productor y compositor. Particip\u00f3 en el disco homenaje \u00ab20 a\u00f1os de Los Cuatro de C\u00f3rdoba\u00bb como tecladista, arreglador y director de las dos oberturas sinf\u00f3nicas del disco \u00abEl Mart\u00edn Fierro\u00bb de Cuti y Roberto Carabajar, integr\u00f3 el grupo vocal \u00abCantares\u00bb durante diez a\u00f1os, con el cual ofreci\u00f3 m\u00e1s de 600 conciertos did\u00e1cticos sobre la historia de la m\u00fasica, tambi\u00e9n form\u00f3 parte del grupo \u00abGente de Canto\u00bb, fue m\u00fasico estable de Cuti y Roberto Carabajal durante ocho a\u00f1os.<\/span><br \/>\n<span style=\"font-size:xx-small;\">Lucila G\u00f3mez es pianista, arregladora y compositora, integr\u00f3 durante seis a\u00f1os la formaci\u00f3n \u00abCeleste y Blanco\u00bb, dedic\u00e1ndose exclusivamente a la ejecuci\u00f3n de danzas folkl\u00f3ricas argentinas, tradicionales, originales y de proyecci\u00f3n, sumando entre ellas un repertorio de m\u00e1s de 350 danzas.<\/span><br \/>\n<span style=\"font-size:xx-small;\">La Vuelta transmite la extensa cultura de su pa\u00eds, sus costumbres, autores, su historia, h\u00e9roes, mitos, leyendas, regionalismos e idiosincrasias a trav\u00e9s de la m\u00fasica folkl\u00f3rica argentina.<\/span><\/p>\n","protected":false},"excerpt":{"rendered":"<p>Este domingo 8 de julio desde las 20 hs,\u00a0Pilar Point,\u00a0el shopping del centro para todos, celebra el D\u00eda de la [&hellip;]<\/p>\n","protected":false},"author":2,"featured_media":0,"comment_status":"open","ping_status":"open","sticky":false,"template":"","format":"standard","meta":[],"categories":[2],"tags":[],"_links":{"self":[{"href":"https:\/\/quasarcomunicacion.com.ar\/web\/wp-json\/wp\/v2\/posts\/590"}],"collection":[{"href":"https:\/\/quasarcomunicacion.com.ar\/web\/wp-json\/wp\/v2\/posts"}],"about":[{"href":"https:\/\/quasarcomunicacion.com.ar\/web\/wp-json\/wp\/v2\/types\/post"}],"author":[{"embeddable":true,"href":"https:\/\/quasarcomunicacion.com.ar\/web\/wp-json\/wp\/v2\/users\/2"}],"replies":[{"embeddable":true,"href":"https:\/\/quasarcomunicacion.com.ar\/web\/wp-json\/wp\/v2\/comments?post=590"}],"version-history":[{"count":0,"href":"https:\/\/quasarcomunicacion.com.ar\/web\/wp-json\/wp\/v2\/posts\/590\/revisions"}],"wp:attachment":[{"href":"https:\/\/quasarcomunicacion.com.ar\/web\/wp-json\/wp\/v2\/media?parent=590"}],"wp:term":[{"taxonomy":"category","embeddable":true,"href":"https:\/\/quasarcomunicacion.com.ar\/web\/wp-json\/wp\/v2\/categories?post=590"},{"taxonomy":"post_tag","embeddable":true,"href":"https:\/\/quasarcomunicacion.com.ar\/web\/wp-json\/wp\/v2\/tags?post=590"}],"curies":[{"name":"wp","href":"https:\/\/api.w.org\/{rel}","templated":true}]}}