{"id":5899,"date":"2015-04-14T13:34:41","date_gmt":"2015-04-14T16:34:41","guid":{"rendered":"https:\/\/quasarcomunicacion.com.ar\/web\/?p=5899"},"modified":"2015-04-14T13:34:41","modified_gmt":"2015-04-14T16:34:41","slug":"comienzan-las-sesiones-de-terapia-emprendedora","status":"publish","type":"post","link":"https:\/\/quasarcomunicacion.com.ar\/web\/comienzan-las-sesiones-de-terapia-emprendedora\/","title":{"rendered":"Comienzan las sesiones de Terapia Emprendedora"},"content":{"rendered":"<p style=\"text-align: left;\" align=\"center\"><span style=\"font-family: Verdana; font-size: small;\">El ciclo de <b>Desayunos para Emprendedores<\/b> organizado por <b>Emprender Hoy<\/b> continuar\u00e1 el pr\u00f3ximo jueves 16 de abril a las 9 hs con el <b> Desayuno + Terapia Emprendedora <\/b>en el bar Bhuda de la Galer\u00eda Site Zen (Chubut 45 a pocos metros de Village Pilar, altura Km 50 de <\/span><span style=\"font-family: Verdana; font-size: small;\">ruta Panamericana). M\u00e1s info en <a href=\"http:\/\/www.emprenderhoy.com.ar\/terapia.html\"> www.emprenderhoy.com.ar\/terapia.html<\/a><\/span><strong> <\/strong><\/p>\n<p><span style=\"font-family: Verdana; font-size: small;\">La inversi\u00f3n para participar de la sesi\u00f3n es de solo 100 pesos por persona. Cada sesi\u00f3n tiene una duraci\u00f3n de 2 horas e incluye el desayuno + networking + terapia + intercambio de productos al final del encuentro.<!--more--><\/span><br \/>\n<a href=\"https:\/\/quasarcomunicacion.com.ar\/web\/wp-content\/uploads\/2015\/04\/terapia2.gif\"><img class=\"aligncenter\" alt=\"terapia2\" src=\"https:\/\/quasarcomunicacion.com.ar\/web\/wp-content\/uploads\/2015\/04\/terapia2.gif\" \/><\/a><br \/>\n<span style=\"font-family: Verdana; font-size: small;\">La Terapia Emprendedora es un nuevo servicio que pone a disposici\u00f3n Emprender HOY para generar un lugar de \u201cdescarga\u201d para los emprendedores. <\/span><br \/>\n<span style=\"font-family: Verdana; font-size: small;\">La idea es que compartir experiencias, problemas y soluciones para lograr, en grupo, superar los obst\u00e1culos y disfrutar de las alegr\u00edas de la dif\u00edcil y apasionante tarea de emprender.<\/span><br \/>\n<span style=\"font-family: Verdana; font-size: small;\">De esta manera, ya se anunci\u00f3 que se organizar\u00e1n desayunos con el servicio de terapia, coordinados por un profesional que conducir\u00e1 a los asistentes a resolver sus conflictos a la hora de emprender. La sesi\u00f3n est\u00e1 abierta para todos los emprendedores que deseen sumarse.<\/span><br \/>\n<span style=\"font-family: Verdana; font-size: small;\">Quienes deseen participar de este desayuno + networking + terapia emprendedora podr\u00e1n ingresar en la web <a href=\"http:\/\/www.emprenderhoy.com.ar\/\"> www.emprenderhoy.com.ar<\/a> y completar el formulario de inscripci\u00f3n o bien enviar sus datos a <a href=\"mailto:info@emprenderhoy.com.ar\"> info@emprenderhoy.com.ar<\/a>. <\/span> La inversi\u00f3n para participar de esta actividad es de $ 100 abonando antes del 13 de abril y de 150 luego de esa fecha dependiendo de la disponibilidad de entradas (se abona en las oficinas o por dep\u00f3sito o transferencia bancaria).<br \/>\n<b><span style=\"font-family: Verdana; font-size: small;\">Acerca de Emprender HOY<\/span><\/b><br \/>\n<span style=\"font-family: Verdana; font-size: small;\"><b> Emprender HOY <\/b>es un espacio para todos los emprendedores que se materializa en diversos eventos como ferias, encuentros, capacitaciones, espacios de networking, entre otros. La raz\u00f3n de ser, la misi\u00f3n, de <b>Emprender HOY<\/b> es proporcionar al sector Emprendedor herramientas y conocimientos que le permitan desarrollar su propio emprendimiento e incorporar competencias que deriven en su mejora continua. <\/span><br \/>\n<span style=\"font-family: Verdana; font-size: small;\"><b>Emprender HOY<\/b> busca fomentar el autoempleo y la sustentabilidad de los proyectos contribuyendo a la generaci\u00f3n de valor econ\u00f3mico en la sociedad. Noticias, presentaciones de productos y servicios, capacitaciones, promociones, descuentos, herramientas <\/span><br \/>\n<span style=\"font-family: Verdana; font-size: small;\"><b>Emprender HOY<\/b> es un canal de comunicaci\u00f3n entre los emprendedores y entre las instituciones y organismos dedicados a ellos<\/span><br \/>\n<b><span style=\"font-family: Verdana; font-size: small;\">Acerca de Pilar Emprende by Emprender HOY <\/span><\/b><br \/>\n<span style=\"font-family: Verdana; font-size: small;\"><b> Pilar Emprende<\/b> surge a partir del trabajo de <b>Emprender HOY <\/b>buscando otorgarle valor a los proyectos de emprendedores de la zona, acompa\u00f1arlos en su puesta en marcha y disfrutar de los objetivos cumplidos <\/span><br \/>\n<span style=\"font-family: Verdana; font-size: small;\">Por eso, brindan herramientas, networking, capacitaciones, tips, noticias, consultor\u00eda y todo lo que necesita el emprendedor para crecer y ampliar el ecosistema emprendedor. <\/span><br \/>\n<span style=\"font-family: Verdana; font-size: small;\"><b>Pilar Emprende<\/b> es un espacio pensado por emprendedores para los emprendedores de Pilar que junto a <b>Emprender HOY<\/b> le brindan oportunidades para crecer con su proyecto<\/span><\/p>\n<p align=\"right\"><span style=\"font-size: small;\"><b><i><span style=\"font-family: Arial;\">Por otras im\u00e1genes, audios o entrevistas no dude en contactarse<\/span><\/i><\/b><\/span><\/p>\n<p align=\"right\"><strong> <span style=\"color: #ff0000; font-family: Arial; font-size: small;\">Candela Villanueva<br \/>\n<\/span><\/strong> <span style=\"font-size: medium;\"><strong> <span style=\"color: #808080; font-family: Arial; font-size: small;\"> Qu\u00e1sar Comunicaci\u00f3n<br \/>\n<\/span> <\/strong><\/span> <span style=\"font-size: xx-small;\"><span style=\"color: #ff0000;\"> Directo<\/span><b>: <\/b> 0230<\/span><span style=\"font-size: xx-small;\">-4664772<\/span><span style=\"font-size: xx-small;\"><br \/>\n<\/span><span style=\"font-size: xx-small;\"> <span style=\"color: #ff0000;\">M\u00f3vil:<\/span><b> <\/b> 0230<\/span><span style=\"font-size: xx-small;\">-15-4584535<br \/>\n011-15-6096-4656 ID 558*3763<br \/>\n<\/span><span style=\"color: #ff0000; font-size: xx-small;\"> Skype:<\/span><span style=\"font-size: xx-small;\"> quasarcomunicacion<br \/>\n<\/span><span style=\"color: #ff0000; font-size: xx-small;\"> Twitter:<\/span><span style=\"font-size: xx-small;\"> @quasarpilar<br \/>\n<\/span><span style=\"color: #ff0000; font-size: xx-small;\"> Gr<\/span><span style=\"color: #ff0000; font-size: xx-small;\">upo y p\u00e1gina en Facebook: <\/span> <span style=\"color: #808080; font-size: xx-small;\">www.facebook.com\/<\/span><a href=\"mailto:mfipata@gmail.com\"><span style=\"font-size: xx-small;\">Quasar<\/span><\/a><span style=\"font-size: xx-small;\">Comunicacion<br \/>\n<\/span><span style=\"font-size: xx-small;\"> <span style=\"color: #ff0000;\">LinkedIn<\/span><b>: <\/b><\/span> <a title=\"Ver perfil p\u00fablico\" href=\"http:\/\/ar.linkedin.com\/pub\/mar%C3%83%C2%AD-a-fernanda-ipata\/a\/293\/212\"> <span style=\"font-size: xx-small;\"> http:\/\/ar.linkedin.com\/pub\/mar%C3%AD-a-fernanda-ipata\/a\/293\/212<\/span><\/a><span style=\"font-size: xx-small;\"><br \/>\n<\/span><span style=\"color: #ff0000; font-size: xx-small;\"> Web:<\/span><b><\/b> <a href=\"http:\/\/www.quasarcomunicacion.com.ar\/\"> <span style=\"font-size: xx-small;\">www.quasarcomunicacion.com.ar<\/span><\/a><span style=\"font-size: xx-small;\"><br \/>\n<\/span><span style=\"font-size: xx-small;\"> <span style=\"color: #ff0000;\">Mail<\/span><b>:<\/b><\/span><span style=\"font-size: xx-small;\"> asistente@quasarcomunicacion.com.ar<\/span><\/p>\n","protected":false},"excerpt":{"rendered":"<p>El ciclo de Desayunos para Emprendedores organizado por Emprender Hoy continuar\u00e1 el pr\u00f3ximo jueves 16 de abril a las 9 [&hellip;]<\/p>\n","protected":false},"author":2,"featured_media":5900,"comment_status":"open","ping_status":"open","sticky":false,"template":"","format":"standard","meta":[],"categories":[2],"tags":[],"_links":{"self":[{"href":"https:\/\/quasarcomunicacion.com.ar\/web\/wp-json\/wp\/v2\/posts\/5899"}],"collection":[{"href":"https:\/\/quasarcomunicacion.com.ar\/web\/wp-json\/wp\/v2\/posts"}],"about":[{"href":"https:\/\/quasarcomunicacion.com.ar\/web\/wp-json\/wp\/v2\/types\/post"}],"author":[{"embeddable":true,"href":"https:\/\/quasarcomunicacion.com.ar\/web\/wp-json\/wp\/v2\/users\/2"}],"replies":[{"embeddable":true,"href":"https:\/\/quasarcomunicacion.com.ar\/web\/wp-json\/wp\/v2\/comments?post=5899"}],"version-history":[{"count":0,"href":"https:\/\/quasarcomunicacion.com.ar\/web\/wp-json\/wp\/v2\/posts\/5899\/revisions"}],"wp:featuredmedia":[{"embeddable":true,"href":"https:\/\/quasarcomunicacion.com.ar\/web\/wp-json\/wp\/v2\/media\/5900"}],"wp:attachment":[{"href":"https:\/\/quasarcomunicacion.com.ar\/web\/wp-json\/wp\/v2\/media?parent=5899"}],"wp:term":[{"taxonomy":"category","embeddable":true,"href":"https:\/\/quasarcomunicacion.com.ar\/web\/wp-json\/wp\/v2\/categories?post=5899"},{"taxonomy":"post_tag","embeddable":true,"href":"https:\/\/quasarcomunicacion.com.ar\/web\/wp-json\/wp\/v2\/tags?post=5899"}],"curies":[{"name":"wp","href":"https:\/\/api.w.org\/{rel}","templated":true}]}}