{"id":588,"date":"2012-07-04T21:19:14","date_gmt":"2012-07-04T21:19:14","guid":{"rendered":"http:\/\/quasarcomunicacion.wordpress.com\/?p=588"},"modified":"2012-07-04T21:19:14","modified_gmt":"2012-07-04T21:19:14","slug":"industria-nacional-se-presenta-en-dolce-koncert","status":"publish","type":"post","link":"https:\/\/quasarcomunicacion.com.ar\/web\/industria-nacional-se-presenta-en-dolce-koncert\/","title":{"rendered":"Industria Nacional se presenta en Dolce Koncert"},"content":{"rendered":"<p style=\"text-align:left;\" align=\"center\"><span style=\"font-size:small;\">Dolce Kaf\u00e9, en el marco del exitoso\u00a0<\/span><strong>Ciclo Dolce Koncert<\/strong><span style=\"font-size:small;\">, presenta el pr\u00f3ximo viernes 13 de julio a las 22 hs a\u00a0 Industria Nacional en\u00a0<\/span><strong>Pilar Point<\/strong><span style=\"font-size:small;\">\u00a0(Estanislao L\u00f3pez 538 esquina Ituzaing\u00f3, Pilar).<!--more--><\/span><\/p>\n<p><img loading=\"lazy\" src=\"http:\/\/www.quasarcomunicacion.com.ar\/pilarpoint\/2012\/industria1.gif\" alt=\"\" width=\"500\" height=\"332\" \/><br \/>\n<span style=\"font-size:small;\">De esta forma, Dolce Kaf\u00e9 invita a disfrutar de los hits de la d\u00e9cada del 70 compartiendo temas como \u00abUn d\u00eda de paseo en Santa F\u00e9, La tarde que te am\u00e9, Es preferible re\u00edr que llorar, y mucho m\u00e1s a todo ritmo.<\/span><br \/>\n<span style=\"font-size:small;\">Reservas anticipadas al\u00a0\u00a0<img src=\"\/\/lifbcibllhkdhoafpjfnlhfpfgnpldfl\/numbers_button_skype_logo.png\" alt=\"\" \/>0230-4664666\u00a0\/ 4374040 \u00f3 011-15-6093-6661. Lugares limitados<\/span><br \/>\n<span style=\"font-size:small;\">La opci\u00f3n incluye derecho al show + pizza libre a 70 pesos, la bebida se abona aparte. Estacionamiento y seguridad sin cargo<\/span><br \/>\n<span style=\"font-size:small;\">Todas las novedades de\u00a0<strong>Pilar Point<\/strong>\u00a0en\u00a0<a href=\"http:\/\/www.facebook.com\/pilarpoint\">www.facebook.com\/pilarpoint<\/a><\/span><br \/>\n<span style=\"font-size:small;\">M\u00e1s informaci\u00f3n escribiendo a\u00a0<a href=\"mailto:info@pilarpoint.com.ar\">info@pilarpoint.com.ar<\/a>\u00a0o llamando al\u00a0\u00a0<img src=\"\/\/lifbcibllhkdhoafpjfnlhfpfgnpldfl\/numbers_button_skype_logo.png\" alt=\"\" \/>0230-4664700.<\/span><br \/>\n<img loading=\"lazy\" src=\"http:\/\/www.quasarcomunicacion.com.ar\/pilarpoint\/2012\/industria.gif\" alt=\"\" width=\"500\" height=\"706\" \/><br \/>\n<span style=\"font-size:small;\">Acerca de Industria Nacional<\/span><br \/>\n<span style=\"font-size:xx-small;\">Industria Nacional es un grupo de amigos, unidos por la m\u00fasica y por valores compartidos. Est\u00e1 integrado por Pedro Markowicz, Mario Cukier, \u00abMito\u00bb Ramisch y Fernando Brom (ex Industria pero siempre Industria).<\/span><br \/>\n<span style=\"font-size:xx-small;\">Su m\u00fasica tiene los ritmos y sonidos que desde los sesenta los han unido.<br \/>\nAs\u00ed nacieron para siempre:<br \/>\nLa frescura de\u00bb Un d\u00eda de Paseo en Santa Fe\u00bb,<br \/>\nLa pasi\u00f3n de \u00bb La tarde que te am\u00e9\u00bb,<br \/>\nLa fantas\u00eda de\u00bb Lo que toco lo convierto en oro\u00bb,<br \/>\nEl relax de\u2026\u00bb Relax\u00bb<br \/>\nEl sentimiento de \u00abPor eso somos amigos\u00bb<\/span><br \/>\n<span style=\"font-size:xx-small;\">Y muchas canciones m\u00e1s que marcaron su camino.<\/span><br \/>\n<span style=\"font-size:xx-small;\">Industria Nacional naci\u00f3 el 21 de septiembre de 1969 con una canci\u00f3n que hoy sigue teniendo difusi\u00f3n en toda Am\u00e9rica Latina: Un d\u00eda de paseo en Santa F\u00e9.<br \/>\nEl grupo fue uno de los precursores del beat mel\u00f3dico argentino. Sus canciones nunca dejaron de cantarse y siempre fueron adapt\u00e1ndose a los tiempos que ven\u00edan.<\/span><br \/>\n<span style=\"font-size:xx-small;\">Hoy en d\u00eda, habiendo transcurrido m\u00e1s de 30 a\u00f1os desde el nacimiento del grupo, su repertorio se escucha permanentemente en varios pa\u00edses del mundo, y continuamente sus canciones son inclu\u00eddas en nuevos compilados que se producen.<\/span><br \/>\n<span style=\"font-size:xx-small;\">Contra todas las tendencias \u00abfashion\u00bb y los cambios musicales, Industria Nacional siempre conserv\u00f3 su estilo musical y su presencia en el escenario. Sus integrantes siempre se presentaron en sus shows con saco y corbata- ya que consideraban que la corbata es el pasaporte que abre las puertas del mundo&#8230;y no se equivocaron.<\/span><br \/>\n<span style=\"font-size:xx-small;\">En 1970 se grab\u00f3 Hurra para la banda de Industria Nacional un Long Play hist\u00f3rico con arreglos del \u00abChango\u00bb Far\u00edas Gomez. Luego vinieron \u00e9xitos importantes como Guatemala que chica tan mala, Esa chica que me sabe amar. Finalmente el \u00absuperhit\u00bb: La tarde que te am\u00e9. Este tema arras\u00f3 con todos los rankings latinoamericanos (1972) y le permiti\u00f3 al grupo realizar giras por Am\u00e9rica. Despu\u00e9s vinieron otros discos importantes como Noche a noche d\u00eda a d\u00eda, Por t\u00ed una vez m\u00e1s, La due\u00f1a de mi coraz\u00f3n y otros temas que asentaron el \u00abestilo Industria\u00bb que adem\u00e1s gust\u00f3 en todas las clases sociales. En 1975 otro exitazo: se hizo una remake \u00abonda disco\u00bb de La luna y el toro el cl\u00e1sico espa\u00f1ol. Siguiendo las secuelas de ese tema, inmediatamente despu\u00e9s se grab\u00f3 El relicario.<\/span><br \/>\n<span style=\"font-size:xx-small;\">Industria Nacional siempre cant\u00f3 en los lugares m\u00e1s diversos: la c\u00e1rcel de Devoto, comedores populares preparados bajo tiendas en el medio del campo, en Mau Mau, Bwana, Afrika y en las fiestas de las empresas m\u00e1s importantes del pa\u00eds. Con su m\u00fasica hicieron y siguen haciendo felices a much\u00edsima gente; todos se emocionan much\u00edsimo al ver su show: los mayorcitos porque recuerdan m\u00e1s de 30 a\u00f1os vividos acompa\u00f1ados de su m\u00fasica; los juniors, porque disfrutan en vivo y en directo la m\u00fasica y las vivencias transmitidas a trav\u00e9s de sus padres u hermanos mayores.<\/span><br \/>\n<span style=\"font-size:xx-small;\">En 1994, 3 integrantes originales de los 70\u2019, Pedro Markowicz, Mario Cukier y Guillermo Ramisch, deciden dedicarse m\u00e1s al grupo. Empiezan a realizar muchos shows, muchos de ellos a beneficio de instituciones protectoras de chicos carenciados, hasta que en en 1996 graban su primer CD, SELECCION, acompa\u00f1ados por artistas famosos de los 60\u2019 y 70\u2019: B\u00e1rbara y Dick, Cris Manzano(grupo Safari), Cesar Banana Pueyrred\u00f3n, \u00abQuique Villanueva\u00bb y Manuela Bravo. Este CD contiene parte del repertorio beat m\u00e1s importante de los 70. Comenzaron nuevamente las giras internacionales y un nuevo desafi\u00f3 vino a la mente de sus integrantes: un nuevo CD pero \u00e9sta vez con canciones in\u00e9ditas. As\u00ed nace INDUSTRIA NACIONAL DE LA CANCION ( 2003) con 12 canciones in\u00e9ditas y la reedici\u00f3n de La tarde que te am\u00e9, m\u00e1s abolerada y Un d\u00eda de paseo en Santa F\u00e9 estilo disco. En \u00e9ste a\u00f1o tienen proyectado desembarcar en Am\u00e9rica Central, M\u00e9jico, Estados Unidos y Espa\u00f1a.<\/span><\/p>\n","protected":false},"excerpt":{"rendered":"<p>Dolce Kaf\u00e9, en el marco del exitoso\u00a0Ciclo Dolce Koncert, presenta el pr\u00f3ximo viernes 13 de julio a las 22 hs [&hellip;]<\/p>\n","protected":false},"author":2,"featured_media":0,"comment_status":"open","ping_status":"open","sticky":false,"template":"","format":"standard","meta":[],"categories":[2],"tags":[],"_links":{"self":[{"href":"https:\/\/quasarcomunicacion.com.ar\/web\/wp-json\/wp\/v2\/posts\/588"}],"collection":[{"href":"https:\/\/quasarcomunicacion.com.ar\/web\/wp-json\/wp\/v2\/posts"}],"about":[{"href":"https:\/\/quasarcomunicacion.com.ar\/web\/wp-json\/wp\/v2\/types\/post"}],"author":[{"embeddable":true,"href":"https:\/\/quasarcomunicacion.com.ar\/web\/wp-json\/wp\/v2\/users\/2"}],"replies":[{"embeddable":true,"href":"https:\/\/quasarcomunicacion.com.ar\/web\/wp-json\/wp\/v2\/comments?post=588"}],"version-history":[{"count":0,"href":"https:\/\/quasarcomunicacion.com.ar\/web\/wp-json\/wp\/v2\/posts\/588\/revisions"}],"wp:attachment":[{"href":"https:\/\/quasarcomunicacion.com.ar\/web\/wp-json\/wp\/v2\/media?parent=588"}],"wp:term":[{"taxonomy":"category","embeddable":true,"href":"https:\/\/quasarcomunicacion.com.ar\/web\/wp-json\/wp\/v2\/categories?post=588"},{"taxonomy":"post_tag","embeddable":true,"href":"https:\/\/quasarcomunicacion.com.ar\/web\/wp-json\/wp\/v2\/tags?post=588"}],"curies":[{"name":"wp","href":"https:\/\/api.w.org\/{rel}","templated":true}]}}