{"id":5778,"date":"2015-03-19T14:53:09","date_gmt":"2015-03-19T17:53:09","guid":{"rendered":"https:\/\/quasarcomunicacion.com.ar\/web\/?p=5778"},"modified":"2015-03-19T14:53:09","modified_gmt":"2015-03-19T17:53:09","slug":"los-premiados-en-estilo-pilar-2015","status":"publish","type":"post","link":"https:\/\/quasarcomunicacion.com.ar\/web\/los-premiados-en-estilo-pilar-2015\/","title":{"rendered":"Los premiados en Estilo Pilar 2015"},"content":{"rendered":"<p><span style=\"text-decoration: underline;\">PAISAJISMO:<\/span><br \/>\n<b>\u00a0\u00a0Premio \u201cEstilo Pilar 2015 al dise\u00f1o del paisaje\u201d<\/b><br \/>\n<b>\u00a0<\/b>\u00a0 \u00a0 \u00a0 \u00a0 \u00a0 \u00a0 \u00a0<span style=\"text-decoration: underline;\">CATEGOR\u00cdA TERRAZAS<\/span><br \/>\nGANADOR \u00a0espacio T4 de Rosalba Rudd y Paula Lebrero<br \/>\n1\u00aa MENCI\u00d3N: \u00a0GANADOR\u00a0\u00a0 espacio T7 de Grace Palma<br \/>\n2\u00ba MENCI\u00d3N: \u00a0GANADOR\u00a0\u00a0 espacio T5 de Valeria Rohrer<br \/>\n&nbsp;<br \/>\n<span style=\"text-decoration: underline;\">CATEGOR\u00cdA JARDINES<\/span><br \/>\nGANADOR espacio J 12 de Luc\u00eda Schiappapietra<br \/>\n1\u00ba MENCI\u00d3N: GANADOR espacio J 10 del Estudio Stewart Murray<br \/>\n<b>\u00a0 \u00a0 \u00a0 \u00a0 \u00a0<\/b><br \/>\n<b>\u00a0\u00a0\u00a0\u00a0\u00a0\u00a0\u00a0 <\/b><b><span style=\"text-decoration: underline;\">PREMIOS SPONSOR PAISAJISMO<\/span><\/b><b><\/b><br \/>\n<b>\u00a0 \u00a0 \u00a0 \u00a0<\/b><b>\u00a0 \u00a0 \u00a0 \u00a0 Premio \u201c Revista Jard\u00edn\u201d<\/b><br \/>\n<b>\u00a0 <\/b><span style=\"text-decoration: underline;\">CATEGOR\u00cdA TERRAZA<\/span><br \/>\nGANADOR: espacio T7 de Grace Palma<br \/>\n<span style=\"text-decoration: underline;\">CATEGOR\u00cdA JARDIN<\/span><br \/>\nGANADOR: espacio J 10 del Estudio Stewart Murray<br \/>\n<span style=\"text-decoration: underline;\">\u00a0<\/span><br \/>\n<span style=\"text-decoration: underline;\">DECORACI\u00d3N<\/span><br \/>\n<b>Premio \u201cEstilo Pilar 2015 a la mejor definici\u00f3n del Estilo\u201d<\/b><br \/>\n<span style=\"text-decoration: underline;\">\u00a0GANADOR<\/span>:\u00a0\u00a0 Espacio B 105 de Isabel y Magdalena Caminal<br \/>\n<span style=\"text-decoration: underline;\">MENCI\u00d3N ESPECIAL<\/span>:\u00a0 Espacio A 06 de Celina Azpiroz Ach\u00e1val<br \/>\n<b>Premio\u00a0 \u201c Showroom Estilo Pilar 2015, Mejor ambientaci\u00f3n\u201d \u00a0 \u00a0<\/b><br \/>\n<b>\u00a0<\/b><b>\u00a0<\/b>\u00a0\u00a0\u00a0\u00a0\u00a0\u00a0\u00a0\u00a0\u00a0 <span style=\"text-decoration: underline;\">\u00a0GANADOR<\/span>:\u00a0\u00a0 Espacio A 203 de Hands Off de Mariana Vigliercho y Federico Ciccone<br \/>\n<b>Premio \u201c Comisi\u00f3n Directiva ADP Viv\u00ed tu sue\u00f1o\u201d <\/b><br \/>\n<b>\u00a0<\/b><span style=\"text-decoration: underline;\">\u00a0GANADOR<\/span>:\u00a0 Espacio A 102 Carolina Fogel<br \/>\nMENCI\u00d3N ESPECIAL: Espacio B 103 Toledo \u2013 Trono &#8211; Carmona<br \/>\n&nbsp;<br \/>\n<b><span style=\"text-decoration: underline;\">PREMIOS SPONSORS DECORACI\u00d3N<\/span><\/b><br \/>\n<b>Premio \u201cDARA, al mejor dise\u00f1o interior\u201d<\/b><br \/>\n<span style=\"text-decoration: underline;\">\u00a0GANADOR<\/span>:\u00a0\u00a0 Espacio B 203 de Ornamenta Interiores de Sandy Cairncross<br \/>\n<span style=\"text-decoration: underline;\">MENCI\u00d3N ESPECIAL<\/span>:\u00a0 Espacio B 202 de Rodolfo Carretero<br \/>\n<b>\u00a0 \u00a0 \u00a0 \u00a0 \u00a0<\/b>\u00a0<b>Premio \u201cCOLOR\u00cdN, al mejor uso del color\u201d<\/b><br \/>\n<b>\u00a0<\/b><b>\u00a0 \u00a0 \u00a0 \u00a0\u00a0<\/b><span style=\"text-decoration: underline;\">\u00a0GANADOR<\/span>:\u00a0\u00a0 Espacio B 203 de Ornamenta Interiores de Sandy Cairncross<br \/>\n<span style=\"text-decoration: underline;\">MENCI\u00d3N ESPECIAL<\/span>:\u00a0 Espacio B 201 del Estudio Bar\u00e1n de Andrea Gaiad y B\u00e1rbara Korger<br \/>\n<b>Premio \u201cLIVING, a las mejores ideas\u201d<\/b><br \/>\n<span style=\"text-decoration: underline;\">\u00a0GANADOR<\/span>:\u00a0\u00a0 Espacio B 204 de Grace Devecyan<br \/>\n<span style=\"text-decoration: underline;\">MENCI\u00d3N ESPECIAL<\/span>:\u00a0 Espacio B 103 Talleres Sustentables de Rodrigo Matta<br \/>\n&nbsp;<br \/>\n<span style=\"text-decoration: underline;\">ARTE <\/span><br \/>\n1 er PREMIO: Mario Vidal Lozano<br \/>\n2\u00ba PREMIO: Sebasti\u00e1n Masegosa<br \/>\n1\u00aa MENCI\u00d3N: Anal\u00eda Visicchio<br \/>\n2\u00aa MENCI\u00d3N: Cecilia Lede<br \/>\n3\u00aa MENCI\u00d3N: Angeles Pujol<br \/>\n<span style=\"text-decoration: underline;\">\u00a0PASEO DE COMPRAS<\/span><br \/>\n<b>\u00a0PREMIO Stand destacado<\/b><br \/>\n1\u00ba PREMIO:Espacio n\u00ba 28 La Marque Vintage, de Marina Pouyte y Cata Monti<br \/>\n1\u00aa MENCI\u00d3N: Espacio n\u00ba 30 Genaba Home, de Mariana Rizzuto<br \/>\n2\u00aa MENCI\u00d3N: Espacio n\u00ba 18 Indelec Iluminaci\u00f3n, de Pepe y Josefina Loureiro<br \/>\n&nbsp;<br \/>\n<b>\u00a0<\/b><br \/>\n&nbsp;<br \/>\n&nbsp;<br \/>\n&nbsp;<br \/>\n&nbsp;<br \/>\n<b>\u00a0<\/b><br \/>\n&nbsp;<br \/>\n&nbsp;<br \/>\n&nbsp;<br \/>\n&nbsp;<\/p>\n","protected":false},"excerpt":{"rendered":"<p>PAISAJISMO: \u00a0\u00a0Premio \u201cEstilo Pilar 2015 al dise\u00f1o del paisaje\u201d \u00a0\u00a0 \u00a0 \u00a0 \u00a0 \u00a0 \u00a0 \u00a0CATEGOR\u00cdA TERRAZAS GANADOR \u00a0espacio T4 [&hellip;]<\/p>\n","protected":false},"author":2,"featured_media":0,"comment_status":"open","ping_status":"open","sticky":false,"template":"","format":"standard","meta":[],"categories":[34],"tags":[],"_links":{"self":[{"href":"https:\/\/quasarcomunicacion.com.ar\/web\/wp-json\/wp\/v2\/posts\/5778"}],"collection":[{"href":"https:\/\/quasarcomunicacion.com.ar\/web\/wp-json\/wp\/v2\/posts"}],"about":[{"href":"https:\/\/quasarcomunicacion.com.ar\/web\/wp-json\/wp\/v2\/types\/post"}],"author":[{"embeddable":true,"href":"https:\/\/quasarcomunicacion.com.ar\/web\/wp-json\/wp\/v2\/users\/2"}],"replies":[{"embeddable":true,"href":"https:\/\/quasarcomunicacion.com.ar\/web\/wp-json\/wp\/v2\/comments?post=5778"}],"version-history":[{"count":0,"href":"https:\/\/quasarcomunicacion.com.ar\/web\/wp-json\/wp\/v2\/posts\/5778\/revisions"}],"wp:attachment":[{"href":"https:\/\/quasarcomunicacion.com.ar\/web\/wp-json\/wp\/v2\/media?parent=5778"}],"wp:term":[{"taxonomy":"category","embeddable":true,"href":"https:\/\/quasarcomunicacion.com.ar\/web\/wp-json\/wp\/v2\/categories?post=5778"},{"taxonomy":"post_tag","embeddable":true,"href":"https:\/\/quasarcomunicacion.com.ar\/web\/wp-json\/wp\/v2\/tags?post=5778"}],"curies":[{"name":"wp","href":"https:\/\/api.w.org\/{rel}","templated":true}]}}