{"id":5677,"date":"2015-02-27T17:31:59","date_gmt":"2015-02-27T20:31:59","guid":{"rendered":"https:\/\/quasarcomunicacion.com.ar\/web\/?p=5677"},"modified":"2015-02-27T17:31:59","modified_gmt":"2015-02-27T20:31:59","slug":"jueves-53-presentan-el-libro-yo-soy-los-otros-en-libreria-el-ateneo","status":"publish","type":"post","link":"https:\/\/quasarcomunicacion.com.ar\/web\/jueves-53-presentan-el-libro-yo-soy-los-otros-en-libreria-el-ateneo\/","title":{"rendered":"Jueves 5\/3: Presentan el libro \u201cYo soy los otros\u201d, en Librer\u00eda El Ateneo"},"content":{"rendered":"<p style=\"text-align: left;\" align=\"center\"><span style=\"font-family: Verdana; font-size: small;\"><a href=\"https:\/\/quasarcomunicacion.com.ar\/web\/wp-content\/uploads\/2015\/02\/guillermo15.gif\"><img class=\"alignright\" alt=\"guillermo15\" src=\"https:\/\/quasarcomunicacion.com.ar\/web\/wp-content\/uploads\/2015\/02\/guillermo15.gif\" \/><\/a>El <\/span> <span style=\"font-size: small;\">periodista, ingeniero, counselor y escritor Guillermo Garc\u00eda Arias, <\/span> <span style=\"font-family: Verdana; font-size: small;\"> presenta su quinto libro: <b>\u201cYo soy los otros\u201d<\/b>, el pr\u00f3ximo jueves 5 de marzo a las 19 hs en Librer\u00eda El Ateneo Grand Splendid, ubicada en Avenida Santa Fe 1860 (Capital Federal).<!--more--><\/span><\/p>\n<p><span style=\"font-family: Verdana; font-size: small;\">En su libro <b>\u201cYo soy los otros\u201d<\/b>, Guillermo Garc\u00eda Arias comparte las riquezas que encuentra en cada uno de sus viajes interiores, y una vez m\u00e1s, contin\u00faa abriendo puertas y \u201cconstruyendo la red que nos abraza a todos y a cada uno.<br \/>\nLa mirada existencial se profundiza en esta obra y, junto a ella, el convencimiento creciente en la construcci\u00f3n individual que cada uno tiene disponible para s\u00ed, y en conjunto para con los dem\u00e1s.<\/span><br \/>\n<span style=\"font-family: Verdana; font-size: small;\">Este es el quinto libro de Garc\u00eda Arias de su colecci\u00f3n Botiqu\u00edn Espiritual que ya tiene en las librer\u00edas los t\u00edtulos \u00abHacer el Amor con la Vida\u00bb, \u00abLifting Espiritual\u00bb, \u00abBotiqu\u00edn Espiritual\u00bb y \u00abLa Salida Interior.<\/span><br \/>\n<span style=\"font-family: Verdana; font-size: small;\">Un nuevo desaf\u00edo que nos propone la aventura fenomenol\u00f3gica de creer que las vidas humanas se construyen y elaboran d\u00eda a d\u00eda, minuto a minuto, cuando la f\u00e9rrea decisi\u00f3n de hacerlo se enarbola sobre la motivaci\u00f3n del hombre.<\/span><br \/>\n<span style=\"font-family: Verdana; font-size: small;\">El autor nos abriga con su trabajo, ofreciendo el \u00fanico calor que emanan sus palabras pre\u00f1adas de sentido y ofrecidas a la trascendencia.<\/span><br \/>\n<span style=\"font-family: Verdana; font-size: small;\">Este sendero nuevo que, con tono de celebraci\u00f3n se extiende desde las p\u00e1ginas al lector, constituir\u00e1, sin dudas, el crecimiento de la riqueza necesaria para caminarlo y transitarlo.\u201d Indica la rese\u00f1a del libro.<\/span><br \/>\n<span style=\"font-family: Verdana; font-size: small;\">Garc\u00eda Arias es ingeniero y counselor, adem\u00e1s de Director General del primer Instituto Oficial de Counseling de la Argentina: Holos, el cual recientemente abri\u00f3 las puertas de su nueva sede en Pilar (ubicada en Chubut 226, a dos cuadras de Village Pilar) y que brinda la carrera oficial de Counseling junto con diversos posgrados. <\/span><br \/>\n<span style=\"font-family: Verdana; font-size: small;\">Autor de \u201cLa salida interior\u201d, \u201cHacer el amor con la vida\u201d, \u201cLifting espiritual: un camino al ser\u201d, \u201cBotiqu\u00edn espiritual\u201d, Guillermo Garc\u00eda Arias se refiere a su nuevo libro \u201cYo soy los otros\u201d indicando que \u201cEl libro representa el seguir construyendo, el saber que estamos constituidos por los dem\u00e1s y los dem\u00e1s por m\u00ed. \u201cYo soy los otros\u201d implica que yo soy todo lo que escuch\u00e9, todo lo que vi, todo lo que ol\u00ed en mi vida y los dem\u00e1s tambi\u00e9n soy yo, estamos todos entrelazados y conformamos una especie de red. <\/span><br \/>\n<span style=\"font-family: Verdana; font-size: small;\"><b>\u201cYo soy los otros\u201d<\/b> implica un poco eso, verse constituido por las personas con las que interactu\u00e9 en mi vida\u201d concluye el counselor y director de <b>Holos<\/b>, Guillermo Garc\u00eda Arias. <\/span><br \/>\n<b><span style=\"font-family: Verdana; font-size: small;\">Ficha t\u00e9cnica del libro<\/span><\/b><br \/>\n<span style=\"font-family: Verdana; font-size: small;\"><b>Formato<\/b>: 15 x 23 cm<br \/>\n<b>P\u00e1ginas<\/b>: 192<br \/>\n<b>Encuadernaci\u00f3n<\/b>: R\u00fastica<br \/>\n<b>ISBN<\/b>: 978-987-718-202-6<br \/>\n<b>G\u00e9nero<\/b>: Autoayuda y superaci\u00f3n personal<br \/>\n<b>Autor<\/b>: Guillermo Garc\u00eda Arias<br \/>\n<b>Colecci\u00f3n<\/b>: Armonia<\/span><br \/>\n<b><span style=\"font-family: Verdana; font-size: small;\">Acerca de Holos<\/span><\/b><br \/>\n<span style=\"font-family: Verdana; font-size: xx-small;\">El<i> <\/i><b>Instituto Superior de Formaci\u00f3n T\u00e9cnica y Docente Holos Capital <\/b> tiene abierta la inscripci\u00f3n<\/span><span style=\"font-size: xx-small;\"><span style=\"font-family: Verdana;\"> 2015 para las carreras de Counseling con t\u00edtulo oficial que se dictan en su sede de Palermo, Barracas, Adrogu\u00e9, Mataderos, City Bell, C\u00f3rdoba, Montevideo (Uruguay), Haedo y Pilar. Es de destacar que el Instituto Holos es el primero en formar oficialmente a los counselors, y el que hace 25 a\u00f1os, trajo por primera vez el Counseling a la Argentina. Las inscripciones ya se encuentran abiertas. Para contactarse con Holos, llamar al 4775-3622\/3638, 4777-5097, 4779-1285 o bien enviar un e-mail a <\/span><a href=\"mailto:info@holoscapital.com.ar\"> <span style=\"font-family: Verdana;\">info@holoscapital.com.ar<\/span><\/a><\/span><\/p>\n<p align=\"center\">Acceso a toda la informaci\u00f3n e im\u00e1genes en alta definici\u00f3n ingresando en <a href=\"http:\/\/www.quasarcomunicacion.com.ar\/holos\"> http:\/\/www.quasarcomunicacion.com.ar\/web\/holos<\/a><\/p>\n<p><span style=\"font-size: small;\"><b><i><span style=\"font-family: Arial;\">Por otras im\u00e1genes, audios o entrevistas no dude en contactarse<\/span><\/i><\/b><\/span><\/p>\n<p align=\"center\"><span style=\"font-size: small;\"><b><i> Contactos de Prensa<\/i><\/b><\/span><\/p>\n<div align=\"left\">\n<table width=\"100%\" border=\"1\" cellpadding=\"2\" align=\"left\">\n<tbody>\n<tr>\n<td align=\"center\" width=\"50%\">\n<p align=\"left\"><span style=\"font-size: medium;\"><strong> <span style=\"color: #808080; font-family: Arial; font-size: small;\"> Candela Villanueva &#8211; Asistente de Cuentas<\/span><\/strong><\/span><\/p>\n<p><span style=\"font-size: xx-small;\"><span style=\"color: #ff0000;\"> Directo<\/span><b>: <\/b> 0230<\/span><span style=\"font-size: xx-small;\">-4664772<br \/>\n<\/span><span style=\"color: #ff0000; font-size: xx-small;\"> Skype:<\/span><span style=\"font-size: xx-small;\"> quasarcomunicacion<br \/>\n<\/span><span style=\"color: #ff0000; font-size: xx-small;\"> Twitter:<\/span><span style=\"font-size: xx-small;\"> @quasarpilar<br \/>\n<\/span><span style=\"color: #ff0000; font-size: xx-small;\"> Gr<\/span><span style=\"color: #ff0000; font-size: xx-small;\">upo y p\u00e1gina en Facebook: <\/span> <span style=\"color: #808080; font-size: xx-small;\">www.facebook.com\/<\/span><a href=\"mailto:mfipata@gmail.com\"><span style=\"font-size: xx-small;\">Quasar<\/span><\/a><span style=\"font-size: xx-small;\">Comunicacion<br \/>\n<\/span><span style=\"color: #ff0000; font-size: xx-small;\"> Web:<\/span><b><\/b> <a href=\"http:\/\/www.quasarcomunicacion.com.ar\/\"> <span style=\"font-size: xx-small;\">www.quasarcomunicacion.com.ar<\/span><\/a><\/p>\n<p align=\"left\"><span style=\"font-size: xx-small;\"> <span style=\"color: #ff0000;\">Mail<\/span><b>:<\/b><\/span><span style=\"font-size: xx-small;\"> <a href=\"mailto:fernanda@quasarcomunicacion.com.ar\"> asistente@quasarcomunicacion.com.ar<\/a><\/span><\/p>\n<\/td>\n<td align=\"center\" width=\"50%\">\n<p align=\"right\"><span style=\"font-size: medium;\"><strong> <span style=\"color: #808080; font-family: Arial; font-size: small;\"> Lic. Mar\u00eda Fernanda Ipata &#8211; Directora<br \/>\n<\/span> <\/strong><\/span> <span style=\"font-size: xx-small;\"><span style=\"color: #ff0000;\"><br \/>\nDirecto<\/span><b>: <\/b> 0230<\/span><span style=\"font-size: xx-small;\">-4664772<\/span><span style=\"font-size: xx-small;\"><br \/>\n<\/span><span style=\"font-size: xx-small;\"> <span style=\"color: #ff0000;\">M\u00f3vil:<\/span><b> <\/b> 0230<\/span><span style=\"font-size: xx-small;\">-15-4584535<br \/>\n011-15-6096-4656 ID 558*3763<br \/>\n<\/span><span style=\"color: #ff0000; font-size: xx-small;\"> Skype:<\/span><span style=\"font-size: xx-small;\"> quasarcomunicacion<br \/>\n<\/span><span style=\"color: #ff0000; font-size: xx-small;\"> Twitter:<\/span><span style=\"font-size: xx-small;\"> @quasarpilar<br \/>\n<\/span><span style=\"color: #ff0000; font-size: xx-small;\"> Gr<\/span><span style=\"color: #ff0000; font-size: xx-small;\">upo y p\u00e1gina en Facebook: <\/span> <span style=\"color: #808080; font-size: xx-small;\">www.facebook.com\/<\/span><a href=\"mailto:mfipata@gmail.com\"><span style=\"font-size: xx-small;\">Quasar<\/span><\/a><span style=\"font-size: xx-small;\">Comunicacion<br \/>\n<\/span><span style=\"font-size: xx-small;\"> <span style=\"color: #ff0000;\">LinkedIn<\/span><b>:\u00a0 <\/b><\/span> <span style=\"font-size: xx-small;\"><b> <a href=\"http:\/\/www.linkedin.com\/in\/mfipata\"> http:\/\/www.linkedin.com\/in\/mfipata<\/a><\/b><\/span><span style=\"font-size: xx-small;\"><br \/>\n<\/span><span style=\"color: #ff0000; font-size: xx-small;\"> Web:<\/span><b><\/b> <a href=\"http:\/\/www.quasarcomunicacion.com.ar\/\"> <span style=\"font-size: xx-small;\">www.quasarcomunicacion.com.ar<\/span><\/a><span style=\"font-size: xx-small;\"><br \/>\n<\/span><span style=\"font-size: xx-small;\"> <span style=\"color: #ff0000;\">Mail<\/span><b>:<\/b><\/span><span style=\"font-size: xx-small;\"><a href=\"mailto:fernanda@quasarcomunicacion.com.ar\"> fernanda@quasarcomunicacion.com.ar<\/a><\/span><\/p>\n<\/td>\n<\/tr>\n<\/tbody>\n<\/table>\n<\/div>\n","protected":false},"excerpt":{"rendered":"<p>El periodista, ingeniero, counselor y escritor Guillermo Garc\u00eda Arias, presenta su quinto libro: \u201cYo soy los otros\u201d, el pr\u00f3ximo jueves [&hellip;]<\/p>\n","protected":false},"author":2,"featured_media":5678,"comment_status":"open","ping_status":"open","sticky":false,"template":"","format":"standard","meta":[],"categories":[2],"tags":[],"_links":{"self":[{"href":"https:\/\/quasarcomunicacion.com.ar\/web\/wp-json\/wp\/v2\/posts\/5677"}],"collection":[{"href":"https:\/\/quasarcomunicacion.com.ar\/web\/wp-json\/wp\/v2\/posts"}],"about":[{"href":"https:\/\/quasarcomunicacion.com.ar\/web\/wp-json\/wp\/v2\/types\/post"}],"author":[{"embeddable":true,"href":"https:\/\/quasarcomunicacion.com.ar\/web\/wp-json\/wp\/v2\/users\/2"}],"replies":[{"embeddable":true,"href":"https:\/\/quasarcomunicacion.com.ar\/web\/wp-json\/wp\/v2\/comments?post=5677"}],"version-history":[{"count":0,"href":"https:\/\/quasarcomunicacion.com.ar\/web\/wp-json\/wp\/v2\/posts\/5677\/revisions"}],"wp:featuredmedia":[{"embeddable":true,"href":"https:\/\/quasarcomunicacion.com.ar\/web\/wp-json\/wp\/v2\/media\/5678"}],"wp:attachment":[{"href":"https:\/\/quasarcomunicacion.com.ar\/web\/wp-json\/wp\/v2\/media?parent=5677"}],"wp:term":[{"taxonomy":"category","embeddable":true,"href":"https:\/\/quasarcomunicacion.com.ar\/web\/wp-json\/wp\/v2\/categories?post=5677"},{"taxonomy":"post_tag","embeddable":true,"href":"https:\/\/quasarcomunicacion.com.ar\/web\/wp-json\/wp\/v2\/tags?post=5677"}],"curies":[{"name":"wp","href":"https:\/\/api.w.org\/{rel}","templated":true}]}}