{"id":567,"date":"2012-06-29T18:36:50","date_gmt":"2012-06-29T18:36:50","guid":{"rendered":"http:\/\/quasarcomunicacion.wordpress.com\/?p=567"},"modified":"2012-06-29T18:36:50","modified_gmt":"2012-06-29T18:36:50","slug":"auditorio-colmado-para-el-iii-encuentro-musical-organizado-por-el-polo-educativo-pilar-a-beneficio-del-hospital-meisner","status":"publish","type":"post","link":"https:\/\/quasarcomunicacion.com.ar\/web\/auditorio-colmado-para-el-iii-encuentro-musical-organizado-por-el-polo-educativo-pilar-a-beneficio-del-hospital-meisner\/","title":{"rendered":"Auditorio colmado para el III Encuentro Musical organizado por el Polo Educativo Pilar a beneficio del Hospital Meisner"},"content":{"rendered":"<p style=\"text-align:left;\" align=\"center\">Con un auditorio repleto, 10 coros de colegios integrantes del\u00a0<strong>Polo Educativo Pilar\u00a0<\/strong>participaron del\u00a0<strong>III Encuentro Musical\u00a0<\/strong>en el auditorio del campus de la Universidad del Salvador. Recaudaron 8 mil pesos para la Cooperadora del Hospital Materno Infantil Hugo C\u00e9sar Meisner de Presidente Derqui.<!--more--><\/p>\n<p><img loading=\"lazy\" src=\"http:\/\/www.quasarcomunicacion.com.ar\/poloeducativo\/2012\/coros.gif\" alt=\"\" width=\"500\" height=\"375\" \/><br \/>\n<span style=\"font-size:small;\">Como siempre, fue notorio el agradecimiento a las autoridades de la Universidad del Salvador por ceder el espacio para el evento solidario que esta vez cont\u00f3 con la presencia de alumnos y familias que colmaron las instalaciones del auditorio.<\/span><br \/>\n<span style=\"font-size:small;\">En primer lugar se dirigi\u00f3 al p\u00fablico el\u00a0<\/span>Coordinador Musical,<strong>\u00a0Prof. Javier Escobar<\/strong>, quien destac\u00f3 que \u00abeste trabajo es obra de los chicos, de los alumnos de los colegios y de los colegas que han preparado con mucho amor y dedicaci\u00f3n a cada grupo. Es tambi\u00e9n un trabajo de las autoridades de los colegios que apoyan el trabajo de los docentes y tambi\u00e9n es el trabajo de las familias, de los padres, de los abuelos, de todos aquellos que aman a sus hijos y apoyan a sus chicos a hacer este tipo de actividades que en muchos casos son semillero de futuras vocaciones. Muchos de los ni\u00f1os -adolescentes que hoy se suben a este escenario quiz\u00e1s est\u00e9n descubriendo una futura vocaci\u00f3n que va a desembocar en una manera de vivir, porque cantar y hacer m\u00fasica es una manera de vivir\u00bb.<br \/>\n<img loading=\"lazy\" src=\"http:\/\/www.quasarcomunicacion.com.ar\/poloeducativo\/2012\/coros3.gif\" alt=\"\" width=\"500\" height=\"326\" \/><br \/>\n<span style=\"font-size:small;\">Luego los agradecimientos estuvieron a cargo de\u00a0<strong>Silvina Kudacki,<\/strong>presidenta de la Cooperadora del Hospital Materno Infantil Hugo C\u00e9sar Meisner \u00aben nombre de todas las mam\u00e1s que hace tres a\u00f1os nos reunimos para fundar la cooperadora de la maternidad, del personal de la maternidad y de las mam\u00e1s que eligen el Meisner para atravesar el momento m\u00e1s importante de su vida que es el momento de la llegada de un beb\u00e9 al mundo, queremos agradecerles enormemente al Polo Educativo que nos ha dado la oportunidad de volver a participar en este evento tan importante, a los colegios que est\u00e1n presentes, a los padres pero por sobre todo queremos agradecer a los chicos que hoy van a cantar y nos van a dar la posibilidad de disfrutar de esto juntos\u00bb.<\/span><br \/>\n<img loading=\"lazy\" src=\"http:\/\/www.quasarcomunicacion.com.ar\/poloeducativo\/2012\/silvina.gif\" alt=\"\" width=\"300\" height=\"236\" align=\"right\" hspace=\"6\" vspace=\"6\" \/><span style=\"font-size:small;\">Por otro lado, \u00abquiero aprovechar la oportunidad para invitarlos a la Maternidad Meisner, que es la maternidad p\u00fablica del partido de Pilar, que atiende 4100 partos anuales, con un 25% de embarazo adolescente. Es una maternidad abierta, y queremos invitarlos a todos a conocerla y a trabajar juntos, porque solo juntos vamos a poder lograrlo\u00bb.<\/span><br \/>\n<span style=\"font-size:small;\">Por \u00faltimo, el presidente del<strong>Polo Educativo Pilar<\/strong>,\u00a0<\/span><strong>Lic. Juan Ranwez\u00a0<\/strong>se dirigi\u00f3 a los presentes afirmando que \u00aben esta tercera edici\u00f3n de este encuentro de coros, simplemente quiero agradecer a los colegios que participan, a los padres que los acompa\u00f1an y como uds saben es a beneficio del hospital que hace una obra realmente maravillosa. Uds tienen la oportunidad de visitarla y ver\u00e1n que es algo impresionante lo que est\u00e1n haciendo. Espero que disfruten el momento\u00bb.<br \/>\n<span style=\"font-size:small;\">El Encuentro<\/span><br \/>\n<span style=\"font-size:small;\">El III Encuentro cont\u00f3 con la presencia de 10 colegios, algunos de los cuales tuvieron la presencia de sus coros, bandas de m\u00fasica y cantantes solistas.<\/span><br \/>\n<span style=\"font-size:small;\">Tanto el coro del St. Mary of The Hills School con su banda como el Northern International School participaron del encuentro por primera vez y lo hicieron de una manera excelente.<\/span><br \/>\n<img loading=\"lazy\" src=\"http:\/\/www.quasarcomunicacion.com.ar\/poloeducativo\/2012\/coros1.gif\" alt=\"\" width=\"500\" height=\"375\" border=\"0\" \/><br \/>\n<span style=\"font-size:small;\">Otro detalle fue el brindado por el Coro del Colegio Los Robles, que se present\u00f3 sin director. Eduardo Abello Paz, directivo del colegio, explic\u00f3 que \u00abeste coro no est\u00e1 dirigido por nadie, fueron los propios alumnos los que hicieron los arreglos y mostrar\u00e1n su m\u00fasica solos sobre el escenario\u00bb.<\/span><br \/>\nEl encuentro, cuyo Coordinador Musical es el Prof. Javier Escobar, se desarroll\u00f3 de acuerdo con el siguiente programa:<br \/>\n<strong>St. Matthew\u00b4s College\u00a0<\/strong>&#8211; Director: Diego Sarquis.<br \/>\n\u201cUn beso y una flor\u201d (Nino Bravo)<br \/>\n\u201cYou can\u00b4t stop the beat\u201d (\u201cHairspray\u201d)<br \/>\n<strong>Colegio North Hills\u00a0<\/strong>&#8211; Dir: Mar\u00eda D. de Vega Olmos. Asist.: Isabel Vega Olmos.<br \/>\n\u201cShosholoza\u201d (Tradicional Sud-africana. Arr: Ruth Morris Gray)<br \/>\n\u201cAmigos\u201d (Los enanitos verdes\/Alejandro Lerner. Arr: M. Dibar y V. Paz)<br \/>\n<strong>OakHill School<\/strong>\u00a0&#8211; Director: Antonio Stcherbina.<br \/>\n\u201cBlackbird\u201d (J. Lennon\/P. McCartney)<br \/>\n\u201cJar of Hearts\u201d (Christina Perri)<br \/>\n<img loading=\"lazy\" src=\"http:\/\/www.quasarcomunicacion.com.ar\/poloeducativo\/2012\/coros2.gif\" alt=\"\" width=\"500\" height=\"341\" \/><br \/>\n<strong>St. Mary of the Hills School\u00a0<\/strong>&#8211; Director: Francisco Duran.<br \/>\n\u201cCrazy little thing called love\u201d (Freddie Mercury)<br \/>\n\u201cHello goodbye\u201d (J. Lennon\/P. McCartney)<br \/>\n<strong>Northern International School\u00a0<\/strong>&#8211; Director: Francisco Duran.<br \/>\n\u201cSube\u201d (Victor Heredia)<br \/>\n\u201cAll my loving\u201d (J. Lennon\/P. McCartney. Arr: F. Duran)<br \/>\n<strong>Del Viso Day School\u00a0<\/strong>&#8211; Director: Javier Escobar.<br \/>\n\u201c Hallelujah\u201d (Leonard Cohen)<br \/>\n\u201cSomeone like you\u201d (Adele Atkins\/Daniel Wilson)<br \/>\n<strong>Colegio Los Robles<\/strong>\u00a0&#8211; Director: no tiene director<br \/>\n\u201cLiving on a prayer\u201d (Bon Jovi)<br \/>\n\u201cMan in the mirror\u201d (Michael Jackson)<br \/>\n<strong>Brick Towers College\u00a0<\/strong>&#8211; Director: Gustavo P\u00e9rez.<br \/>\n\u201cEl misterioso drag\u00f3n\u201d (Victor Heredia)<br \/>\n\u201cMilonga carnavalera\u201d (Caracachumba)<br \/>\n<strong>Bede\u00b4s Grammar School\u00a0<\/strong>&#8211; Directora: Clara Luther.<br \/>\n\u201cDancing Queen\u201d (Benny Andersson\/Bj\u00f6rn Ulvaeus\/Stig Anderson)<br \/>\n\u201cSomebody to love\u201d (Freddie Mercury)<br \/>\n<strong>St. John\u00b4s School (Sede Pilar)<\/strong>\u00a0&#8211; Director: Francisco Duran.<br \/>\n\u201cBarro tal vez\u201d (Luis Alberto Spinetta. Arr: F. Duran)<br \/>\n\u201cTrue colors\u201d (Billy Steinberg\/Tom Kelly. Arr: F. Duran)<br \/>\n<strong>La cooperadora del Hospital<\/strong><br \/>\nLa Cooperadora del Hospital Materno Infantil \u00abHugo Meisner\u00bb desempe\u00f1a su labor desde hace m\u00e1s de tres a\u00f1o para acompa\u00f1ar al equipo de trabajo del Hospital Materno Infantil de Pilar en su misi\u00f3n de recibir a m\u00e1s de 4100 beb\u00e9s al a\u00f1o.<br \/>\n<img loading=\"lazy\" src=\"http:\/\/www.quasarcomunicacion.com.ar\/poloeducativo\/2012\/meisner.gif\" alt=\"\" width=\"300\" height=\"201\" align=\"right\" hspace=\"6\" vspace=\"6\" \/>La instituci\u00f3n solidaria realiz\u00f3 algunos proyectos gracias a la ayuda de toda la comunidad, como ser la compra de diversos equipamientos de alta complejidad; el armado del Baby-bags con las escuelas de la zona con elementos para el reci\u00e9n nacido recibiendo donaciones de pa\u00f1ales, \u00f3leo, gasas y ropa para beb\u00e9s; recientemente se inaugur\u00f3 un lactario e hicieron un convenio con UNICEF para trabajar en la maternidad centrada en la familia.<br \/>\nAdem\u00e1s, con la donaci\u00f3n hecha por Bimbo, inauguraron la Residencia de madres para que las madres puedan descansar cuando los beb\u00e9s est\u00e1n internados y armaron la sala de limpieza y roper\u00eda.<br \/>\nLa cooperadora consigui\u00f3 padrinos para reparar todas las habitaciones del hospital; participan en un programa de radio para acercar la maternidad a la comunidad.<br \/>\nAhora se encuentran\u00a0desarrollando en conjunto con la Municipalidad del Pilar y con la empresa Terracycle un proyecto de reciclado para recaudar fondos.<br \/>\n<span style=\"font-size:small;\">Y por \u00faltimo, desde hace un a\u00f1o est\u00e1n trabajando en el reequipamiento de la sala de esterilizaci\u00f3n y han tenido la sorpresa de que la Municipalidad del Pilar comprara equipamiento por 300 mil pesos y la cooperadora deber\u00e1 hacerse cargo de la obra civil.<\/span><br \/>\n<strong>C\u00f3mo colaborar con la Cooperadora<\/strong><br \/>\nSe puede colaborar en las tareas solidarias participando de los proyectos, trabajar como voluntario en las horas libres o compartir ideas y acercar contactos para poder satisfacer las necesidades de las mamas y sus beb\u00e9s reci\u00e9n nacidos<br \/>\nLa instituci\u00f3n tiene su fan page en facebook<a href=\"http:\/\/www.facebook.com\/pages\/Cooperadora-Hospital-Materno-Infantil-Hugo-Meisner\/405622671424\">http:\/\/www.facebook.com\/pages\/Cooperadora-Hospital-Materno-Infantil-Hugo-Meisner\/405622671424<\/a>\u00a0o tambi\u00e9n pueden comunicarse telef\u00f3nicamente al\u00a0tel\u00e9fono 011-15-3555-5570 \/ 15-6838-7392<\/p>\n","protected":false},"excerpt":{"rendered":"<p>Con un auditorio repleto, 10 coros de colegios integrantes del\u00a0Polo Educativo Pilar\u00a0participaron del\u00a0III Encuentro Musical\u00a0en el auditorio del campus de [&hellip;]<\/p>\n","protected":false},"author":2,"featured_media":0,"comment_status":"open","ping_status":"open","sticky":false,"template":"","format":"standard","meta":[],"categories":[2],"tags":[],"_links":{"self":[{"href":"https:\/\/quasarcomunicacion.com.ar\/web\/wp-json\/wp\/v2\/posts\/567"}],"collection":[{"href":"https:\/\/quasarcomunicacion.com.ar\/web\/wp-json\/wp\/v2\/posts"}],"about":[{"href":"https:\/\/quasarcomunicacion.com.ar\/web\/wp-json\/wp\/v2\/types\/post"}],"author":[{"embeddable":true,"href":"https:\/\/quasarcomunicacion.com.ar\/web\/wp-json\/wp\/v2\/users\/2"}],"replies":[{"embeddable":true,"href":"https:\/\/quasarcomunicacion.com.ar\/web\/wp-json\/wp\/v2\/comments?post=567"}],"version-history":[{"count":0,"href":"https:\/\/quasarcomunicacion.com.ar\/web\/wp-json\/wp\/v2\/posts\/567\/revisions"}],"wp:attachment":[{"href":"https:\/\/quasarcomunicacion.com.ar\/web\/wp-json\/wp\/v2\/media?parent=567"}],"wp:term":[{"taxonomy":"category","embeddable":true,"href":"https:\/\/quasarcomunicacion.com.ar\/web\/wp-json\/wp\/v2\/categories?post=567"},{"taxonomy":"post_tag","embeddable":true,"href":"https:\/\/quasarcomunicacion.com.ar\/web\/wp-json\/wp\/v2\/tags?post=567"}],"curies":[{"name":"wp","href":"https:\/\/api.w.org\/{rel}","templated":true}]}}