{"id":5622,"date":"2015-02-18T14:55:44","date_gmt":"2015-02-18T17:55:44","guid":{"rendered":"https:\/\/quasarcomunicacion.com.ar\/web\/?p=5622"},"modified":"2015-02-18T14:55:44","modified_gmt":"2015-02-18T17:55:44","slug":"adelantos-exclusivos-de-estilo-pilar-2015","status":"publish","type":"post","link":"https:\/\/quasarcomunicacion.com.ar\/web\/adelantos-exclusivos-de-estilo-pilar-2015\/","title":{"rendered":"Adelantos exclusivos de Estilo Pilar 2015"},"content":{"rendered":"<p style=\"text-align: left;\" align=\"center\"><i style=\"font-family: Verdana; font-size: small;\">Trece expositores de las \u00e1reas de decoraci\u00f3n, arte y paisajismo se reunieron para presentar sus propuestas y las tendencias que expondr\u00e1n en la pr\u00f3xima edici\u00f3n de la feria, que abrir\u00e1 sus puertas el 19 de marzo en el emprendimiento Bouquet\u00a0Residencias Exclusivas<!--more--><\/i><\/p>\n<p><span style=\"font-family: Verdana; font-size: small;\">Buenos Aires, Febrero 2015.- <b>Estilo Pilar<\/b>, el prestigioso evento de decoraci\u00f3n, arte y paisajismo que realiza la <b>Asociaci\u00f3n Amigos del Pilar<\/b> a beneficio, present\u00f3 un adelanto de esta nueva edici\u00f3n que podr\u00e1 visitarse entre el 19 de marzo y el 12 de abril. En esta oportunidad, bajo el leitmotiv <b>\u201cViv\u00ed tu sue\u00f1o\u201d<\/b>, propone al p\u00fablico experimentar los m\u00e1s intensos escenarios inspir\u00e1ndolos a innovar y tomar ideas para aplicar en cada casa.<\/span><br \/>\n<a href=\"https:\/\/quasarcomunicacion.com.ar\/web\/wp-content\/uploads\/2015\/02\/equipo.gif\"><img class=\"aligncenter\" alt=\"equipo\" src=\"https:\/\/quasarcomunicacion.com.ar\/web\/wp-content\/uploads\/2015\/02\/equipo.gif\" \/><\/a><br \/>\n<span style=\"font-family: Verdana; font-size: small;\">En este marco, 13 expositores de los m\u00e1s de 150 que estar\u00e1n presentes en la pr\u00f3xima edici\u00f3n, se reunieron en las exclusivas residencias Bouquet Residencias Exclusivas\u00a0y armaron rincones escenogr\u00e1ficos en donde mostraron a la prensa un adelanto de sus propuestas y las tendencias en los 3 sectores que comprender\u00e1 la feria.<\/span><br \/>\n<span style=\"font-family: Verdana; font-size: small;\">En DECORACI\u00d3N compartieron sus ideas Alberto D\u00edaz Navarro, Celina Aspiroz, Lorena Toledo, Grace Devecyan, Sandy Cairncross y Coelho Coelho; en el \u00e1rea de ARTE expusieron su trabajo H\u00e9ctor Chivilo, Gervasio Ferreyra, Nicol\u00e1s Diab, Jos\u00e9 Luis Raota; mientras que los parques y jardines fueron intervenidos por Valeria Rohrer, In\u00e9s Stewart-Cecilia Murray, Paula Tarditi, correspondientes al sector de PAISAJISMO.<\/span><br \/>\n<span style=\"font-family: Verdana; font-size: small;\">La edici\u00f3n n\u00famero 13ra de<b> Estilo Pilar<\/b> se desarrollar\u00e1 del 19 de marzo al 12 de abril en Bouquet (Altura ruta Pamericana KM 43, Ramal Pilar). Ser\u00e1n 21 d\u00edas en los que se ver\u00e1n las tendencias del dise\u00f1o, el arte y el paisajismo en un marco de multiplicidad de gustos y estilos.<\/span><br \/>\n<span style=\"font-family: Verdana; font-size: small;\"><b>Estilo Pilar<\/b> es organizada por la <b>Asociaci\u00f3n Amigos del Pilar<\/b>, que tiene la misi\u00f3n de brindar ayuda odontol\u00f3gica gratuita a ni\u00f1os de escasos recursos. La totalidad de los fondos recaudados a trav\u00e9s de la muestra, son destinados al mantenimiento de la obra ben\u00e9fica de la asociaci\u00f3n.<\/span><br \/>\n<span style=\"font-family: Verdana; font-size: small;\">Como en cada exposici\u00f3n, <\/span><b style=\"font-family: Verdana; font-size: small;\"> Estilo Pilar <\/b><span style=\"font-family: Verdana; font-size: small;\">contin\u00faa renov\u00e1ndose para presentar al p\u00fablico las nuevas tendencias y las m\u00e1s creativas y novedosas ideas en el mundo del arte, la decoraci\u00f3n y el paisajismo.<\/span><br \/>\n<span style=\"font-family: Verdana; font-size: small;\"><b>Cu\u00e1ndo<\/b>:<br \/>\n19 de marzo al 12 de abril de mi\u00e9rcoles a domingos y feriados (lunes 23 y martes 24 abierto por feriados)<\/span><br \/>\n<span style=\"font-family: Verdana; font-size: small;\"><b>Horarios<\/b>:<br \/>\n11hs a 19hs los mi\u00e9rcoles jueves y domingos<br \/>\n11hs a 20hs viernes y s\u00e1bados y v\u00edsperas de feriados <\/span><br \/>\n<span style=\"font-family: Verdana; font-size: small;\"><b>D\u00f3nde<\/b>:<br \/>\nBOUQUET RESIDENCIAS EXCLUSIVAS Calle Los Crisantemos 500- Del Viso (alt. Ruta Panamericana km 43 \u2013 Ramal Pilar) Salida Kansas <\/span><br \/>\n<span style=\"font-family: Verdana; font-size: small;\"><b>Entrada<\/b>:<br \/>\n$80 entrada general<br \/>\n$70 entrada con descuento a Jubilados, grupos de mas de 10 personas, grupos de familia de mas de 3 miembros<br \/>\n2 x 1 \u2013club La Naci\u00f3n los d\u00edas mi\u00e9rcoles jueves y viernes<\/span><br \/>\n<span style=\"font-family: Verdana; font-size: small;\"><b>Sobre Amigos del Pilar<\/b><\/span><br \/>\n<span style=\"font-family: Verdana; font-size: small;\">La asociaci\u00f3n <b>\u201cAmigos del Pilar\u201d <\/b>surgi\u00f3 de la inquietud de un grupo de mujeres con esp\u00edritu solidario que deseaban colaborar y comprometerse con su comunidad. Este proyecto logr\u00f3 su concreci\u00f3n a principios de 1996 y desde sus inicios trabajan con el objetivo de generar \u201cun Pilar con atenci\u00f3n digna para los m\u00e1s necesitados\u201d. <\/span><br \/>\n<span style=\"font-family: Verdana; font-size: small;\">Como todos los a\u00f1os anteriores, <b>Estilo Pilar<\/b> es organizado por Amigos del Pilar, una Asociaci\u00f3n Civil que surgi\u00f3 de la inquietud de un grupo de mujeres con esp\u00edritu solidario que deseaban colaborar y comprometerse con su comunidad. Desde el a\u00f1o 1996 trabajan en el partido de Pilar con la misi\u00f3n de brindar ayuda a ni\u00f1os de escasos recursos en materia de salud odontol\u00f3gica. Para llevar a cabo esta tarea, en el a\u00f1o 2004 crearon los consultorios odontol\u00f3gicos propios, que funcionaron ininterrumpidamente hasta junio del 2014. Durante esos diez a\u00f1os se dio atenci\u00f3n a m\u00e1s de 55 mil chicos y se brindaron 134.700 prestaciones. <\/span><br \/>\n<span style=\"font-family: Verdana; font-size: small;\">Debido a la imposibilidad de llevar a cabo <b>Estilo Pilar<\/b> 2013 y 2014, surgi\u00f3 la necesidad de re-estructurar la forma de seguir con el compromiso y continuar con esta labor. De este modo, tuvieron que \u201cacomodar las cartas y barajar de nuevo\u201d, y en junio de este a\u00f1o, tomar la dif\u00edcil decisi\u00f3n de cerrar los consultorios \u201ccomo algo propio\u201d. Pero esto no las hizo bajar los brazos sino que el desaf\u00edo fue superado y contin\u00faan su compromiso de otro modo.<\/span><br \/>\n<span style=\"font-family: Verdana; font-size: small;\">Trabajaron exhaustivamente durante dos meses para encontrar una soluci\u00f3n y el 1 de octubre de ese a\u00f1o iniciaron un nuevo camino. Formularon un nuevo sistema de becas que hace posible que tanto antiguos pacientes, como aquellos nuevos que soliciten atenci\u00f3n, puedan ser atendidos con la financiaci\u00f3n de Amigos del Pilar. Este nuevo proyecto es posible tambi\u00e9n gracias a la ayuda de profesionales solidarios que comprenden la tarea y est\u00e1n involucrados con la obra de la fundaci\u00f3n y colaboran a trav\u00e9s de aranceles preferenciales, donando su tiempo y\/o materiales para hacerla posible.<\/span><br \/>\n<span style=\"font-family: Verdana; font-size: small;\">Las miembros de la comisi\u00f3n de Amigos del Pilar dirigen las diferentes \u00e1reas de la muestra<\/span><br \/>\n<span style=\"font-family: Verdana; font-size: small;\"><b>\u00c1rea comercial<\/b>: Haydee Burgue\u00f1o<\/span><br \/>\n<span style=\"font-family: Verdana; font-size: small;\"> <b>Decoraci\u00f3n: <\/b>Beatriz Kocourek y MercyMenditeguy<br \/>\n<b>Paisajismo<\/b>: Alicia Araujo, Marcela Lascano<br \/>\n<b>Sector de Arte<\/b>: Cristina Bonanno<br \/>\n<b>Paseo de compras<\/b>: Teresa Oliverio y Mercedes Pieres<\/span><br \/>\n<span style=\"font-family: Verdana; font-size: small;\"><b>Colaboradores<\/b>:<br \/>\nGloria Granero, Eugenia Castro, Francisca Lona, Pilar Diez, Laila Huber, Andrea Mu\u00f1oz y Luciana G\u00f3mez, Alejandra Diaz Calle y Yuri Kandrachoff<\/span><br \/>\n<span style=\"font-family: Verdana; font-size: small;\"><b>DECORACI\u00d3N<\/b><\/span><br \/>\n<span style=\"font-family: Verdana; font-size: small;\"><i><span style=\"text-decoration: underline;\">ALBERTO D\u00cdAZ NAVARRO<\/span><\/i><br \/>\n\u201cEste espacio est\u00e1 dedicado a las parejas que est\u00e1n por casarse, ese es su sue\u00f1o el de una casa nueva donde compartir\u00e1n sus vidas, sus proyectos, formaran una familia, etc. Esta casa se debe transformar en hogar. El casado, casa quiere y estos novios buscan tener los muebles a la medida del lugar que han elegido para vivir, que las refacciones que tengan que hacer sean tambi\u00e9n un regalo, una ayuda para empezar esta nueva vida. Con tantas cosas que definir para la boda, es un sue\u00f1o que alguien te ayude a que tus regalos de casamiento sean los que realmente necesitaba ese espacio, aquel mueble que tanto le gusto a ella y el dormitorio que \u00e9l siempre quiso. Hecho a medida, y regalado por sus amigos, familiares e invitados. Un sue\u00f1o que te dise\u00f1en y decoren tu casa, y que en todo este el sello de esas personas con quien han compartido la vida. Es el deseo cumplido de todos los novios, el poder tener su casa a medida\u201d. <\/span><br \/>\n<span style=\"font-family: Verdana; font-size: small;\"><i><span style=\"text-decoration: underline;\">CELINA ASPIROZ<\/span><\/i><br \/>\n\u201cMi primer departamento\u2026as\u00ed fue que decid\u00ed transitar esta propuesta de Vivir mi Sue\u00f1o.<br \/>\nDe impronta industrial chic y paleta de colores c\u00e1lidos, se busca generar ambientes elegantes pero frescos a la vez, reflejando el esp\u00edritu de quienes los habitan.<br \/>\nLa propuesta es lograr un clima de relax y disfrute de manera que las actividades cotidianas y las sociales cobren la misma importancia en un espacio integrador y acogedor\u201d. <\/span><br \/>\n<span style=\"font-family: Verdana; font-size: small;\"><i><span style=\"text-decoration: underline;\">LORENA TOLEDO<\/span><\/i><br \/>\n\u201cUn espacio donde los sentidos juegan ante est\u00edmulos, causando placer y bienestar. Es tiempo de echar a volar la imaginaci\u00f3n; poniendo a prueba conocimientos, experiencias y resultados. He aqu\u00ed nuestra mayor inspiraci\u00f3n para deleite y goce de quien lo observe, m\u00e1s a\u00fan, de quien lo disfrute. Predominan metales r\u00fasticos, genuinos y trabajados. Se trata de usar materiales diferentes y combinarlos, seg\u00fan texturas y colores. Armon\u00eda y belleza prevalecen logrando su esplendor.<br \/>\nQui\u00e9nes somos: Lorena Toledo, dise\u00f1adora, M\u00f3nica Carmona y Agustina Trono, arquitectas. Un equipo de trabajo cuyo objetivo es poner los conocimientos al servicio de cada persona, con amplitud de criterio, para interpretar los gustos y necesidades de cada proyecto, y as\u00ed satisfacer plenamente a nuestros clientes\u201d <\/span><br \/>\n<span style=\"font-family: Verdana; font-size: small;\"><i><span style=\"text-decoration: underline;\">GRACE DEVECYAN<\/span><\/i><br \/>\nROMEO Y JULIETA: Idilio y para\u00edso. Inspiraci\u00f3n y romance.<br \/>\nLas sensaciones que surgen a partir de la trama que inspira esta historia se plasman con delicadeza en los rincones de una puesta en escena donde predominan la madera y el hierro, los linos y el terciopelo.<br \/>\nComo la gran obra de William Shakespeare, en este departamento todo se prepara para la vida de a dos.<br \/>\nElla, Julieta, ex bailarina cl\u00e1sica, enamorada de una disciplina que la acompa\u00f1\u00f3 durante su vida y que la invade de recuerdos. \u00c9l, Romeo, un erudito del savoir vivre; amante de la m\u00fasica cl\u00e1sica, la \u00f3pera y el buen vino.<br \/>\nLa paleta es el sepia y las texturas suaves, la inspiraci\u00f3n, la literatura y la m\u00fasica. Entre ellos, un juego de dualidad y comuni\u00f3n. Bienvenidos a este mundo privado.<\/span><br \/>\n<span style=\"font-family: Verdana; font-size: small;\"><i><span style=\"text-decoration: underline;\">COELHO COELHO<\/span><\/i><br \/>\n\u201cVivir en las afueras\u201d<br \/>\nVivir en las afueras es el sue\u00f1o de muchos y para cumplirlo COELHO &amp; COELHO estudio propone un departamento fresco, c\u00f3modo y elegante a la vez. Imaginamos un mundo privado en el que conviva el dise\u00f1o con la funcionalidad, donde en 60 m2 se integra el living con la cocina y con el escritorio, y el balc\u00f3n que contin\u00faa se transforma en un lugar de reuni\u00f3n para comer en familia \u00f3 con amigos. El cuarto en suite complementa la propuesta con una cama rica en g\u00e9neros y texturas.<br \/>\nUn espacio donde el arte tambi\u00e9n tiene su lugar: en un muro de madera tallado, unas enormes tintas en negro sobre blanco, una gigantograf\u00eda pop en la cocina y por \u00faltimo, unas cajas transparentes con papeles con forma.- <\/span><br \/>\n<span style=\"font-family: Verdana; font-size: small;\"><i><span style=\"text-decoration: underline;\">SANDY CAINCROSS<\/span><\/i><br \/>\nUN REFUGIO PARA EL PRESENTE<br \/>\nEste a\u00f1o el sue\u00f1o de Sandy es crear un refugio para el presente. Ser\u00e1 este un espacio especial, para que quienes lo visiten tengan la consigna de imaginarse en los ambientes en tiempo presente.<br \/>\nTodas las diferentes culturas supieron transmitir, para un mejor vivir, que es el tiempo presente el que no nos podemos perder, y en \u00e9l, ser felices con lo que si tenemos.<br \/>\nPor todo esto \u201cPresente Perfecto\u201d, el espacio que representa el sue\u00f1o de Sandy, sabr\u00e1 atrapar a quienes lo visiten, desde lo c\u00e1lido y sofisticado, dos cualidades que el dise\u00f1ador pretende siempre brindar y esta vez con la idea de reflexionar sobre ello.<\/span><br \/>\n<b>ARTE<\/b><br \/>\n<span style=\"font-family: Verdana; font-size: small;\"><i><span style=\"text-decoration: underline;\">H\u00c9CTOR CHIVILO<\/span><\/i><br \/>\nLos cuadros de esta serie reflejan im\u00e1genes que veo cuando navego a vela en las aguas del R\u00edo de la Plata. La mirada del marino se vuelve aguda por necesidad. Busca encontrar su destino mientras las formas se mueven al comp\u00e1s de las olas.<br \/>\nEl cielo y el r\u00edo ocupan planos dominantes en la escena, donde intercambian colores y energ\u00edas. El agua es el sost\u00e9n y el viento el motor de nuestro viaje imprevisible.<br \/>\nNavegar a vela y pintar un cuadro tienen algo en com\u00fan: Se sabe cu\u00e1ndo comienza la aventura\u2026, pero no se sabe cu\u00e1ndo terminar\u00e1. <\/span><br \/>\n<span style=\"font-family: Verdana; font-size: small;\"><i><span style=\"text-decoration: underline;\">GERVASIO FERREYRA<\/span><\/i><br \/>\nR E C R E O<br \/>\nCompartamos un viaje con una intenci\u00f3n absolutamente l\u00fadica, donde la imaginaci\u00f3n se manifiesta en su estado m\u00e1s puro. Traslad\u00e9monos hacia aquel periodo de nuestra existencia donde todo comenz\u00f3. Tiempo en el que la vida era simple y colorida. <\/span><br \/>\n<span style=\"font-family: Verdana; font-size: small;\"><i><span style=\"text-decoration: underline;\">NICOL\u00c1S DIAB<\/span><\/i><br \/>\nMi obra sonora SE VE EL CORAZ\u00d3N PERO NUNCA LAS CARAS re\u00fane fragmentos de 20 a\u00f1os de escenas de la vida que s\u00f3lo pueden escucharse arrimando el o\u00eddo a cualquiera de los doce tubos flexibles que ofician de nexo entre el p\u00fablico y la obra. A trav\u00e9s de este \u201cfisgoneo\u201d pueden escucharse, en forma absolutamente azarosa y sin soluci\u00f3n de continuidad, desde compras en la ferreter\u00eda hasta el nacimiento de mi segunda hija, o el trabajo para desencallar un barco en plena selva boliviana. Tambi\u00e9n incluye grabaciones m\u00e1s antiguas que no forman parte de mi compilaci\u00f3n activa y consciente pero que encontr\u00e9 entre mis archivos, como una de 1982 en la que se oye una acalorada discusi\u00f3n entre adolescentes acerca de la Guerra de Malvinas. <\/span><br \/>\n<span style=\"font-family: Verdana; font-size: small;\"><i><span style=\"text-decoration: underline;\">JOS\u00c9 LUIS RAOTA<\/span><\/i><br \/>\nEn mi recorrido por la vida siempre me ha acompa\u00f1ado una c\u00e1mara, hijo de un apasionado fot\u00f3grafo que desde muy peque\u00f1o me transmiti\u00f3 el amor por esta profesi\u00f3n, que requiere de una sensibilidad profunda y a la vez una mirada tan sutil que permita llegar m\u00e1s all\u00e1 de las formas y los colores buscando la esencia de las cosas. Soy un gran observador del mundo que me rodea, me gusta escuchar historias de vida, el contacto con la gente, sus costumbres, sus lugares.<br \/>\nPoder transmitirlo desde mi mirada, mostrarlo, conservarlo, es lo que me ha llevado a detenerme y realizar una toma para capturar un momento, componer una imagen, un retrato, un paisaje.<br \/>\nCuando la fotograf\u00eda nace de una emoci\u00f3n, de una necesidad real, genera un v\u00ednculo entre la imagen y el espectador. Transmite, moviliza y permanece en el tiempo. Esa materializaci\u00f3n de sentimientos es una pasi\u00f3n que mantengo desde hace 30 a\u00f1os de carrera y labor documental y que renuevo d\u00eda a d\u00eda. <\/span><br \/>\n<span style=\"font-family: Verdana; font-size: small;\"><b>PAISAJISMO<\/b><\/span><br \/>\n<span style=\"font-family: Verdana; font-size: small;\"><i><span style=\"text-decoration: underline;\">VALERIA ROHRER <\/span><\/i><br \/>\nCuando veo un cactus, me remonta a nuestro querido noroeste Argentino. Afortunadamente, regi\u00f3n revalorizada en estos \u00faltimos a\u00f1os.<br \/>\nSus siluetas, en las laderas de las monta\u00f1as, protegen nuestra tierra.<br \/>\nSu presencia, me despierta sentimientos, de fortaleza, nobleza, austeridad, rusticidad, subsistencia, supervivencia. Virtudes, que el ser humano debe tomar como ejemplo.<br \/>\nSu cuerpo, de formas ex\u00f3ticas y esculturales; acumula agua en su interior, previendo \u00e9pocas de sequ\u00eda.<br \/>\nSus espinas, variadas y coloridas; recolectan esa agua, y lo protege del sol.<br \/>\nSus incre\u00edbles flores, atraen insectos y los polinizan.<br \/>\nEllos, continuamente, nos recuerdan, que todo se puede ante la adversidad. <\/span><br \/>\n<span style=\"font-family: Verdana; font-size: small;\"><i><span style=\"text-decoration: underline;\">IN\u00c9S STEWART &#8211; CECILIA MURRAY<\/span><\/i><br \/>\nEntre Fuegos<br \/>\nDesde tiempos remotos, el hombre se ha valido de la naturaleza para su supervivencia.<br \/>\nUno de sus bienes m\u00e1s preciados era el fuego. Este le otorgaba cobijo, la posibilidad de cocinar, lumbre, y una fuerte sensaci\u00f3n de pertenencia. Una vez encendido, era cuidado, alimentado y defendido con firmeza y valor. Pero era adem\u00e1s en su entorno en donde el hombre empieza a sociabilizar. A trav\u00e9s del humo agradec\u00eda y ped\u00eda el don de la protecci\u00f3n. Fue adem\u00e1s una manera para comunicarse. Aun en la actualidad, es un elemento que invita al hombre a disfrutar del afuera, de su entorno, de la naturaleza&#8230; Por esto, quisimos encontrar diferentes maneras de traer el fuego a nuestros jardines. Su uso nos permite crear sectores que inviten a cocinar, a compartir una copa de vino en una tarde fresca, a disfrutar de una guitarreada hasta la madrugada.<br \/>\nEs un fuerte efecto escenogr\u00e1fico combinar elementos como el agua con el fuego. Es por esto que planteamos un fog\u00f3n dentro de un estanque inscripto en un deck de madera. Sentimos que comulgan y se funden de forma arm\u00f3nica en esta pradera natural. Excusas no faltan, es el fuego el que desde siempre, nos ha vinculado con la naturaleza. He aqu\u00ed nuestro humilde homenaje. <\/span><br \/>\n<span style=\"font-family: Verdana; font-size: small;\"><i><span style=\"text-decoration: underline;\">PAULA TARDITI<\/span><\/i><br \/>\nCon miras al pre lanzamiento de prensa de Estilo Pilar 2015, hemos optado por confeccionar un ambiente receptivo a la integraci\u00f3n de diferentes elementos naturales y sociales, para generar dinamismo.<br \/>\nEl micro espacio propuesto enaltece la utilizaci\u00f3n del color como una de sus improntas fundamentales. La combinaci\u00f3n del rojo vibrante con su verde complementario, producen un contraste intenso que incentiva la apertura de la mirada hacia un espacio org\u00e1nicamente definido. Los rojos viol\u00e1ceos de la gram\u00ednea Imperata cylindrica \u201cRed Baron\u201d, se mancomunan al dise\u00f1o geom\u00e9trico del arte topiario. El color del mobiliario y escultura, acompa\u00f1an la fusi\u00f3n de la jardiner\u00eda romana y el jard\u00edn contempor\u00e1neo naturalista.<br \/>\nEsta b\u00fasqueda mediada por los altos contrastes y las formas geom\u00e9tricas, tiene como objetivo alcanzar una sensaci\u00f3n de recorrido apacible al descanso, lectura y reflexi\u00f3n. <\/span><\/p>\n<p align=\"left\"><span style=\"font-size: small;\"><b><i><span style=\"font-family: Arial;\">Por otras im\u00e1genes, audios o entrevistas no dude en contactarse<\/span><\/i><\/b><\/span><\/p>\n<p align=\"left\">Toda la informaci\u00f3n en <a href=\"http:\/\/www.quasarcomunicacion.com.ar\/web\/estilopilar15\"> www.quasarcomunicacion.com.ar\/web\/estilopilar15<\/a><\/p>\n<p align=\"center\"><span style=\"font-size: small;\"><b><i> Contactos de Prensa<\/i><\/b><\/span><\/p>\n<div align=\"left\">\n<table width=\"100%\" border=\"1\" cellpadding=\"2\" align=\"left\">\n<tbody>\n<tr>\n<td width=\"50%\">\n<p align=\"left\"><strong> <span style=\"color: #ff0000; font-family: Arial; font-size: small;\">Candela Villanueva <\/span><\/strong> <span style=\"font-size: medium;\"><strong> <span style=\"color: #808080; font-family: Arial; font-size: small;\"> &#8211; Asistente de Cuentas<\/span><\/strong><\/span><\/p>\n<p><span style=\"font-size: xx-small;\"><span style=\"color: #ff0000;\"> Directo<\/span><b>: <\/b> 0230<\/span><span style=\"font-size: xx-small;\">-4664772<br \/>\n<\/span><span style=\"color: #ff0000; font-size: xx-small;\"> Skype:<\/span><span style=\"font-size: xx-small;\"> quasarcomunicacion<br \/>\n<\/span><span style=\"color: #ff0000; font-size: xx-small;\"> Twitter:<\/span><span style=\"font-size: xx-small;\"> @quasarpilar<br \/>\n<\/span><span style=\"color: #ff0000; font-size: xx-small;\"> Gr<\/span><span style=\"color: #ff0000; font-size: xx-small;\">upo y p\u00e1gina en Facebook: <\/span> <span style=\"color: #808080; font-size: xx-small;\">www.facebook.com\/<\/span><a href=\"mailto:mfipata@gmail.com\"><span style=\"font-size: xx-small;\">Quasar<\/span><\/a><span style=\"font-size: xx-small;\">Comunicacion<br \/>\n<\/span><span style=\"color: #ff0000; font-size: xx-small;\"> Web:<\/span><b><\/b> <a href=\"http:\/\/www.quasarcomunicacion.com.ar\/\"> <span style=\"font-size: xx-small;\">www.quasarcomunicacion.com.ar<\/span><\/a><\/p>\n<p align=\"left\"><span style=\"font-size: xx-small;\"> <span style=\"color: #ff0000;\">Mail<\/span><b>:<\/b><\/span><span style=\"font-size: xx-small;\"> <a href=\"mailto:fernanda@quasarcomunicacion.com.ar\"> asistente@quasarcomunicacion.com.ar<\/a><\/span><\/p>\n<\/td>\n<td width=\"50%\">\n<p align=\"right\"><span style=\"font-size: medium;\"><strong> <span style=\"color: #808080; font-family: Arial; font-size: small;\"> Lic. Mar\u00eda Fernanda Ipata &#8211; Directora<br \/>\n<\/span> <\/strong><\/span> <span style=\"font-size: xx-small;\"><span style=\"color: #ff0000;\"><br \/>\nDirecto<\/span><b>: <\/b> 0230<\/span><span style=\"font-size: xx-small;\">-4664772<\/span><span style=\"font-size: xx-small;\"><br \/>\n<\/span><span style=\"font-size: xx-small;\"> <span style=\"color: #ff0000;\">M\u00f3vil:<\/span><b> <\/b> 0230<\/span><span style=\"font-size: xx-small;\">-15-4584535<br \/>\n011-15-6096-4656 ID 558*3763<br \/>\n<\/span><span style=\"color: #ff0000; font-size: xx-small;\"> Skype:<\/span><span style=\"font-size: xx-small;\"> quasarcomunicacion<br \/>\n<\/span><span style=\"color: #ff0000; font-size: xx-small;\"> Twitter:<\/span><span style=\"font-size: xx-small;\"> @quasarpilar<br \/>\n<\/span><span style=\"color: #ff0000; font-size: xx-small;\"> Gr<\/span><span style=\"color: #ff0000; font-size: xx-small;\">upo y p\u00e1gina en Facebook: <\/span> <span style=\"color: #808080; font-size: xx-small;\">www.facebook.com\/<\/span><a href=\"mailto:mfipata@gmail.com\"><span style=\"font-size: xx-small;\">Quasar<\/span><\/a><span style=\"font-size: xx-small;\">Comunicacion<br \/>\n<\/span><span style=\"font-size: xx-small;\"> <span style=\"color: #ff0000;\">LinkedIn<\/span><b>:\u00a0 <\/b><\/span> <span style=\"font-size: xx-small;\"><b> <a href=\"http:\/\/www.linkedin.com\/in\/mfipata\"> http:\/\/www.linkedin.com\/in\/mfipata<\/a><\/b><\/span><span style=\"font-size: xx-small;\"><br \/>\n<\/span><span style=\"color: #ff0000; font-size: xx-small;\"> Web:<\/span><b><\/b> <a href=\"http:\/\/www.quasarcomunicacion.com.ar\/\"> <span style=\"font-size: xx-small;\">www.quasarcomunicacion.com.ar<\/span><\/a><span style=\"font-size: xx-small;\"><br \/>\n<\/span><span style=\"font-size: xx-small;\"> <span style=\"color: #ff0000;\">Mail<\/span><b>:<\/b><\/span><span style=\"font-size: xx-small;\"><a href=\"mailto:fernanda@quasarcomunicacion.com.ar\"> fernanda@quasarcomunicacion.com.ar<\/a><\/span><\/p>\n<\/td>\n<\/tr>\n<\/tbody>\n<\/table>\n<\/div>\n","protected":false},"excerpt":{"rendered":"<p>Trece expositores de las \u00e1reas de decoraci\u00f3n, arte y paisajismo se reunieron para presentar sus propuestas y las tendencias que [&hellip;]<\/p>\n","protected":false},"author":2,"featured_media":5623,"comment_status":"open","ping_status":"open","sticky":false,"template":"","format":"standard","meta":[],"categories":[2],"tags":[],"_links":{"self":[{"href":"https:\/\/quasarcomunicacion.com.ar\/web\/wp-json\/wp\/v2\/posts\/5622"}],"collection":[{"href":"https:\/\/quasarcomunicacion.com.ar\/web\/wp-json\/wp\/v2\/posts"}],"about":[{"href":"https:\/\/quasarcomunicacion.com.ar\/web\/wp-json\/wp\/v2\/types\/post"}],"author":[{"embeddable":true,"href":"https:\/\/quasarcomunicacion.com.ar\/web\/wp-json\/wp\/v2\/users\/2"}],"replies":[{"embeddable":true,"href":"https:\/\/quasarcomunicacion.com.ar\/web\/wp-json\/wp\/v2\/comments?post=5622"}],"version-history":[{"count":0,"href":"https:\/\/quasarcomunicacion.com.ar\/web\/wp-json\/wp\/v2\/posts\/5622\/revisions"}],"wp:featuredmedia":[{"embeddable":true,"href":"https:\/\/quasarcomunicacion.com.ar\/web\/wp-json\/wp\/v2\/media\/5623"}],"wp:attachment":[{"href":"https:\/\/quasarcomunicacion.com.ar\/web\/wp-json\/wp\/v2\/media?parent=5622"}],"wp:term":[{"taxonomy":"category","embeddable":true,"href":"https:\/\/quasarcomunicacion.com.ar\/web\/wp-json\/wp\/v2\/categories?post=5622"},{"taxonomy":"post_tag","embeddable":true,"href":"https:\/\/quasarcomunicacion.com.ar\/web\/wp-json\/wp\/v2\/tags?post=5622"}],"curies":[{"name":"wp","href":"https:\/\/api.w.org\/{rel}","templated":true}]}}