{"id":5587,"date":"2015-02-11T13:06:45","date_gmt":"2015-02-11T16:06:45","guid":{"rendered":"https:\/\/quasarcomunicacion.com.ar\/web\/?p=5587"},"modified":"2015-02-11T13:06:45","modified_gmt":"2015-02-11T16:06:45","slug":"pedro-luis-barcia-el-acto-de-valorar-es-educar-y-educar-es-valorar","status":"publish","type":"post","link":"https:\/\/quasarcomunicacion.com.ar\/web\/pedro-luis-barcia-el-acto-de-valorar-es-educar-y-educar-es-valorar\/","title":{"rendered":"Pedro Luis Barcia: &quot;El acto de valorar es educar y educar es valorar&quot;"},"content":{"rendered":"<p style=\"text-align: left;\" align=\"center\"><span style=\"font-family: Verdana; font-size: small;\">El Dr. Pedro Luis Barcia disert\u00f3 sobre <\/span><b style=\"font-family: Verdana; font-size: small;\">\u201cEducar es Valorar\u201d <\/b><span style=\"font-family: Verdana; font-size: small;\">en el <\/span><b style=\"font-family: Verdana; font-size: small;\">XI Congreso de Educaci\u00f3n <\/b><span style=\"font-family: Verdana; font-size: small;\">organizado por el <\/span><b style=\"font-family: Verdana; font-size: small;\">Polo Educativo Pilar <\/b><span style=\"font-family: Verdana; font-size: small;\">en el campus de la Universidad del Salvador.<\/span><\/p>\n<p><span style=\"font-family: Verdana; font-size: small;\">El disertante puso \u00e9nfasis en que el acto de valorar es educar y educar es valorar. \u201cLa valoraci\u00f3n es una acci\u00f3n que el hombre ejerce cotidianamente en cada paso de su vida. Elige por medio de sus valores desde la mujer con quien se va a casar, el colegio para sus hijos, hasta el cuadro que va a colgar en su casa. No siempre el hombre que valora es consciente de esa escala de valores. Tenemos una escala de valores incorporada que est\u00e1 detr\u00e1s de las elecciones del hombre y los va guiando en cada etapa de su vida.\u201d<!--more--><\/span><br \/>\n<a href=\"https:\/\/quasarcomunicacion.com.ar\/web\/wp-content\/uploads\/2015\/02\/barcia2.gif\"><img class=\"aligncenter\" alt=\"barcia2\" src=\"https:\/\/quasarcomunicacion.com.ar\/web\/wp-content\/uploads\/2015\/02\/barcia2.gif\" \/><\/a><br \/>\n<span style=\"font-family: Verdana; font-size: small;\">\u201cHay valores de distintos niveles. Valores universales como el derecho a la vida, a la igualdad de la mujer, entre otros. Valores de un pa\u00eds, valores familiares y los que se llaman valores individuales. No es cierto que sobre valores no haya nada escrito. Hay bibliotecas sobre valores. La gente defiende y escribe sobre sus valores. Una instituci\u00f3n educativa se funda, asienta y defiende sobre valores\u00bb.<\/span><br \/>\n<span style=\"font-family: Verdana; font-size: small;\">Continuando sobre esta premisa, Barcia asegura que \u00abde modo que el valor es un factor omnipresente en toda la actividad del hombre y en el caso de la educaci\u00f3n es fundamental, porque el verdadero nombre de la educaci\u00f3n es valoraci\u00f3n. Cuando un docente da clase, desde ese momento, maneja una serie de valores. Desde el armado de un plan de estudio hasta el valor de prestar atenci\u00f3n en clase o el valor de comprensi\u00f3n de un texto.\u201d<\/span><br \/>\n<span style=\"font-family: Verdana; font-size: small;\">\u201cSi todo valor fuera individual no podr\u00edamos hacer nada corporativo. No podr\u00edamos tener una constituci\u00f3n Nacional, menos un colegio o un matrimonio. De modo que, ni pelado ni con peluca, ni todos son individuales ni universales. Sin valores compartidos, bien sean, familiares, sociales, nacionales o universales no existe una sociedad. Sociedad es compartir un conjunto de bienes que suponen valores. El docente debe lograr que el alumno descubra y advierta el valor que est\u00e1 metido dentro de \u00e9l. La humanizaci\u00f3n del hombre consiste en ir descubierto valores universales que no sab\u00eda que estaban all\u00ed, en el caso de la igualdad a la mujer es el m\u00e1s reconocido de ellos.\u201d<\/span><br \/>\n<span style=\"font-family: Verdana; font-size: small;\"> <b><br \/>\nAcerca del Dr. Pedro Luis Barcia<\/b><\/span><\/p>\n<p style=\"text-align: left;\" align=\"right\"><span style=\"font-family: Verdana; font-size: xx-small;\">Doctor en Letras por la Universidad Nacional de la Plata. Profesor en Letras, por la Universidad Nacional de La Plata. Investigador Principal del CONICET (Consejo Nacional de Investigaciones Cient\u00edficas y T\u00e9cnicas). Profesor Titular Ordinario de LITERATURA ARGENTINA I., Universidad Nacional de La Plata. Presidente de la Academia Argentina de Letras. Presidente de la Academia Nacional de Educaci\u00f3n. Miembro Correspondiente Americano de la Real Academia Espa\u00f1ola, de la Academia Norteamericana de la Lengua Espa\u00f1ola, de la Academia Nacional de Letras del Uruguay, de la Academia Dominicana de la Lengua. Doctor Honoris Causa por la Universidad Ricardo Palma, Lima, Per\u00fa. Doctor Honoris Causa por la Universidad Nacional de Tucum\u00e1n, de Salta, de Concepci\u00f3n del Uruguay y de la Universidad de Mor\u00f3n. Profesor Em\u00e9rito de la Universidad Austral. Profesor Honorario de la Universidad de Montevideo, Uruguay. Acad\u00e9mico Em\u00e9rito de la Academia Nacional Belgraniana. Acad\u00e9mico de N\u00famero de la Academia Nacional Sanmartiniana y de la Academia de Ciencias y Artes de San Isidro. Director del Doctorado en Ciencias de la Comunicaci\u00f3n, de la Fac. de Comunicaci\u00f3n, de la Universidad Austral. Acad\u00e9mico de N\u00famero del Instituto de Estudios Hist\u00f3ricos Urquiza. Profesor de la Maestr\u00eda en Alta Especializaci\u00f3n en Filolog\u00eda Hisp\u00e1nica, CSIC, Espa\u00f1a. Desde 2004. Profesor de la Maestr\u00eda en Lexicograf\u00eda Hisp\u00e1nica, RAE-Fundaci\u00f3n Carolina, Espa\u00f1a, desde 2007. Public\u00f3 m\u00e1s de 60 t\u00edtulos y 200 monograf\u00edas y art\u00edculos.<\/span><\/p>\n<p align=\"center\"><span style=\"font-size: small;\"><b><i><span style=\"font-family: Arial;\">Por otras im\u00e1genes, audios o entrevistas no dude en contactarse<\/span><\/i><\/b><\/span><\/p>\n<p align=\"right\"><strong> <span style=\"color: #ff0000; font-family: Arial; font-size: small;\">Lic. Mariela Porrini<br \/>\n<\/span><\/strong> <span style=\"font-size: medium;\"><strong> <span style=\"color: #808080; font-family: Arial; font-size: small;\"> Qu\u00e1sar Comunicaci\u00f3n<br \/>\n<\/span> <\/strong><\/span> <span style=\"font-size: xx-small;\"><span style=\"color: #ff0000;\"> Directo<\/span><b>: <\/b> 0230<\/span><span style=\"font-size: xx-small;\">-4664772<\/span><span style=\"font-size: xx-small;\"><br \/>\n<\/span><span style=\"font-size: xx-small;\"> <span style=\"color: #ff0000;\">M\u00f3vil:<\/span><b> <\/b> 0230-<\/span><span style=\"font-size: xx-small;\">15-4584535<br \/>\n011-15-6096-4656 ID 558*3763<br \/>\n<\/span><span style=\"color: #ff0000; font-size: xx-small;\"> Skype:<\/span><span style=\"font-size: xx-small;\"> quasarcomunicacion<br \/>\n<\/span><span style=\"color: #ff0000; font-size: xx-small;\"> Twitter:<\/span><span style=\"font-size: xx-small;\"> @quasarpilar<br \/>\n<\/span><span style=\"color: #ff0000; font-size: xx-small;\"> Gr<\/span><span style=\"color: #ff0000; font-size: xx-small;\">upo y p\u00e1gina en Facebook: <\/span> <span style=\"color: #808080; font-size: xx-small;\">www.facebook.com\/<\/span><a href=\"mailto:mfipata@gmail.com\"><span style=\"font-size: xx-small;\">Quasar<\/span><\/a><span style=\"font-size: xx-small;\">Comunicacion<br \/>\n<\/span><span style=\"font-size: xx-small;\"> <span style=\"color: #ff0000;\">LinkedIn<\/span><b>: <\/b><\/span> <a title=\"Ver perfil p\u00fablico\" href=\"http:\/\/ar.linkedin.com\/pub\/mar%C3%83%C2%AD-a-fernanda-ipata\/a\/293\/212\"> <span style=\"font-size: xx-small;\"> http:\/\/ar.linkedin.com\/pub\/mar%C3%AD-a-fernanda-ipata\/a\/293\/212<\/span><\/a><span style=\"font-size: xx-small;\"><br \/>\n<\/span><span style=\"color: #ff0000; font-size: xx-small;\"> Web:<\/span><b><\/b> <a href=\"http:\/\/www.quasarcomunicacion.com.ar\/\"> <span style=\"font-size: xx-small;\">www.quasarcomunicacion.com.ar<\/span><\/a><span style=\"font-size: xx-small;\"><br \/>\n<\/span><span style=\"font-size: xx-small;\"> <span style=\"color: #ff0000;\">Mail<\/span><b>:<\/b> <a href=\"mailto:fernanda@quasarcomunicacion.com.ar\"> <span style=\"color: #808080;\"> asistente<\/span><span style=\"color: #808080;\">@quasarcomunicacion.com.ar<\/span><\/a><\/span><\/p>\n","protected":false},"excerpt":{"rendered":"<p>El Dr. Pedro Luis Barcia disert\u00f3 sobre \u201cEducar es Valorar\u201d en el XI Congreso de Educaci\u00f3n organizado por el Polo [&hellip;]<\/p>\n","protected":false},"author":2,"featured_media":5588,"comment_status":"open","ping_status":"open","sticky":false,"template":"","format":"standard","meta":[],"categories":[2],"tags":[],"_links":{"self":[{"href":"https:\/\/quasarcomunicacion.com.ar\/web\/wp-json\/wp\/v2\/posts\/5587"}],"collection":[{"href":"https:\/\/quasarcomunicacion.com.ar\/web\/wp-json\/wp\/v2\/posts"}],"about":[{"href":"https:\/\/quasarcomunicacion.com.ar\/web\/wp-json\/wp\/v2\/types\/post"}],"author":[{"embeddable":true,"href":"https:\/\/quasarcomunicacion.com.ar\/web\/wp-json\/wp\/v2\/users\/2"}],"replies":[{"embeddable":true,"href":"https:\/\/quasarcomunicacion.com.ar\/web\/wp-json\/wp\/v2\/comments?post=5587"}],"version-history":[{"count":0,"href":"https:\/\/quasarcomunicacion.com.ar\/web\/wp-json\/wp\/v2\/posts\/5587\/revisions"}],"wp:featuredmedia":[{"embeddable":true,"href":"https:\/\/quasarcomunicacion.com.ar\/web\/wp-json\/wp\/v2\/media\/5588"}],"wp:attachment":[{"href":"https:\/\/quasarcomunicacion.com.ar\/web\/wp-json\/wp\/v2\/media?parent=5587"}],"wp:term":[{"taxonomy":"category","embeddable":true,"href":"https:\/\/quasarcomunicacion.com.ar\/web\/wp-json\/wp\/v2\/categories?post=5587"},{"taxonomy":"post_tag","embeddable":true,"href":"https:\/\/quasarcomunicacion.com.ar\/web\/wp-json\/wp\/v2\/tags?post=5587"}],"curies":[{"name":"wp","href":"https:\/\/api.w.org\/{rel}","templated":true}]}}