{"id":5524,"date":"2015-02-02T14:46:33","date_gmt":"2015-02-02T17:46:33","guid":{"rendered":"https:\/\/quasarcomunicacion.com.ar\/web\/?p=5524"},"modified":"2015-02-02T14:46:33","modified_gmt":"2015-02-02T17:46:33","slug":"caso-nisman-aumentan-las-consultas-por-transtornos-de-ansiedad","status":"publish","type":"post","link":"https:\/\/quasarcomunicacion.com.ar\/web\/caso-nisman-aumentan-las-consultas-por-transtornos-de-ansiedad\/","title":{"rendered":"Caso Nisman: Aumentan las consultas por transtornos de ansiedad"},"content":{"rendered":"<p style=\"text-align: left;\" align=\"center\">\u00a0<span style=\"font-family: Verdana; font-size: small;\">Profesionales del <b>Centro de Estudios Especializados en Trastornos de Ansiedad (CEETA) <\/b> aseguraron que a ra\u00edz de lo ocurrido en el denominado \u00abCaso Nisman\u00bb aumentaron las consultas de pacientes con trastornos de ansiedad a la vez que potencia el malestar en aquellos que los ven\u00edan sufriendo. Aumentan los casos de personas que padecen trastornos de p\u00e1nico y por Ansiedad Generalizada.<!--more--><\/span><\/p>\n<p><span style=\"font-family: Verdana; font-size: small;\">Seg\u00fan la Lic. Gabriela Mart\u00ednez Castro (Matr\u00edcula 18627), directora del\u00a0CEETA,\u00a0\u00a0 los m\u00e1s afectados son aquellas personas que tienen una predisposici\u00f3n a padecer este tipo de trastornos, es muy probable que \u201cgente que no tiene predisposici\u00f3n a padecer trastornos de ansiedad desarrolle probablemente un cuadro de estr\u00e9s importante, porque lamentablemente nadie escapa a este tipo de factores donde la situaci\u00f3n que atraviesa el pa\u00eds parece que nos desborda\u201d.<\/span><\/p>\n<div align=\"center\"><center><\/p>\n<table width=\"90%\" border=\"0\" cellspacing=\"4\" cellpadding=\"4\">\n<tbody>\n<tr>\n<td bgcolor=\"#ECFFF9\" width=\"100%\"><i> <span style=\"font-family: Verdana; font-size: xx-small;\">La licenciada Gabriela Mart\u00ed<\/span><\/i><span style=\"font-family: Verdana; font-size: xx-small;\"><i>nez Castro, directora del CEETA, est\u00e1 disponible para consultas o entrevistas sobre el tema. Comunicarse al 0230-4664772 \u00f3 011-15-6096-4656 para concretarlas o enviar un mail a <a href=\"mailto:gabriela@quasarcomunicacion.com.ar\"> fernanda@quasarcomunicacion.com.ar<\/a><\/i><\/span><\/td>\n<\/tr>\n<\/tbody>\n<\/table>\n<p><\/center><\/div>\n<p><span style=\"font-family: Verdana; font-size: small;\"> La situaci\u00f3n que atraviesa el pa\u00eds alcanza tanto a hombres como mujeres de forma indistinta. Si bien son estas \u00faltimas las que llevan las de perder, debido a que les juega en contra la sobrecarga de roles y el tema hormonal. Igualmente acuden a las consultas tanto hombres como mujeres en igual medida.<\/span><br \/>\n<span style=\"font-family: Verdana; font-size: small;\">Aunque como afirman siempre los especialistas, no es malo sentirse ansioso, ya que como aclara la terapeuta \u201ctodos tenemos ansiedad, porque es algo corriente en los seres humanos\u201d, la misma debe moverse dentro de determinados par\u00e1metros para que sea ben\u00e9vola sino \u201ccuando supera l\u00edmites normales la ansiedad comienza a ser un problema, porque produce un deterioro en la calidad de vida de la persona, y es ah\u00ed cuando estamos frente a un trastorno\u201d, comenta la Licenciada en psicolog\u00eda Gabriela Mart\u00ednez Castro.<\/span><br \/>\n<span style=\"font-family: Verdana; font-size: small;\">Hoy en d\u00eda la gente est\u00e1 m\u00e1s irritable, m\u00e1s violenta, con menos paciencia. Todos estos son s\u00edntomas de este tipo de trastornos.<\/span><br \/>\n<span style=\"font-family: Verdana; font-size: small;\">Toda la situaci\u00f3n que se est\u00e1 viviendo conlleva casos de depresi\u00f3n, tristeza y preocupaci\u00f3n excesiva que si supera los par\u00e1metros normales e impide el normal funcionamiento de las rutinas diarias, lleva inexorablemente a la consulta con un especialista para evitar complicaciones.<\/span><br \/>\n<b><span style=\"font-family: Verdana; font-size: small;\">Recomendaciones<\/span><\/b><br \/>\n<span style=\"font-family: Verdana; font-size: small;\">Seg\u00fan su experiencia en casos de esta \u00edndole, la Lic. Mart\u00ednez Castro recomienda que las personas que sufren este problema, antes que todo, no deben perder la calma e intentar afrontar la situaci\u00f3n de la manera m\u00e1s realista posible, entendiendo que una crisis no es para siempre ni terminal y que vendr\u00e1n tiempos mejores.<\/span><br \/>\n<span style=\"font-family: Verdana; font-size: small;\">Tambi\u00e9n se debe trabajar sobre los pensamientos negativos, que pueden dar lugar a un trastorno de ansiedad.<\/span><br \/>\n<span style=\"font-family: Verdana; font-size: small;\">Por otra parte, en casos m\u00e1s severos, la licenciada sugiere someterse a un tratamiento de tipo breve, cognitivo-conductual, en el que se trabaja focalizadamente y se ven resultados en cortos per\u00edodos de tiempo.<\/span><br \/>\n<span style=\"font-family: Verdana; font-size: small;\">Dependiendo la situaci\u00f3n se puede acudir a una interconsulta psiqui\u00e1trica, con el fin de suministrar al paciente peque\u00f1as dosis de medicaci\u00f3n, pero con le objetivo de retirarlas al corto plazo.<\/span><br \/>\n<span style=\"font-family: Verdana; font-size: small;\">El objetivo de este tratamiento es devolver en pocos meses al paciente la calidad de vida que antes ten\u00eda.<\/span><\/p>\n<div align=\"center\">\n<table width=\"90%\" border=\"0\" cellspacing=\"0\" cellpadding=\"0\">\n<tbody>\n<tr>\n<td width=\"100%\"><i> Especialistas del CEETA est\u00e1n disponible para consultas o entrevistas sobre el tema. Comunicarse al 0230-4664772 \u00f3 011-15-6096-4656 para concretarlas o enviar un mail a <a href=\"mailto:noelia@quasarcomunicacion.com.ar\"> fernanda@quasarcomunicacion.com.ar<\/a>\u00a0 <\/i><\/td>\n<\/tr>\n<\/tbody>\n<\/table>\n<\/div>\n<p><span style=\"font-family: Verdana; font-size: small;\">Los trastornos que m\u00e1s se incrementaron son el trastorno de p\u00e1nico y el de ansiedad generalizada.<\/span><br \/>\n<span style=\"font-family: Verdana; font-size: small;\">Respecto de los ataques de p\u00e1nico, la edad aproximada de manifestaci\u00f3n es a partir de los 18 a\u00f1os, \u201ccuando la persona est\u00e1 en la edad madurativa y se ve enfrentada a la toma de decisiones importantes\u201d, explica la Licenciada. Esta patolog\u00eda presenta s\u00edntomas f\u00edsicos: \u201cel paciente experimenta la sensaci\u00f3n de estar cerca de la muerte, o la locura, sufre taquicardia, falta de respiraci\u00f3n, ahogo, entre otros efectos\u201d, dice Mart\u00ednez Castro. Por lo general el primer episodio de p\u00e1nico no se olvida jam\u00e1s, a partir de all\u00ed es normal que el que lo ha sufrido tenga la sensaci\u00f3n de que pronto volver\u00e1 a ocurrirle. \u201cQuienes tienen ataques de p\u00e1nico no pueden quedarse solos, porque a partir de que viven el primer ataque, su conducta cambia completamente; evita lugares donde sufri\u00f3 la crisis, procura no realizar la acci\u00f3n que realizaba al momento de manifestarse el p\u00e1nico; en fin, su conducta se ve limitada y la vida del paciente se restringe hasta el aislamiento\u201d, explica Gabriela Mart\u00ednez. Esta tipolog\u00eda en particular de trastornos de ansiedad, suele avanzar r\u00e1pidamente y tiene consecuencias graves. <\/span><br \/>\n<span style=\"font-family: Verdana; font-size: small;\">En cuanto al trastorno por ansiedad generalizada es com\u00fan que se manifieste cerca de la vida adulta. \u201cEn esta patolog\u00eda la persona se preocupa excesivamente por cuestiones de la vida cotidiana y no puede priorizar, pues le resulta igual de importante la operaci\u00f3n de riesgo de un familiar que llegar impuntual a una cita\u201d, explica la especialista. <\/span><br \/>\n<span style=\"font-family: Verdana; font-size: small;\">\u00abDentro de los tratamientos psicoterap\u00e9uticos se destaca la Terapia Cognitiva Comportamental (TCC), que a diferencia de otras terapias, se aboca a modificar comportamientos y pensamientos. En ocasiones, el tratamiento farmacol\u00f3gico es necesario para reducir los s\u00edntomas<\/span>, pero se debe acompa\u00f1ar del tratamiento psicoterap\u00e9utico para que el tratamiento sea completo y efectivo. Otras opciones terap\u00e9uticas son la Terapia Grupal, Terapia Familiar y Grupos de Autoayuda\u00bb, enumera la Lic Gabriela Mart\u00ednez Castro, del CEETA<br \/>\n<span style=\"font-family: Verdana; font-size: small;\">El <b>Centro de Estudios Especializados en Trastornos de Ansiedad (CEETA)<\/b> tiene su sede central en el Edificio Concord-Sector Los Almendros-piso segundo Oficina 202. Km 50 de la ruta Panamericana ramal Pilar. Tel\u00e9fono: <\/span> \u00a00230-4667175 o al 011-4788-6245<span style=\"font-family: Verdana; font-size: small;\"> \u00f3 al Celular 15-4416-1578 <a href=\"http:\/\/www.ceeta.org\/\">www.ceeta.org<\/a>\u00a0 Tambi\u00e9n tiene sedes en\u00a0 Parque Patricios, Barrio Norte, Belgrano, San Isidro, Mor\u00f3n, Lomas de Zamora y Quilmes . En <b>facebook<\/b>, la fan page es <a href=\"https:\/\/www.facebook.com\/ansiedad.ceeta\"> https:\/\/www.facebook.com\/ansiedad.ceeta<\/a> <\/span><br \/>\n<span style=\"font-family: Verdana; font-size: small;\">Acceso a toda la informaci\u00f3n ingresando en <a href=\"https:\/\/quasarcomunicacion.com.ar\/web\/ceeta\/\"> https:\/\/quasarcomunicacion.com.ar\/web\/ceeta\/<\/a><\/span><\/p>\n<p align=\"right\"><span style=\"font-size: small;\"><b><i><span style=\"font-family: Arial;\">Por\u00a0 im\u00e1genes, audios o entrevistas no dude en contactarse<br \/>\n<\/span><\/i><\/b><br \/>\n<\/span> <span style=\"font-size: medium;\"><strong> <span style=\"color: #808080; font-family: Arial; font-size: small;\"> Lic. Mar\u00eda Fernanda Ipata<br \/>\nQu\u00e1sar Comunicaci\u00f3n<br \/>\n<\/span> <\/strong><\/span> <span style=\"font-size: xx-small;\"><span style=\"color: #ff0000;\"> Directo<\/span><b>: <\/b> 0230<\/span><span style=\"font-size: xx-small;\">-4664772<\/span><span style=\"font-size: xx-small;\"><br \/>\n<\/span><span style=\"font-size: xx-small;\"> <span style=\"color: #ff0000;\">M\u00f3vil:<\/span><b> <\/b> 0230<\/span><span style=\"font-size: xx-small;\">-15-4584535<br \/>\n011-15-6096-4656 ID 558*3763<br \/>\n<\/span><span style=\"color: #ff0000; font-size: xx-small;\"> Skype:<\/span><span style=\"font-size: xx-small;\"> quasarcomunicacion<br \/>\n<\/span><span style=\"color: #ff0000; font-size: xx-small;\"> Twitter:<\/span><span style=\"font-size: xx-small;\"> @quasarpilar<br \/>\n<\/span><span style=\"color: #ff0000; font-size: xx-small;\"> Gr<\/span><span style=\"color: #ff0000; font-size: xx-small;\">upo y p\u00e1gina en Facebook: <\/span> <span style=\"color: #808080; font-size: xx-small;\">www.facebook.com\/<\/span><a href=\"mailto:mfipata@gmail.com\"><span style=\"font-size: xx-small;\">Quasar<\/span><\/a><span style=\"font-size: xx-small;\">Comunicacion<br \/>\n<\/span><span style=\"font-size: xx-small;\"> <span style=\"color: #ff0000;\">LinkedIn<\/span><b>: <\/b><\/span> <a title=\"Ver perfil p\u00fablico\" href=\"http:\/\/ar.linkedin.com\/pub\/mar%C3%83%C2%AD-a-fernanda-ipata\/a\/293\/212\"> <span style=\"font-size: xx-small;\"> http:\/\/ar.linkedin.com\/pub\/mar%C3%AD-a-fernanda-ipata\/a\/293\/212<\/span><\/a><span style=\"font-size: xx-small;\"><br \/>\n<\/span><span style=\"color: #ff0000; font-size: xx-small;\"> Web:<\/span><b><\/b> <a href=\"http:\/\/www.quasarcomunicacion.com.ar\/\"> <span style=\"font-size: xx-small;\">www.quasarcomunicacion.com.ar<\/span><\/a><span style=\"font-size: xx-small;\"><br \/>\n<\/span><span style=\"font-size: xx-small;\"> <span style=\"color: #ff0000;\">Mail<\/span><b>:<\/b><\/span><span style=\"font-size: xx-small;\"> fernanda@quasarcomunicacion.com.ar<\/span><\/p>\n","protected":false},"excerpt":{"rendered":"<p>\u00a0Profesionales del Centro de Estudios Especializados en Trastornos de Ansiedad (CEETA) aseguraron que a ra\u00edz de lo ocurrido en el [&hellip;]<\/p>\n","protected":false},"author":2,"featured_media":0,"comment_status":"open","ping_status":"open","sticky":false,"template":"","format":"standard","meta":[],"categories":[2],"tags":[],"_links":{"self":[{"href":"https:\/\/quasarcomunicacion.com.ar\/web\/wp-json\/wp\/v2\/posts\/5524"}],"collection":[{"href":"https:\/\/quasarcomunicacion.com.ar\/web\/wp-json\/wp\/v2\/posts"}],"about":[{"href":"https:\/\/quasarcomunicacion.com.ar\/web\/wp-json\/wp\/v2\/types\/post"}],"author":[{"embeddable":true,"href":"https:\/\/quasarcomunicacion.com.ar\/web\/wp-json\/wp\/v2\/users\/2"}],"replies":[{"embeddable":true,"href":"https:\/\/quasarcomunicacion.com.ar\/web\/wp-json\/wp\/v2\/comments?post=5524"}],"version-history":[{"count":0,"href":"https:\/\/quasarcomunicacion.com.ar\/web\/wp-json\/wp\/v2\/posts\/5524\/revisions"}],"wp:attachment":[{"href":"https:\/\/quasarcomunicacion.com.ar\/web\/wp-json\/wp\/v2\/media?parent=5524"}],"wp:term":[{"taxonomy":"category","embeddable":true,"href":"https:\/\/quasarcomunicacion.com.ar\/web\/wp-json\/wp\/v2\/categories?post=5524"},{"taxonomy":"post_tag","embeddable":true,"href":"https:\/\/quasarcomunicacion.com.ar\/web\/wp-json\/wp\/v2\/tags?post=5524"}],"curies":[{"name":"wp","href":"https:\/\/api.w.org\/{rel}","templated":true}]}}