{"id":5466,"date":"2015-01-19T14:40:40","date_gmt":"2015-01-19T17:40:40","guid":{"rendered":"https:\/\/quasarcomunicacion.com.ar\/web\/?p=5466"},"modified":"2015-01-19T14:40:40","modified_gmt":"2015-01-19T17:40:40","slug":"taller-facebook-para-emprendedores","status":"publish","type":"post","link":"https:\/\/quasarcomunicacion.com.ar\/web\/taller-facebook-para-emprendedores\/","title":{"rendered":"Taller &quot;Facebook para Emprendedores&quot;"},"content":{"rendered":"<p style=\"text-align: left;\" align=\"center\"><span style=\"font-family: Verdana; font-size: small;\">El pr\u00f3ximo Jueves 29 de enero a las 9 hs (puntual) se dictar\u00e1 el <\/span><b style=\"font-family: Verdana; font-size: small;\">TALLER \u201cFACEBOOK PARA EMPRENDEDORES\u201d<\/b><span style=\"font-family: Verdana; font-size: small;\"> en el cual quienes tengan alg\u00fan proyecto podr\u00e1n adquirir los conocimientos necesarios para tener su propia p\u00e1gina en Facebook y hacer crecer el emprendimiento. El taller se realizar\u00e1 en Ituzaing\u00f3 436, 3\u00ba A, Pilar.<!--more--><a href=\"https:\/\/quasarcomunicacion.com.ar\/web\/wp-content\/uploads\/2014\/06\/taller1.gif\"><img class=\"alignright\" alt=\"taller1\" src=\"https:\/\/quasarcomunicacion.com.ar\/web\/wp-content\/uploads\/2014\/06\/taller1.gif\" \/><\/a><\/span><span style=\"font-family: Verdana; font-size: small;\">CUPOS LIMITADOS \u2013 SOLO CON INSCRIPCION PREVIA COMPLETANDO EL SIGUIENTE FORMULARIO http:\/\/goo.gl\/forms\/UvnmOYK31X o enviar datos a <a href=\"mailto:asistencia@quasarcomunicacion.com.ar\">asistencia@quasarcomunicacion.com.ar<\/a><\/span><\/p>\n<p><span style=\"font-family: Verdana; font-size: small;\">El encuentro es 100% pr\u00e1ctico y personalizado. No es necesario contar con conocimientos previos. En caso de ser posible concurrir con notebooks, caso contrario se le prestar\u00e1 una para que puedan realizar la pr\u00e1ctica.<\/span><br \/>\n<span style=\"font-family: Verdana; font-size: small;\">El taller tiene un costo de $ 300 abonando antes del 25 de enero en las oficinas de <b>Qu\u00e1sar Comunicaci\u00f3n<\/b> o por dep\u00f3sito o transferencia bancaria. Si desean abonarlo en cuotas con tarjeta de cr\u00e9dito o a trav\u00e9s de las alternativas de Mercado Pago, abonando antes del 25 de enero el costo es de $ 350. Para los que desean abonar el d\u00eda del taller, el costo asciende a $ 450 por cualquier medio de pago. El costo incluye desayuno + taller + networking + tutor\u00edas on line posteriores + E-book Facebook para Emprendedores.<\/span><br \/>\n&nbsp;<br \/>\n<span style=\"font-family: Verdana; font-size: small;\">Este taller se da en el marco de un ciclo de capacitaciones ideadas por los especialistas de <b> Qu\u00e1sar Comunicaci\u00f3n<\/b> destinadas a emprendedores para hacer crecer sus proyectos desde la comunicaci\u00f3n. Adem\u00e1s de este Taller de Facebook se brindar\u00e1 el Taller Google Drive para Emprendedores; la Charla \u00bfC\u00f3mo comunicar tu emprendimiento?; el Seminario Comunicaci\u00f3n Digital; el Taller Claves para tener tu propio sitio Web; el Taller Registro de Dominio; el Seminario Marketing y Publicidad para Emprendedores, entre otros.<\/span><br \/>\n<span style=\"font-family: Verdana; font-size: small;\">\u00abEn este taller descubrir\u00e1s a trav\u00e9s de la pr\u00e1ctica sobre tu propia fan page todas las posibilidades que ofrece Facebook para hacer crecer tu emprendimiento. Crearemos o mejoraremos tu p\u00e1gina de empresa, analizaremos cada una de las pesta\u00f1as y cu\u00e1les son las m\u00e1s convenientes para tu proyecto, daremos a conocer trucos f\u00e1ciles y sencillos para hacer m\u00e1s f\u00e1cil la actualizaci\u00f3n y navegaci\u00f3n dentro de tu p\u00e1gina\u00bb, indican desde <b>Qu\u00e1sar Comunicaci\u00f3n<\/b>.<\/span><br \/>\n<span style=\"font-family: Verdana; font-size: small;\">Durante las dos horas que dura el taller, se analizar\u00e1 la diferencia entre perfil, grupo y p\u00e1gina y las ventajas de crear esta \u00faltima para nuestros proyectos. Se ver\u00e1 c\u00f3mo nombrar m\u00e1s administradores para que socios o aliados tambi\u00e9n trabajen en la fan page, se analizar\u00e1n las estad\u00edsticas de la p\u00e1gina para mejorar su rendimiento, develar\u00e1n los secretos de la configuraci\u00f3n de la fan page, la URL corta, los diferentes tipos de publicaciones, entre otros puntos. Adem\u00e1s, aprender\u00e1n a\u00a0 actualizar la\u00a0 fan page, leer mensajes y otras actividades desde el smartphone o dispositivo m\u00f3vil.<\/span><br \/>\n<span style=\"font-family: Verdana; font-size: small;\">\u00abEl principal objetivo de este taller es que personas que empiezan sus emprendimientos encuentren en facebook una herramienta capaz de hacer conocido su negocio y de expandirlo. Por eso, luego del taller se brindar\u00e1n tutor\u00edas on line gratuitas para que puedan seguir mejorando la fan page\u00bb, completan desde la consultora de prensa a cargo del dictado del taller.<br \/>\nEl taller es dictado por profesionales de Qu\u00e1sar Comunicaci\u00f3n y cuenta con el auspicio de Pilar Emprende, Pilar Hoy Noticias, Pilar GPS y Emprender Hoy<\/span><br \/>\n<span style=\"font-family: Verdana; font-size: small;\"><b>CONSULTAS E INSCRIPCIONES:<\/b> www.quasarcomunicacion.com.ar o comunic\u00e1ndose al 011-15-6742-7635 \/ <a href=\"http:\/\/www.facebook.com\/emprenderhoyfanpage\"> www.facebook.com\/quasarcomunicacion<\/a><\/span><\/p>\n<p align=\"right\"><span style=\"font-size: small;\"><b><i><span style=\"font-family: Arial;\">Por otras im\u00e1genes, audios o entrevistas no dude en contactarse<\/span><\/i><\/b><\/span><\/p>\n<p align=\"right\"><strong> <span style=\"color: #ff0000; font-family: Arial; font-size: small;\">Candela Villanueva<br \/>\n<\/span><\/strong> <span style=\"font-size: medium;\"><strong> <span style=\"color: #808080; font-family: Arial; font-size: small;\"> Qu\u00e1sar Comunicaci\u00f3n<br \/>\n<\/span> <\/strong><\/span> <span style=\"font-size: xx-small;\"><span style=\"color: #ff0000;\"> Directo<\/span><b>: <\/b> 0230<\/span><span style=\"font-size: xx-small;\">-4664772<\/span><span style=\"font-size: xx-small;\"><br \/>\n<\/span><span style=\"font-size: xx-small;\"> <span style=\"color: #ff0000;\">M\u00f3vil:<\/span><b> <\/b> 0230<\/span><span style=\"font-size: xx-small;\">-15-4584535<br \/>\n011-15-6096-4656 ID 558*3763<br \/>\n<\/span><span style=\"color: #ff0000; font-size: xx-small;\"> Skype:<\/span><span style=\"font-size: xx-small;\"> quasarcomunicacion<br \/>\n<\/span><span style=\"color: #ff0000; font-size: xx-small;\"> Twitter:<\/span><span style=\"font-size: xx-small;\"> @quasarpilar<br \/>\n<\/span><span style=\"color: #ff0000; font-size: xx-small;\"> Gr<\/span><span style=\"color: #ff0000; font-size: xx-small;\">upo y p\u00e1gina en Facebook: <\/span> <span style=\"color: #808080; font-size: xx-small;\">www.facebook.com\/<\/span><a href=\"mailto:mfipata@gmail.com\"><span style=\"font-size: xx-small;\">Quasar<\/span><\/a><span style=\"font-size: xx-small;\">Comunicacion<br \/>\n<\/span><span style=\"font-size: xx-small;\"> <span style=\"color: #ff0000;\">LinkedIn<\/span><b>: <\/b><\/span> <a title=\"Ver perfil p\u00fablico\" href=\"http:\/\/ar.linkedin.com\/pub\/mar%C3%83%C2%AD-a-fernanda-ipata\/a\/293\/212\"> <span style=\"font-size: xx-small;\"> http:\/\/ar.linkedin.com\/pub\/mar%C3%AD-a-fernanda-ipata\/a\/293\/212<\/span><\/a><span style=\"font-size: xx-small;\"><br \/>\n<\/span><span style=\"color: #ff0000; font-size: xx-small;\"> Web:<\/span><b><\/b> <a href=\"http:\/\/www.quasarcomunicacion.com.ar\/\"> <span style=\"font-size: xx-small;\">www.quasarcomunicacion.com.ar<\/span><\/a><span style=\"font-size: xx-small;\"><br \/>\n<\/span><span style=\"font-size: xx-small;\"> <span style=\"color: #ff0000;\">Mail<\/span><b>:<\/b><\/span><span style=\"font-size: xx-small;\"> asistente@quasarcomunicacion.com.ar<\/span><\/p>\n","protected":false},"excerpt":{"rendered":"<p>El pr\u00f3ximo Jueves 29 de enero a las 9 hs (puntual) se dictar\u00e1 el TALLER \u201cFACEBOOK PARA EMPRENDEDORES\u201d en el [&hellip;]<\/p>\n","protected":false},"author":2,"featured_media":4596,"comment_status":"open","ping_status":"open","sticky":false,"template":"","format":"standard","meta":[],"categories":[2],"tags":[],"_links":{"self":[{"href":"https:\/\/quasarcomunicacion.com.ar\/web\/wp-json\/wp\/v2\/posts\/5466"}],"collection":[{"href":"https:\/\/quasarcomunicacion.com.ar\/web\/wp-json\/wp\/v2\/posts"}],"about":[{"href":"https:\/\/quasarcomunicacion.com.ar\/web\/wp-json\/wp\/v2\/types\/post"}],"author":[{"embeddable":true,"href":"https:\/\/quasarcomunicacion.com.ar\/web\/wp-json\/wp\/v2\/users\/2"}],"replies":[{"embeddable":true,"href":"https:\/\/quasarcomunicacion.com.ar\/web\/wp-json\/wp\/v2\/comments?post=5466"}],"version-history":[{"count":0,"href":"https:\/\/quasarcomunicacion.com.ar\/web\/wp-json\/wp\/v2\/posts\/5466\/revisions"}],"wp:featuredmedia":[{"embeddable":true,"href":"https:\/\/quasarcomunicacion.com.ar\/web\/wp-json\/wp\/v2\/media\/4596"}],"wp:attachment":[{"href":"https:\/\/quasarcomunicacion.com.ar\/web\/wp-json\/wp\/v2\/media?parent=5466"}],"wp:term":[{"taxonomy":"category","embeddable":true,"href":"https:\/\/quasarcomunicacion.com.ar\/web\/wp-json\/wp\/v2\/categories?post=5466"},{"taxonomy":"post_tag","embeddable":true,"href":"https:\/\/quasarcomunicacion.com.ar\/web\/wp-json\/wp\/v2\/tags?post=5466"}],"curies":[{"name":"wp","href":"https:\/\/api.w.org\/{rel}","templated":true}]}}