{"id":5384,"date":"2015-01-13T17:04:13","date_gmt":"2015-01-13T20:04:13","guid":{"rendered":"https:\/\/quasarcomunicacion.com.ar\/web\/?p=5384"},"modified":"2015-01-13T17:04:13","modified_gmt":"2015-01-13T20:04:13","slug":"tips-para-no-estresarnos-en-vacaciones-3","status":"publish","type":"post","link":"https:\/\/quasarcomunicacion.com.ar\/web\/tips-para-no-estresarnos-en-vacaciones-3\/","title":{"rendered":"Tips para no estresarnos en vacaciones"},"content":{"rendered":"<p style=\"text-align: left;\" align=\"center\">\u00a0<span style=\"font-family: Verdana; font-size: small;\">Como cada a\u00f1o, los profesionales del <b>Centro de Estudios Especializados en Trastornos de Ansiedad<\/b> <b>(CEETA)<\/b>, ofrecen algunos consejos para que las vacaciones no sean motivo de estr\u00e9s y se las pueda disfrutar en todo su esplendor.<!--more--><\/span><\/p>\n<p align=\"center\"><a href=\"https:\/\/quasarcomunicacion.com.ar\/web\/wp-content\/uploads\/2014\/12\/vacaciones1.gif\"><img class=\"aligncenter\" alt=\"vacaciones1\" src=\"https:\/\/quasarcomunicacion.com.ar\/web\/wp-content\/uploads\/2014\/12\/vacaciones1.gif\" \/><\/a><\/p>\n<p><span style=\"font-family: Verdana; font-size: small;\">Estos son algunos tips para que las vacaciones logren su objetivo: relajarnos.<br \/>\n-Lograr colocarse l\u00edmites a uno mismo y a otros (no ceder frente a las demandas laborales que no respetan el tiempo vacacional)<br \/>\n-Buscar actividades placenteras que generen satisfacci\u00f3n personal, y puedan funcionar como \u00abveh\u00edculo de descarga\u00bb tensional: actividades f\u00edsicas, sociales, o hasta mentales como juegos de ingenio.<\/span><br \/>\n<span style=\"font-family: Verdana; font-size: small;\">-Mantener una alimentaci\u00f3n balanceada, combin\u00e1ndola con el placer de ingerir alimentos diferentes y de sabor agradable, ya que tienden a disminuir los niveles de ansiedad.<br \/>\n-Delegar en otros, desestimando la falsa creencia \u00abnadie lo har\u00e1 mejor ni m\u00e1s r\u00e1pido que yo\u00bb.<br \/>\n-No pretender generar cambios radicales en la personalidad, \u00aba partir de ahora, voy a dejar de ser una persona ansiosa y me transformar\u00e9 en buda.<\/span><br \/>\n<b><span style=\"font-family: Verdana; font-size: small;\">Estr\u00e9s en vacaciones, un mal recurrente<\/span><\/b><br \/>\n<span style=\"font-family: Verdana; font-size: small;\">Estos consejos surgen p<\/span>orque <span style=\"font-family: Verdana; font-size: small;\">cada vez es mayor el n\u00famero de personas que sufren de estr\u00e9s, a\u00fan en el receso vacacional. Para ellos, las vacaciones en vez de ser un momento para relajarse y olvidarse de preocupaciones, pasan a ser todo lo contrario, ya que no logran desconectarse de su actividad laboral cotidiana.<\/span><br \/>\n<span style=\"font-family: Verdana; font-size: small;\">La web del <b>CEETA<\/b> es <a href=\"http:\/\/www.ceeta.com.ar\/\">www.ceeta.org<\/a> y tambi\u00e9n en la fan page en Facebook en <a href=\"http:\/\/www.facebook.com\/pages\/CEETA-Centro-de-Estudios-Especializados-en-Trastornos-de-Ansiedad\/147374725295197\"> http:\/\/www.facebook.com\/pages\/CEETA-Centro-de-Estudios-Especializados-en-Trastornos-de-Ansiedad\/147374725295197<\/a> o en Twitter @ceeta_pilar <\/span><br \/>\n<span style=\"font-family: Verdana; font-size: small;\">Seg\u00fan\u00a0la especialista en el tema, la Lic. Gabriela Mart\u00ednez Castro, directora del <b>CEETA<\/b>, el estr\u00e9s no se toma vacaciones, ya que es com\u00fan observar hoy en d\u00eda a personas que se estresan m\u00e1s en el receso vacacional que en la abrumadora rutina laboral del a\u00f1o.<\/span><\/p>\n<div align=\"center\"><center><\/p>\n<table width=\"90%\" border=\"0\" cellspacing=\"4\" cellpadding=\"4\">\n<tbody>\n<tr>\n<td bgcolor=\"#ECFFF9\" width=\"100%\"><i> <span style=\"font-family: Verdana; font-size: xx-small;\">Especialistas del CEETA<\/span><\/i><span style=\"font-family: Verdana; font-size: xx-small;\"><i> est\u00e1n disponible para consultas o entrevistas sobre el tema. Comunicarse al 0230-4664772 \u00f3 011-15-6096-4656 para concretarlas o enviar un mail a <a href=\"mailto:noelia@quasarcomunicacion.com.ar\"> fernanda@quasarcomunicacion.com.ar<\/a>\u00a0 <\/i><\/span><\/td>\n<\/tr>\n<\/tbody>\n<\/table>\n<p><\/center><\/div>\n<p><span style=\"font-family: Verdana; font-size: small;\">\u201cHoy d\u00eda, es m\u00e1s que frecuente encontrar en nuestras consultas a pacientes que explican que su problema comenz\u00f3 durante sus vacaciones, que est\u00e1n nerviosos, angustiados y sobresaltados, todo les preocupa, transpiran mucho, tienen taquicardia y problemas para dormir. En ciertos casos, acompa\u00f1an del relato de una crisis de p\u00e1nico, como corolario\u201d, explica la Lic. Mart\u00ednez Castro.<\/span><br \/>\n<span style=\"font-family: Verdana; font-size: small;\">Cuando estas personas son sometidas a factores que les producen mayor ansiedad o estr\u00e9s, como puede ser el ocio, est\u00e1n m\u00e1s predispuestas a padecer trastornos de ansiedad.<\/span><br \/>\n<span style=\"font-family: Verdana; font-size: small;\">Seg\u00fan\u00a0la Licenciada, los casos m\u00e1s comunes son: trastorno de p\u00e1nico (aparici\u00f3n temporal o aislada de miedo o malestar intensos acompa\u00f1ada de 4 o m\u00e1s s\u00edntomas, como por ejemplo mareos, taquicardia y etc.); trastorno por ansiedad generalizada; trastorno obsesivo-compulsivo, y trastornos por ansiedad social (un temor persistente a las situaciones sociales, y a que los s\u00edntomas sufridos se evidencien, como la ruborizaci\u00f3n, temblores, ataques de p\u00e1nico y otros).<br \/>\n\u201cEl estr\u00e9s que padecen este tipo de pacientes, por no poder descargar la tensi\u00f3n, como normalmente lo hacen en la actividad laboral aumenta, en muchos casos, el grado de ansiedad y, en consecuencia sufren una serie de s\u00edntomas, tanto ps\u00edquicos como biol\u00f3gicos\u00bb, contin\u00faa la directora de <b> CEETA<\/b>.<\/span><br \/>\n<span style=\"font-family: Verdana; font-size: small;\">Estos s\u00edntomas pueden resumirse en irritabilidad, respuestas con sobresalto, inquietud, dificultad para la espera, insatisfacci\u00f3n, temores irracionales, enojos frecuentes, dificultades en la interacci\u00f3n con otros, dificultades en el tracto digestivo (colitis, dolores abdominales, flatulencias, indigestiones frecuentes), contracturas musculares, dolor precordial u opresi\u00f3n en el pecho, cefaleas, deseos frecuentes de orinar, temor irracional a padecer una enfermedad seria, pensamientos catastr\u00f3ficos, y hasta una crisis de p\u00e1nico, caracterizada por gran parte de la sintomatolog\u00eda anterior, adem\u00e1s de ir acompa\u00f1ada por un intenso terror a morir, o a volverse loco o descontrolarse\u201d, ampl\u00eda Mart\u00ednez Castro.<br \/>\nTodo ello genera peleas y discusiones con el entorno social, generalmente es el familiar, cuando se est\u00e1 de vacaciones, lo cual hace deponer r\u00e1pidamente el merecido descanso, el que ha quedado transformado en \u00abtodo un trabajo para sobrellevar\u00bb.\u00a0<\/span><\/p>\n<div align=\"center\"><center><\/p>\n<table width=\"90%\" border=\"0\" cellspacing=\"4\" cellpadding=\"4\">\n<tbody>\n<tr>\n<td bgcolor=\"#ECFFF9\" width=\"100%\"><i> <span style=\"font-family: Verdana; font-size: xx-small;\">Especialistas del CEETA<\/span><\/i><span style=\"font-family: Verdana; font-size: xx-small;\"><i> est\u00e1n disponible para consultas o entrevistas sobre el tema. Comunicarse al 0230-4664772 \u00f3 011-15-6096-4656 para concretarlas o enviar un mail a <a href=\"mailto:noelia@quasarcomunicacion.com.ar\"> fernanda@quasarcomunicacion.com.ar<\/a>\u00a0 <\/i><\/span><\/td>\n<\/tr>\n<\/tbody>\n<\/table>\n<p><\/center><\/div>\n<p><span style=\"font-family: Verdana; font-size: small;\">El perfil caracter\u00edstico de este tipo de personalidad es llamado workoholic o \u00abtrabaj\u00f3licos\u00bb, definidos como \u00abadictos al trabajo\u00bb.<br \/>\nPara la Lic. Gabriela Martinez Castro, Directora del <b>Centro<\/b>, \u201cse trata de individuos ansiosos, hiper exigentes, a quienes les es m\u00e1s sencillo cumplir de forma permanente con obligaciones, que dejar de hacerlo. Esto \u00faltimo, en m\u00e1s de una oportunidad, les genera m\u00e1s ansiedad, es decir, al vacacionar o \u00abparar\u00bb con la actividad, quedan sin el veh\u00edculo de descarga habitual, que es trabajar, lo cual termina provocando m\u00e1s ansiedad y estr\u00e9s que si continuaran con la vida cotidiana\u201d.<\/span><br \/>\n<span style=\"font-family: Verdana; font-size: small;\">El <b>Centro de Estudios Especializados en Trastornos de Ansiedad (CEETA)<\/b> est\u00e1 ubicado en el Edificio Concord-Sector Los Almendros-piso segundo Oficina 202. Km 50 de la <\/span> <span style=\"font-family: Verdana; font-size: small;\">ruta Panamericana ramal Pilar. Tel\u00e9fono: 0230-4667175 www.ceeta.org <\/span><\/p>\n<p align=\"center\"><span style=\"font-family: Verdana; font-size: small;\">Acceso a toda la informaci\u00f3n ingresando en\u00a0<a href=\"http:\/\/www.quasarcomunicacion.com.ar\/ceeta\">www.quasarcomunicacion.com.ar\/web\/ceeta<\/a><\/span><\/p>\n<p align=\"right\"><span style=\"font-size: small;\"><b><i><span style=\"font-family: Arial;\">Por\u00a0 im\u00e1genes, audios o entrevistas no dude en contactarse<br \/>\n<\/span><\/i><\/b><\/span> <span style=\"font-size: medium;\"><strong> <span style=\"color: #808080; font-family: Arial; font-size: small;\"> Lic. Mar\u00eda Fernanda Ipata<br \/>\nQu\u00e1sar Comunicaci\u00f3n<br \/>\n<\/span> <\/strong><\/span> <span style=\"font-size: xx-small;\"><span style=\"color: #ff0000;\"> Directo<\/span><b>: <\/b> 0230<\/span><span style=\"font-size: xx-small;\">-4664772<\/span><span style=\"font-size: xx-small;\"><br \/>\n<\/span><span style=\"font-size: xx-small;\"> <span style=\"color: #ff0000;\">M\u00f3vil:<\/span><b> <\/b> 0230-<\/span><span style=\"font-size: xx-small;\">15-4584535<br \/>\n011-15-6096-4656 ID 558*3763<br \/>\n<\/span><span style=\"color: #ff0000; font-size: xx-small;\"> Skype:<\/span><span style=\"font-size: xx-small;\"> quasarcomunicacion<br \/>\n<\/span><span style=\"color: #ff0000; font-size: xx-small;\"> Twitter:<\/span><span style=\"font-size: xx-small;\"> @quasarpilar<br \/>\n<\/span><span style=\"color: #ff0000; font-size: xx-small;\"> Gr<\/span><span style=\"color: #ff0000; font-size: xx-small;\">upo y p\u00e1gina en Facebook: <\/span> <span style=\"color: #808080; font-size: xx-small;\">www.facebook.com\/<\/span><a href=\"mailto:mfipata@gmail.com\"><span style=\"font-size: xx-small;\">Quasar<\/span><\/a><span style=\"font-size: xx-small;\">Comunicacion<br \/>\n<\/span><span style=\"font-size: xx-small;\"> <span style=\"color: #ff0000;\">LinkedIn<\/span><b>: <\/b><\/span> <a title=\"Ver perfil p\u00fablico\" href=\"http:\/\/ar.linkedin.com\/pub\/mar%C3%83%C2%AD-a-fernanda-ipata\/a\/293\/212\"> <span style=\"font-size: xx-small;\"> http:\/\/ar.linkedin.com\/pub\/mar%C3%AD-a-fernanda-ipata\/a\/293\/212<\/span><\/a><span style=\"font-size: xx-small;\"><br \/>\n<\/span><span style=\"color: #ff0000; font-size: xx-small;\"> Web:<\/span><b><\/b> <a href=\"http:\/\/www.quasarcomunicacion.com.ar\/\"> <span style=\"font-size: xx-small;\">www.quasarcomunicacion.com.ar<\/span><\/a><span style=\"font-size: xx-small;\"><br \/>\n<\/span><span style=\"font-size: xx-small;\"> <span style=\"color: #ff0000;\">Mail<\/span><b>:<\/b><\/span><span style=\"font-size: xx-small;\"> fernanda@quasarcomunicacion.com.ar<\/span><\/p>\n","protected":false},"excerpt":{"rendered":"<p>\u00a0Como cada a\u00f1o, los profesionales del Centro de Estudios Especializados en Trastornos de Ansiedad (CEETA), ofrecen algunos consejos para que [&hellip;]<\/p>\n","protected":false},"author":2,"featured_media":5357,"comment_status":"open","ping_status":"open","sticky":false,"template":"","format":"standard","meta":[],"categories":[2],"tags":[],"_links":{"self":[{"href":"https:\/\/quasarcomunicacion.com.ar\/web\/wp-json\/wp\/v2\/posts\/5384"}],"collection":[{"href":"https:\/\/quasarcomunicacion.com.ar\/web\/wp-json\/wp\/v2\/posts"}],"about":[{"href":"https:\/\/quasarcomunicacion.com.ar\/web\/wp-json\/wp\/v2\/types\/post"}],"author":[{"embeddable":true,"href":"https:\/\/quasarcomunicacion.com.ar\/web\/wp-json\/wp\/v2\/users\/2"}],"replies":[{"embeddable":true,"href":"https:\/\/quasarcomunicacion.com.ar\/web\/wp-json\/wp\/v2\/comments?post=5384"}],"version-history":[{"count":0,"href":"https:\/\/quasarcomunicacion.com.ar\/web\/wp-json\/wp\/v2\/posts\/5384\/revisions"}],"wp:featuredmedia":[{"embeddable":true,"href":"https:\/\/quasarcomunicacion.com.ar\/web\/wp-json\/wp\/v2\/media\/5357"}],"wp:attachment":[{"href":"https:\/\/quasarcomunicacion.com.ar\/web\/wp-json\/wp\/v2\/media?parent=5384"}],"wp:term":[{"taxonomy":"category","embeddable":true,"href":"https:\/\/quasarcomunicacion.com.ar\/web\/wp-json\/wp\/v2\/categories?post=5384"},{"taxonomy":"post_tag","embeddable":true,"href":"https:\/\/quasarcomunicacion.com.ar\/web\/wp-json\/wp\/v2\/tags?post=5384"}],"curies":[{"name":"wp","href":"https:\/\/api.w.org\/{rel}","templated":true}]}}