{"id":5356,"date":"2014-12-23T14:13:39","date_gmt":"2014-12-23T17:13:39","guid":{"rendered":"https:\/\/quasarcomunicacion.com.ar\/web\/?p=5356"},"modified":"2014-12-23T14:13:39","modified_gmt":"2014-12-23T17:13:39","slug":"llegan-las-vacaciones-y-seguimos-estresados","status":"publish","type":"post","link":"https:\/\/quasarcomunicacion.com.ar\/web\/llegan-las-vacaciones-y-seguimos-estresados\/","title":{"rendered":"Llegan las vacaciones, y seguimos estresados"},"content":{"rendered":"<p style=\"text-align: left;\" align=\"center\"><i style=\"font-family: Verdana; font-size: small;\">\u00a0<\/i><span style=\"font-family: Verdana; font-size: small;\">Hablar de ansiedad no es hablar de locura. La ansiedad es un elemento importante y natural que todos los seres vivos poseen. Sin embargo, cuando no se puede escapar de ella incluso en los d\u00edas destinados al descanso, hay que tomar cartas en el asunto.<\/span><\/p>\n<p><span style=\"font-family: Verdana; font-size: small;\"><!--more--><\/span><br \/>\n<a style=\"text-align: -webkit-center;\" href=\"https:\/\/quasarcomunicacion.com.ar\/web\/wp-content\/uploads\/2014\/12\/vacaciones1.gif\"><img class=\"aligncenter\" alt=\"vacaciones1\" src=\"https:\/\/quasarcomunicacion.com.ar\/web\/wp-content\/uploads\/2014\/12\/vacaciones1.gif\" \/><\/a><br \/>\n<span style=\"font-family: Verdana; font-size: small;\">\u201c\u00daltimamente se escucha un disco repetido con la frase \u201cMe voy de vacaciones y no me desenchufo\u201d o \u201cVienen las vacaciones y ya me est\u00e1 subiendo la ansiedad por pensar en qu\u00e9 voy a hacer, a d\u00f3nde voy a ir\u201d y entonces sentir que llega la \u00e9poca de relajarnos, de distendernos y de pasarla bien pasa a ser m\u00e1s una situaci\u00f3n estresante\u201d, indica la Licenciada Cecilia Palozzo (MN 34964), psic\u00f3loga del staff del <b>Centro de Estudios Especializados en Trastornos de Ansiedad (CEETA)<\/b>.<\/span><br \/>\n<span style=\"font-family: Verdana; font-size: small;\">Sin embargo, hay una herramienta que contribuye a solucionar los problemas de ansiedad por no poder disfrutar las vacaciones y se trata de los l\u00edmites. \u201cHay que respetar el l\u00edmite, cuando vienen las vacaciones hay que conectarse con lo que uno no hace durante el a\u00f1o. Quiz\u00e1s hacer m\u00e1s deportes, dormir un poco m\u00e1s, poder desenchufarse de las tareas cotidianas y responsabilidades que nos llevan a estar m\u00e1s pendientes y m\u00e1s ansiosos\u201d, comenta al respecto la Licenciada Palozzo. Adem\u00e1s, agrega que es importante mantener ese l\u00edmite y hacer que los dem\u00e1s tambi\u00e9n lo respeten.<\/span><br \/>\n<span style=\"font-family: Verdana; font-size: small;\">Respecto al tiempo ideal de descanso, desde el <b> CEETA<\/b> indican que es relativo. \u201cHay algunas personas que logran desenchufarse dentro del tiempo que le dan para vacacionar, por ejemplo una semana. Pero a veces uno se va un mes entero de vacaciones y vuelve igual que antes. Otros se van un fin de semana y vuelven relajados. No depende tanto de la cantidad sino de la calidad del descanso. Podemos vacacionar sin cambiar de lugar y sin embargo descansar lo mismo\u201d, comenta la licenciada. <\/span><br \/>\n<span style=\"font-family: Verdana; font-size: small;\">Otro aspecto importante a tener en consideraci\u00f3n es que es recomendable no s\u00f3lo aprovechar las vacaciones para descansar, sino tambi\u00e9n los fines de semana. \u201cSi nosotros pudi\u00e9semos, durante todo el a\u00f1o desconectarnos los fines de semana, eso ser\u00eda fant\u00e1stico. Desconectar el ocio con el negocio, el descanso versus el momento de trabajo\u201d, indica Palozzo.<\/span><br \/>\n<span style=\"font-family: Verdana; font-size: small;\">Adem\u00e1s, otra de las situaciones frecuentes es que la persona quiera r\u00e1pidamente generar un cambio brusco, lo que la lleva al estado de ansiedad, es decir, en palabras de la licenciada \u201cMuchas veces pretendemos generar cambios radicales en muy poco tiempo y eso es lo que retroalimenta esta situaci\u00f3n de que \u201cme sube la ansiedad\u201d, o \u201cestoy mal, no logro salir o no logro cortar con cierto h\u00e1bito\u201d.<\/span><br \/>\n<span style=\"font-family: Verdana; font-size: small;\">Sin embargo, los descansos de los fines de semana largos, de cuatros d\u00edas aproximadamente, son beneficiosos tambi\u00e9n para aquellas personas a las cuales \u201cdesenchufarse\u201d del trabajo o el estudio (o ambas) les lleva uno o dos d\u00edas. A veces la tensi\u00f3n generada por las responsabilidades tarda m\u00e1s de un d\u00eda en irse, es por eso que es fundamental aprovechar los fines de semana largos para descansar y despejar la mente, apagar el tel\u00e9fono celular o tenerlo apartado, y respetar ese l\u00edmite propio.<\/span><br \/>\n<span style=\"font-family: Verdana; font-size: small;\">Por otro lado, hay quienes incluso en las vacaciones m\u00e1s largas, no pueden o no quieren viajar a otro lado. \u201cCuando no hay paisaje y las vacaciones se hacen en casa hay que buscar actividades que sean distintas dentro de lo posible, y dentro de lugares diferentes del medio donde estamos, buscar opciones de las cuales uno durante el a\u00f1o ni se percata que est\u00e1n muchas veces en el mismo lugar donde uno vive. Hay un mont\u00f3n de zonas que por la vor\u00e1gine de seguir todos los d\u00edas con la rutina uno no se da cuenta que las tiene al alcance de la mano\u201d, indica Palozzo, y agrega como consejo para el despeje de la mente el \u201cCambiar de h\u00e1bitos, cambiar de actividades, de horarios. Desarmar un poco la rutina ya sirve. Aunque uno se quede no significa que tenga que seguir respondiendo mails y con la rutina de todos los d\u00edas\u201d<\/span><br \/>\n<span style=\"font-family: Verdana; font-size: small;\">Otros de los consejos para lograr bajar la ansiedad cuando las vacaciones se pasan en el hogar, son: buscar actividades placenteras, tratar de salir y caminar m\u00e1s, hacer deportes, gimnasia, acomodar los horarios para descansar, tener salidas con los que tambi\u00e9n se quedan y cambiar un poco la rutina y los h\u00e1bitos de todos los d\u00edas, ya que \u201ceso ya es un corte\u201d.<\/span><br \/>\n<span style=\"font-family: Verdana; font-size: small;\">A modo de conclusi\u00f3n, la Licenciada Palozzo resume los tips para enfrentar las vacaciones sin ansiedad: <\/span><br \/>\n<span style=\"font-family: Verdana; font-size: small;\">\u201cPrimero y principal reconocer qu\u00e9 es una vacaci\u00f3n: un momento de ocio y recreativo y no pensar que el descanso es una p\u00e9rdida de tiempo, porque muchas veces pasa eso \u201cSi yo me voy de vacaciones y me tomo todo este tiempo va a ser una p\u00e9rdida de tiempo, con tantas cosas que tengo que hacer\u201d. Entonces ponerse un l\u00edmite y hacer que los dem\u00e1s tambi\u00e9n respeten ese l\u00edmite, comprender que no es una p\u00e9rdida de tiempo si no un tiempo para uno, para reconectarse y para sentirse mejor. Tambi\u00e9n es recomendable buscar actividades diferentes y placenteras, conectarse con lo que a uno le gusta y le hace sentir bien\u201d, explica la profesional.<\/span><br \/>\n<span style=\"font-family: Verdana; font-size: small;\">Adem\u00e1s, menciona un aspecto muy importante que es el de \u201cpoder delegar y poder hacer que los dem\u00e1s colaboren y hagan. No estar siempre uno mismo para todo.\u201d<\/span><br \/>\n<span style=\"font-family: Verdana; font-size: small;\">Por \u00faltimo, desde el <b>CEETA<\/b> recomiendan \u201cno pretender generar ni pensar en cambios radicales, por ejemplo: \u201cbueno ahora que tengo todo este tiempo tengo que hacer todo esto\u201d o \u201ctengo todo este tiempo ganado por ende tengo que hacer todo esto\u201d. Y muchas veces la persona se queda simplemente en la idea de todas las cosas que tiene o deber\u00eda hacer y no realiza ninguna, lo que entonces traer\u00e1 m\u00e1s insatisfacci\u00f3n y por ende m\u00e1s ansiedad\u201d finaliza Palozzo.<\/span><br \/>\n<b><\/b><span style=\"font-family: Verdana; font-size: small;\">El <b>Centro de Estudios Especializados en Trastornos de Ansiedad (CEETA)<\/b> tiene su sede central en el Edificio Concord-Sector Los Almendros-piso segundo Oficina 202. Km 50 de la ruta Panamericana ramal Pilar. Tel\u00e9fono: <\/span> \u00a00230-4667175 o al 011-4788-6245<span style=\"font-family: Verdana; font-size: small;\"> \u00f3 al Celular 15-4416-1578 <a href=\"http:\/\/www.ceeta.org\/\">www.ceeta.org<\/a>\u00a0 Tambi\u00e9n <\/span><span style=\"font-family: Verdana; font-size: small;\">tiene sedes en\u00a0 Parque Patricios, Barrio Norte, Belgrano, San Isidro, Mor\u00f3n, Lomas de Zamora y Quilmes . En <b>facebook<\/b>, la fan page es <a href=\"https:\/\/www.facebook.com\/ansiedad.ceeta\"> https:\/\/www.facebook.com\/ansiedad.ceeta<\/a> <\/span><\/p>\n<p align=\"center\"><span style=\"font-family: Verdana; font-size: small;\">Acceso a toda la informaci\u00f3n ingresando en <a href=\"http:\/\/www.quasarcomunicacion.com.ar\/ceeta\"> www.quasarcomunicacion.com.ar\/web\/ceeta<\/a> <\/span><\/p>\n<p align=\"right\"><span style=\"font-size: small;\"><b><i><span style=\"font-family: Arial;\">Por\u00a0 im\u00e1genes, audios o entrevistas no dude en contactarse<\/span><\/i><\/b><\/span><\/p>\n<p align=\"center\"><span style=\"font-size: small;\"><b><i> Contactos de Prensa<\/i><\/b><\/span><\/p>\n<div align=\"left\">\n<table width=\"100%\" border=\"1\" cellpadding=\"2\" align=\"left\">\n<tbody>\n<tr>\n<td width=\"50%\">\n<p align=\"left\"><span style=\"font-size: medium;\"><strong> <span style=\"color: #808080; font-family: Arial; font-size: small;\"> Camila Sarmiento &#8211; Asistente de Cuentas<br \/>\n<\/span> <\/strong><\/span> <span style=\"font-size: xx-small;\"><span style=\"color: #ff0000;\"> Directo<\/span><b>: <\/b> 0230<\/span><span style=\"font-size: xx-small;\">-4664772<br \/>\n<\/span><span style=\"color: #ff0000; font-size: xx-small;\"> Skype:<\/span><span style=\"font-size: xx-small;\"> quasarcomunicacion<br \/>\n<\/span><span style=\"color: #ff0000; font-size: xx-small;\"> Twitter:<\/span><span style=\"font-size: xx-small;\"> @quasarpilar<br \/>\n<\/span><span style=\"color: #ff0000; font-size: xx-small;\"> Gr<\/span><span style=\"color: #ff0000; font-size: xx-small;\">upo y p\u00e1gina en Facebook: <\/span> <span style=\"color: #808080; font-size: xx-small;\">www.facebook.com\/<\/span><a href=\"mailto:mfipata@gmail.com\"><span style=\"font-size: xx-small;\">Quasar<\/span><\/a><span style=\"font-size: xx-small;\">Comunicacion<br \/>\n<\/span><span style=\"color: #ff0000; font-size: xx-small;\"> Web:<\/span><b><\/b> <a href=\"http:\/\/www.quasarcomunicacion.com.ar\/\"> <span style=\"font-size: xx-small;\">www.quasarcomunicacion.com.ar<\/span><\/a><\/p>\n<p align=\"left\"><span style=\"font-size: xx-small;\"> <span style=\"color: #ff0000;\">Mail<\/span><b>:<\/b><\/span><span style=\"font-size: xx-small;\"> <a href=\"mailto:fernanda@quasarcomunicacion.com.ar\"> asistente@quasarcomunicacion.com.ar<\/a><\/span><\/p>\n<\/td>\n<td width=\"50%\">\n<p align=\"right\"><span style=\"font-size: medium;\"><strong> <span style=\"color: #808080; font-family: Arial; font-size: small;\"> Lic. Mar\u00eda Fernanda Ipata &#8211; Directora<br \/>\n<\/span> <\/strong><\/span> <span style=\"font-size: xx-small;\"><span style=\"color: #ff0000;\"><br \/>\nDirecto<\/span><b>: <\/b> 0230<\/span><span style=\"font-size: xx-small;\">-4664772<\/span><span style=\"font-size: xx-small;\"><br \/>\n<\/span><span style=\"font-size: xx-small;\"> <span style=\"color: #ff0000;\">M\u00f3vil:<\/span><b> <\/b> 0230<\/span><span style=\"font-size: xx-small;\">-15-4584535<br \/>\n011-15-6096-4656 ID 558*3763<br \/>\n<\/span><span style=\"color: #ff0000; font-size: xx-small;\"> Skype:<\/span><span style=\"font-size: xx-small;\"> quasarcomunicacion<br \/>\n<\/span><span style=\"color: #ff0000; font-size: xx-small;\"> Twitter:<\/span><span style=\"font-size: xx-small;\"> @quasarpilar<br \/>\n<\/span><span style=\"color: #ff0000; font-size: xx-small;\"> Gr<\/span><span style=\"color: #ff0000; font-size: xx-small;\">upo y p\u00e1gina en Facebook: <\/span> <span style=\"color: #808080; font-size: xx-small;\">www.facebook.com\/<\/span><a href=\"mailto:mfipata@gmail.com\"><span style=\"font-size: xx-small;\">Quasar<\/span><\/a><span style=\"font-size: xx-small;\">Comunicacion<br \/>\n<\/span><span style=\"font-size: xx-small;\"> <span style=\"color: #ff0000;\">LinkedIn<\/span><b>:\u00a0 <\/b><\/span> <span style=\"font-size: xx-small;\"><b> <a href=\"http:\/\/www.linkedin.com\/in\/mfipata\"> http:\/\/www.linkedin.com\/in\/mfipata<\/a><\/b><\/span><span style=\"font-size: xx-small;\"><br \/>\n<\/span><span style=\"color: #ff0000; font-size: xx-small;\"> Web:<\/span><b><\/b> <a href=\"http:\/\/www.quasarcomunicacion.com.ar\/\"> <span style=\"font-size: xx-small;\">www.quasarcomunicacion.com.ar<\/span><\/a><span style=\"font-size: xx-small;\"><br \/>\n<\/span><span style=\"font-size: xx-small;\"> <span style=\"color: #ff0000;\"> Mail<\/span><b>:<\/b><\/span><span style=\"font-size: xx-small;\"><a href=\"mailto:fernanda@quasarcomunicacion.com.ar\"> fernanda@quasarcomunicacion.com.ar<\/a><\/span><\/p>\n<\/td>\n<\/tr>\n<\/tbody>\n<\/table>\n<\/div>\n<hr \/>\n<div align=\"center\"><center><center>&nbsp;<br \/>\n&nbsp;<br \/>\n&nbsp;<br \/>\n&nbsp;<br \/>\n<center><center><b><span style=\"font-family: Verdana; font-size: small;\">Acerca de la Lic Cecilia Palozzo<\/span><\/b><br \/>\n<\/center><\/center><\/p>\n<p align=\"left\"><span style=\"font-family: Verdana; font-size: xx-small;\">Licenciada en Psicolog\u00eda, egresada de la Facultad de Psicolog\u00eda y Psicopedagog\u00eda de la Universidad del Salvador.<br \/>\nSe especializ\u00f3 en Terapia Medica Familiar en la Universidad Nova Southeastern en Ft. Lauderdale, USA.<br \/>\nRealiz\u00f3 cursos de post-grado en Clinical Psychology, Abnormal Psychology, Psychofarmacology of Drug &amp; Alcohol Abuse y Psychophysiology en la Universidad de Harvard, Extensi\u00f3n School, Boston, USA.<br \/>\nEgresada del Curso Anual de Post-grado en Trastornos de Ansiedad de la Asociaci\u00f3n Argentina de Trastornos de Ansiedad.<br \/>\nOrientada al tratamiento psicoterap\u00e9utico del paciente con Enfermedades \u00f3 condiciones m\u00e9dicas cr\u00f3nicas.<\/span><\/p>\n<p><center><center><center><center><center><\/p>\n<p align=\"left\"><span style=\"font-family: Verdana; font-size: xx-small;\"><i>Centro de Estudios Especializados en Trastornos de Ansiedad (CEETA) &#8211; Edificio Concord-Sector los Almendros-piso segundo Oficina 202. Km 50 de la ruta Panamericana ramal Pilar. Tel\u00e9fono: 0230-4667175 \u00f3 al Celular 15-4416-1578 <a href=\"http:\/\/www.ceeta.org\/\">www.ceeta.org<\/a>\u00a0 \u00a0 \u00a0 \u00a0 \u00a0 \u00a0 \u00a0 \u00a0 \u00a0 \u00a0 \u00a0 \u00a0 \u00a0\u00a0<\/i><\/span><\/p>\n<p><\/center><\/center><\/center><\/center><\/center><\/center><\/center><\/div>\n","protected":false},"excerpt":{"rendered":"<p>\u00a0Hablar de ansiedad no es hablar de locura. La ansiedad es un elemento importante y natural que todos los seres [&hellip;]<\/p>\n","protected":false},"author":2,"featured_media":5357,"comment_status":"open","ping_status":"open","sticky":false,"template":"","format":"standard","meta":[],"categories":[2],"tags":[],"_links":{"self":[{"href":"https:\/\/quasarcomunicacion.com.ar\/web\/wp-json\/wp\/v2\/posts\/5356"}],"collection":[{"href":"https:\/\/quasarcomunicacion.com.ar\/web\/wp-json\/wp\/v2\/posts"}],"about":[{"href":"https:\/\/quasarcomunicacion.com.ar\/web\/wp-json\/wp\/v2\/types\/post"}],"author":[{"embeddable":true,"href":"https:\/\/quasarcomunicacion.com.ar\/web\/wp-json\/wp\/v2\/users\/2"}],"replies":[{"embeddable":true,"href":"https:\/\/quasarcomunicacion.com.ar\/web\/wp-json\/wp\/v2\/comments?post=5356"}],"version-history":[{"count":0,"href":"https:\/\/quasarcomunicacion.com.ar\/web\/wp-json\/wp\/v2\/posts\/5356\/revisions"}],"wp:featuredmedia":[{"embeddable":true,"href":"https:\/\/quasarcomunicacion.com.ar\/web\/wp-json\/wp\/v2\/media\/5357"}],"wp:attachment":[{"href":"https:\/\/quasarcomunicacion.com.ar\/web\/wp-json\/wp\/v2\/media?parent=5356"}],"wp:term":[{"taxonomy":"category","embeddable":true,"href":"https:\/\/quasarcomunicacion.com.ar\/web\/wp-json\/wp\/v2\/categories?post=5356"},{"taxonomy":"post_tag","embeddable":true,"href":"https:\/\/quasarcomunicacion.com.ar\/web\/wp-json\/wp\/v2\/tags?post=5356"}],"curies":[{"name":"wp","href":"https:\/\/api.w.org\/{rel}","templated":true}]}}