{"id":5297,"date":"2014-12-09T14:56:44","date_gmt":"2014-12-09T17:56:44","guid":{"rendered":"https:\/\/quasarcomunicacion.com.ar\/web\/?p=5297"},"modified":"2014-12-09T14:56:44","modified_gmt":"2014-12-09T17:56:44","slug":"pilar-ya-tiene-a-su-educador-del-ano-susana-angela-giambruni","status":"publish","type":"post","link":"https:\/\/quasarcomunicacion.com.ar\/web\/pilar-ya-tiene-a-su-educador-del-ano-susana-angela-giambruni\/","title":{"rendered":"Pilar ya tiene a su Educador del A\u00f1o: Susana Angela Giambruni"},"content":{"rendered":"<p style=\"text-align: left;\" align=\"center\"><span style=\"font-size: small;\">Con el prop\u00f3sito de premiar los trabajos de directivos y docentes de escuelas del distrito de Pilar, el <\/span><b style=\"font-size: small;\">POLO EDUCATIVO PILAR <\/b><span style=\"font-size: small;\">entreg\u00f3 el premio al Educador del A\u00f1o.<!--more--><\/span><\/p>\n<p><img loading=\"lazy\" class=\"aligncenter\" alt=\"\" src=\"http:\/\/www.quasarcomunicacion.com.ar\/poloeducativo\/2014\/educadores.gif\" width=\"550\" height=\"299\" border=\"0\" \/><br \/>\n<span style=\"font-size: small;\">El primer puesto para el Educador del A\u00f1o fue para Susana Angela Giambruni, del Northfield School y autora del trabajo \u00abCerebremos\u00bb. El segundo lugar fue para Mar\u00eda Eugenia Villamagna del Colegio Los Robles quien investig\u00f3 sobre \u00abLa apertura y flexibilidad institucional y el desarrollo integral de personas con necesidades educativas especiales\u00bb. Por \u00faltimo, Paz Reynal del Bede`s Grammar School con su trabajo \u00abUn camino de autoconocimiento y encuentro con el otro\u00bb se alz\u00f3 con el tercer puesto.<\/span><br \/>\n<span style=\"font-size: small;\">Este a\u00f1o en particular se presentaron 21 trabajos que fueron evaluados por el Jurado, compuesto \u00edntegramente por profesores de la Universidad del Salvador. Los aspirantes al t\u00edtulo debieron presentar al Jurado una monograf\u00eda sobre propuestas educativas que sean novedosas y de real aplicaci\u00f3n en el aula que tiendan a una eventual mejora en la calidad educativa.<\/span><br \/>\n<span style=\"font-size: small;\">A la ceremonia de entrega de premios llegaron 6 finalistas que\u00a0 hab\u00edan sido evaluados por el jurado, del cual surgieron los tres ganadores que se alzaron con diversos premios. El primer puesto se hizo acreedor a un intercambio internacional a elegir entre dos destinos en Am\u00e9rica Latina y EEUU y una beca del 50% para estudiar la Licenciatura en Organizaci\u00f3n y Gesti\u00f3n Educativa en la Universidad Austral. El segundo puesto se llev\u00f3 3000 pesos para comprar libros y material para la escuela, monto otorgado por la Universidad del Salvador y un 35% de beca en la Universidad Austral para cursar la\u00a0 Licenciatura en Organizaci\u00f3n y Gesti\u00f3n Educativa. El tercer puesto se hizo acreedor a 2000 pesos otorgados por la Universidad del Salvador para la compra de libros y material para la escuela en la cual ejerce.<\/span><br \/>\n<span style=\"font-size: small;\"> Este a\u00f1o el jurado estuvo integrado por la Lic. Mar\u00eda Laura S\u00e1nchez (Licenciada en Calidad de la Gesti\u00f3n de la Educaci\u00f3n y Profesora en Educaci\u00f3n Preescolar. Actualmente se desempe\u00f1a como docente en la Universidad del Salvador y Universidad de Luj\u00e1n y se desempe\u00f1a como Directora del Nivel inicial de un prestigioso colegio Biling\u00fce); la Lic. Alicia Mart\u00edn (profesora y licenciada en Historia, especializada en Gesti\u00f3n Cultural. Actualmente se desempe\u00f1a como docente en la Universidad del Salvador, es Secretar\u00eda de Posgrado en el Doctorado de Historia y Gestora cultural del \u00c1rea Educativa del Museo de Bellas Artes Benito Quinquela Mart\u00edn) y la Lic. Olga Colatarci (Licenciada en Administraci\u00f3n y Gesti\u00f3n de la Educaci\u00f3n, Profesora universitaria y para la Ense\u00f1anza Primaria, T\u00e9cnico en conducci\u00f3n docente, tiene un Posgrado de Especializaci\u00f3n en Administraci\u00f3n de la Educaci\u00f3n y una Maestr\u00eda en Educaci\u00f3n. Actualmente se desempe\u00f1a como Coordinadora General del Ciclo Pedag\u00f3gico Universitario de la Universidad del Salvador, como Asesora Pedag\u00f3gica y de Gesti\u00f3n de colegios de Nivel Primario y Secundario y se dedica a investigar sobre la Tarea Docente).<\/span><br \/>\n<span style=\"font-size: small;\"> \u00bfQui\u00e9n es el Educador del A\u00f1o?<\/span><br \/>\n<span style=\"font-size: small;\"><b>Susana Angela Giambruni<\/b> es Profesora de Educaci\u00f3n Preescolar y Arquitecta (UBA). Actualmente se desempe\u00f1a como Coordinadora del Proyecto Digital en el Northfield School Sede Escobar y Nordelta.<\/span><br \/>\n<span style=\"font-size: small;\">Tambi\u00e9n es asesora de Recursos Inevery Crea Argentina \u2013 Editorial Santillana y es Dise\u00f1adora de proyectos mediados por la tecnolog\u00eda &#8211; Editorial Santillana<br \/>\nHa sido docente en el Dover High School, en el Farmingdale College, en el Brick Towers College, en el Oakhill de Pilar y en el Instituto La Asunci\u00f3n en CABA.<\/span><br \/>\n<span style=\"font-size: small;\">Recibi\u00f3 numerosos reconocimientos en su carrera entre los que podemos se\u00f1alar:<br \/>\nPrimer Premio Mejor Blog Educativo (Espiral Edublog 2014); Menci\u00f3n por el blog institucional \u201cConectados\u201d a la divulgaci\u00f3n de contenidos educativos (UBA 2012); Seleccionada como Docente Innovador por el trabajo \u201cTodo por los Chicos\u201d entre los 10 docentes m\u00e1s innovadores de la Argentina (Microsoft e Intel 2012); Premio a la Innovaci\u00f3n Educativa. Educared \u2013 Madrid, Espa\u00f1a: Menci\u00f3n Especial por \u201cGeometr\u00eda Aumentada\u201d (Fundaci\u00f3n Telef\u00f3nica 2011).<\/span><\/p>\n<p align=\"center\"><span style=\"font-size: small;\"><b><i><span style=\"font-family: Arial;\">Por otras im\u00e1genes, audios o entrevistas no dude en contactarse<\/span><\/i><\/b><\/span><\/p>\n<p align=\"center\"><i><b><span style=\"font-family: Arial; font-size: small;\">Toda la informaci\u00f3n actualizada en <\/span><\/b><\/i> <span style=\"font-family: Arial; font-size: small;\"> <a href=\"http:\/\/www.quasarcomunicacion.com.ar\/poloeducativo\"> www.quasarcomunicacion.com.ar\/poloeducativo<\/a> <\/span><\/p>\n<p align=\"right\"><span style=\"font-size: medium;\"><strong> <span style=\"color: #808080; font-family: Arial; font-size: small;\"> Lic. Mar\u00eda Fernanda Ipata<br \/>\nQu\u00e1sar Comunicaci\u00f3n<br \/>\n<\/span> <\/strong><\/span> <span style=\"font-size: xx-small;\"><span style=\"color: #ff0000;\"> Directo<\/span><b>: <\/b> 0230<\/span><span style=\"font-size: xx-small;\">-4664772<\/span><span style=\"font-size: xx-small;\"><br \/>\n<\/span><span style=\"font-size: xx-small;\"> <span style=\"color: #ff0000;\">M\u00f3vil:<\/span><b> <\/b> 0230<\/span><span style=\"font-size: xx-small;\">-15-4584535<br \/>\n011-15-6096-4656 ID 558*3763<br \/>\n<\/span><span style=\"color: #ff0000; font-size: xx-small;\"> Skype:<\/span><span style=\"font-size: xx-small;\"> quasarcomunicacion<br \/>\n<\/span><span style=\"color: #ff0000; font-size: xx-small;\"> Twitter:<\/span><span style=\"font-size: xx-small;\"> @quasarpilar<br \/>\n<\/span><span style=\"color: #ff0000; font-size: xx-small;\"> Gr<\/span><span style=\"color: #ff0000; font-size: xx-small;\">upo y p\u00e1gina en Facebook: <\/span> <span style=\"color: #808080; font-size: xx-small;\">www.facebook.com\/<\/span><a href=\"mailto:mfipata@gmail.com\"><span style=\"font-size: xx-small;\">Quasar<\/span><\/a><span style=\"font-size: xx-small;\">Comunicacion<br \/>\n<\/span><span style=\"font-size: xx-small;\"> <span style=\"color: #ff0000;\">LinkedIn<\/span><b>: <\/b><\/span> <a title=\"Ver perfil p\u00fablico\" href=\"http:\/\/ar.linkedin.com\/pub\/mar%C3%83%C2%AD-a-fernanda-ipata\/a\/293\/212\"> <span style=\"font-size: xx-small;\"> http:\/\/ar.linkedin.com\/pub\/mar%C3%AD-a-fernanda-ipata\/a\/293\/212<\/span><\/a><span style=\"font-size: xx-small;\"><br \/>\n<\/span><span style=\"color: #ff0000; font-size: xx-small;\"> Web:<\/span><b><\/b> <a href=\"http:\/\/www.quasarcomunicacion.com.ar\/\"> <span style=\"font-size: xx-small;\">www.quasarcomunicacion.com.ar<\/span><\/a><span style=\"font-size: xx-small;\"><br \/>\n<\/span><span style=\"font-size: xx-small;\"> <span style=\"color: #ff0000;\">Mail<\/span><b>:<\/b><\/span><span style=\"font-size: xx-small;\"> <a href=\"mailto:fernanda@quasarcomunicacion.com.ar\"> fernanda@quasarcomunicacion.com.ar<\/a><br \/>\n<\/span><\/p>\n","protected":false},"excerpt":{"rendered":"<p>Con el prop\u00f3sito de premiar los trabajos de directivos y docentes de escuelas del distrito de Pilar, el POLO EDUCATIVO [&hellip;]<\/p>\n","protected":false},"author":2,"featured_media":5298,"comment_status":"open","ping_status":"open","sticky":false,"template":"","format":"standard","meta":[],"categories":[2],"tags":[],"_links":{"self":[{"href":"https:\/\/quasarcomunicacion.com.ar\/web\/wp-json\/wp\/v2\/posts\/5297"}],"collection":[{"href":"https:\/\/quasarcomunicacion.com.ar\/web\/wp-json\/wp\/v2\/posts"}],"about":[{"href":"https:\/\/quasarcomunicacion.com.ar\/web\/wp-json\/wp\/v2\/types\/post"}],"author":[{"embeddable":true,"href":"https:\/\/quasarcomunicacion.com.ar\/web\/wp-json\/wp\/v2\/users\/2"}],"replies":[{"embeddable":true,"href":"https:\/\/quasarcomunicacion.com.ar\/web\/wp-json\/wp\/v2\/comments?post=5297"}],"version-history":[{"count":0,"href":"https:\/\/quasarcomunicacion.com.ar\/web\/wp-json\/wp\/v2\/posts\/5297\/revisions"}],"wp:featuredmedia":[{"embeddable":true,"href":"https:\/\/quasarcomunicacion.com.ar\/web\/wp-json\/wp\/v2\/media\/5298"}],"wp:attachment":[{"href":"https:\/\/quasarcomunicacion.com.ar\/web\/wp-json\/wp\/v2\/media?parent=5297"}],"wp:term":[{"taxonomy":"category","embeddable":true,"href":"https:\/\/quasarcomunicacion.com.ar\/web\/wp-json\/wp\/v2\/categories?post=5297"},{"taxonomy":"post_tag","embeddable":true,"href":"https:\/\/quasarcomunicacion.com.ar\/web\/wp-json\/wp\/v2\/tags?post=5297"}],"curies":[{"name":"wp","href":"https:\/\/api.w.org\/{rel}","templated":true}]}}