{"id":5177,"date":"2014-11-04T13:51:55","date_gmt":"2014-11-04T16:51:55","guid":{"rendered":"https:\/\/quasarcomunicacion.com.ar\/web\/?p=5177"},"modified":"2014-11-04T13:51:55","modified_gmt":"2014-11-04T16:51:55","slug":"el-concejo-deliberante-de-pilar-reconocio-el-concurso-de-vidrieras-navidenas","status":"publish","type":"post","link":"https:\/\/quasarcomunicacion.com.ar\/web\/el-concejo-deliberante-de-pilar-reconocio-el-concurso-de-vidrieras-navidenas\/","title":{"rendered":"El Concejo Deliberante de Pilar reconoci\u00f3 el Concurso de Vidrieras Navide\u00f1as"},"content":{"rendered":"<p style=\"text-align: left;\" align=\"center\"><span style=\"font-family: Verdana; font-size: small;\">Tras la presentaci\u00f3n de la Comisi\u00f3n Pyme del Honorable Concejo Deliberante de Pilar, presidida por el concejal Fabio G\u00f3mez, el cuerpo legislativo declar\u00f3 de inter\u00e9s municipal, social, estrat\u00e9gico, tur\u00edstico y econ\u00f3mico al<\/span><b style=\"font-family: Verdana; font-size: small;\"> \u201cConcurso de Vidrieras \u2013 Navidad Pilar 2014\u201d <\/b><span style=\"font-family: Verdana; font-size: small;\">organizado por <\/span><b style=\"font-family: Verdana; font-size: small;\">Emprender HOY <\/b><span style=\"font-family: Verdana; font-size: small;\">y<\/span><b style=\"font-family: Verdana; font-size: small;\"> Pilar GPS.<!--more--><\/b><strong> <\/strong><\/p>\n<p><a href=\"https:\/\/quasarcomunicacion.com.ar\/web\/wp-content\/uploads\/2014\/11\/peatonal.gif\"><img class=\"aligncenter\" alt=\"peatonal\" src=\"https:\/\/quasarcomunicacion.com.ar\/web\/wp-content\/uploads\/2014\/11\/peatonal.gif\" \/><\/a><br \/>\n<span style=\"font-family: Verdana; font-size: small;\">El concurso se lanz\u00f3 en el mes de agosto con la declaraci\u00f3n de Inter\u00e9s Municipal por decreto del intendente Dr. Humberto Z\u00faccaro. Durante los meses de agosto, septiembre y octubre se brindaron capacitaciones gratuitas sobre Dise\u00f1o de Vidrieras y la importancia de la vidriera para potenciar las ventas.<\/span><br \/>\n<span style=\"font-family: Verdana; font-size: small;\">La iniciativa est\u00e1 destinado a todos los comerciantes de Pilar, incluyendo a todas sus localidades. Actualmente est\u00e1 abierta la inscripci\u00f3n para aquellos interesados en participar, deber\u00e1n inscribirse on line completando el siguiente formulario <a href=\"http:\/\/bit.ly\/1tWTHgt\">http:\/\/bit.ly\/1tWTHgt<\/a> y en <a href=\"http:\/\/emprenderhoy.com.ar\/vidrieras2014.html\"> http:\/\/emprenderhoy.com.ar\/vidrieras2014.html<\/a> podr\u00e1n acceder a las bases y condiciones e informaci\u00f3n de inter\u00e9s.<\/span><br \/>\n<i> <\/i><span style=\"font-family: Verdana; font-size: small;\">Volviendo al proyecto de Ordenanza aprobado por el Concejo Deliberante, el texto considera que <i>\u00abla vidriera, en un emprendimiento y\/o comercio, es una importante estrategia comercial, siendo esta un \u201cvendedor de 24 horas\u201d. Como as\u00ed tambi\u00e9n, la misma comunica, aporta al posicionamiento de una marca y es el primer contacto con el cliente potencial\u00bb<\/i>.<\/span><br \/>\n<span style=\"font-family: Verdana; font-size: small;\">Por lo cual, la mejora en la presentaci\u00f3n de las vidrieras de los locales c\u00e9ntricos aporta a embellecer el sector comercial de Pilar. <\/span><br \/>\n<span style=\"font-family: Verdana; font-size: small;\">Es de destacar que el presente concurso tiene como objetivos fomentar la creatividad de los comerciantes locales en el armado de las vidrieras; generar espacios de intercambio de informaci\u00f3n y capacitaci\u00f3n para los comerciantes sobre \u201cArmado de vidrieras\u201d; valorizar la vidriera como factor clave en las ventas; motivar a los comerciantes para que se esfuercen en el armado de mejores vidrieras que resulten m\u00e1s atractivas para los potenciales clientes y generen un clima de renovaci\u00f3n del comercio local; y reconocer el esfuerzo, el trabajo, la creatividad y la calidad de la presentaci\u00f3n de vidrieras de cada local. <\/span><br \/>\n<span style=\"font-family: Verdana; font-size: small;\">Por m\u00e1s informaci\u00f3n pueden ingresar en <a href=\"http:\/\/emprenderhoy.com.ar\/vidrieras2014.html\"> http:\/\/emprenderhoy.com.ar\/vidrieras2014.html<\/a> y conocer las bases y condiciones e inscribirse on line para participar. Tambi\u00e9n hay informaci\u00f3n en la fan page <a href=\"http:\/\/www.facebook.com\/emprenderhoyfanpage\"> www.facebook.com\/emprenderhoyfanpage<\/a>\u00a0 o pueden solicitar m\u00e1s informaci\u00f3n enviando un mail a <a href=\"mailto:info@emprenderhoy.com.ar\"> info@emprenderhoy.com.ar<\/a> <\/span><br \/>\n<span style=\"font-family: Verdana; font-size: small;\">El Concurso de Vidrieras se trata de un proyecto colaborativo que cuenta con el apoyo de la Municipalidad del Pilar; C\u00e1mara de Comerciantes, Industriales,\u00a0 Profesionales, Propietarios y afines de Del Viso; Pilar Point; DECOmobi; Diario Resumen de Pilar; PDI Parque de Inversiones; Peri\u00f3dico El Apogeo; la C\u00e1mara de Comercio de Villa Rosa; la Asociaci\u00f3n Civil de Comerciantes, Industriales, Profesionales y Afines de F\u00e1tima; Ensamble Gr\u00e1fico; Matute Copias; AutoYa Pilar; Pilar Point; FM Plaza; El Diario de Manuel Alberti; Pilar Hoy Noticias; Qu\u00e1sar Comunicaci\u00f3n; MP Motos, El Diario de Pilar, Zillion Marketing &amp; Design, HQ Imagen y Sonido; y Casa Pyme Pilar <\/span><br \/>\n<span style=\"font-family: Verdana; font-size: small;\">\u00a0<\/span><span style=\"font-size: small;\"><b><i><span style=\"font-family: Arial;\">Por otras im\u00e1genes, audios o entrevistas no dude en contactarse<\/span><\/i><\/b><\/span><\/p>\n<p align=\"right\"><strong> <span style=\"color: #ff0000; font-family: Arial; font-size: small;\">Candela Villanueva<br \/>\n<\/span><\/strong> <span style=\"font-size: medium;\"><strong> <span style=\"color: #808080; font-family: Arial; font-size: small;\"> Qu\u00e1sar Comunicaci\u00f3n<br \/>\n<\/span> <\/strong><\/span> <span style=\"font-size: xx-small;\"><span style=\"color: #ff0000;\"> Directo<\/span><b>: <\/b> 0230<\/span><span style=\"font-size: xx-small;\">-4664772<\/span><span style=\"font-size: xx-small;\"><br \/>\n<\/span><span style=\"font-size: xx-small;\"> <span style=\"color: #ff0000;\">M\u00f3vil:<\/span><b> <\/b> 0230<\/span><span style=\"font-size: xx-small;\">-15-4584535<br \/>\n011-15-6096-4656 ID 558*3763<br \/>\n<\/span><span style=\"color: #ff0000; font-size: xx-small;\"> Skype:<\/span><span style=\"font-size: xx-small;\"> quasarcomunicacion<br \/>\n<\/span><span style=\"color: #ff0000; font-size: xx-small;\"> Twitter:<\/span><span style=\"font-size: xx-small;\"> @quasarpilar<br \/>\n<\/span><span style=\"color: #ff0000; font-size: xx-small;\"> Gr<\/span><span style=\"color: #ff0000; font-size: xx-small;\">upo y p\u00e1gina en Facebook: <\/span> <span style=\"color: #808080; font-size: xx-small;\">www.facebook.com\/<\/span><a href=\"mailto:mfipata@gmail.com\"><span style=\"font-size: xx-small;\">Quasar<\/span><\/a><span style=\"font-size: xx-small;\">Comunicacion<br \/>\n<\/span><span style=\"color: #ff0000; font-size: xx-small;\"> Web:<\/span><b><\/b> <a href=\"http:\/\/www.quasarcomunicacion.com.ar\/\"> <span style=\"font-size: xx-small;\">www.quasarcomunicacion.com.ar<\/span><\/a><span style=\"font-size: xx-small;\"><br \/>\n<\/span><span style=\"font-size: xx-small;\"> <span style=\"color: #ff0000;\">Mail<\/span><b>:<\/b><\/span><span style=\"font-size: xx-small;\"> candela@quasarcomunicacion.com.ar<\/span><\/p>\n","protected":false},"excerpt":{"rendered":"<p>Tras la presentaci\u00f3n de la Comisi\u00f3n Pyme del Honorable Concejo Deliberante de Pilar, presidida por el concejal Fabio G\u00f3mez, el [&hellip;]<\/p>\n","protected":false},"author":2,"featured_media":5178,"comment_status":"open","ping_status":"open","sticky":false,"template":"","format":"standard","meta":[],"categories":[2],"tags":[],"_links":{"self":[{"href":"https:\/\/quasarcomunicacion.com.ar\/web\/wp-json\/wp\/v2\/posts\/5177"}],"collection":[{"href":"https:\/\/quasarcomunicacion.com.ar\/web\/wp-json\/wp\/v2\/posts"}],"about":[{"href":"https:\/\/quasarcomunicacion.com.ar\/web\/wp-json\/wp\/v2\/types\/post"}],"author":[{"embeddable":true,"href":"https:\/\/quasarcomunicacion.com.ar\/web\/wp-json\/wp\/v2\/users\/2"}],"replies":[{"embeddable":true,"href":"https:\/\/quasarcomunicacion.com.ar\/web\/wp-json\/wp\/v2\/comments?post=5177"}],"version-history":[{"count":0,"href":"https:\/\/quasarcomunicacion.com.ar\/web\/wp-json\/wp\/v2\/posts\/5177\/revisions"}],"wp:featuredmedia":[{"embeddable":true,"href":"https:\/\/quasarcomunicacion.com.ar\/web\/wp-json\/wp\/v2\/media\/5178"}],"wp:attachment":[{"href":"https:\/\/quasarcomunicacion.com.ar\/web\/wp-json\/wp\/v2\/media?parent=5177"}],"wp:term":[{"taxonomy":"category","embeddable":true,"href":"https:\/\/quasarcomunicacion.com.ar\/web\/wp-json\/wp\/v2\/categories?post=5177"},{"taxonomy":"post_tag","embeddable":true,"href":"https:\/\/quasarcomunicacion.com.ar\/web\/wp-json\/wp\/v2\/tags?post=5177"}],"curies":[{"name":"wp","href":"https:\/\/api.w.org\/{rel}","templated":true}]}}