{"id":5146,"date":"2014-10-28T16:12:30","date_gmt":"2014-10-28T19:12:30","guid":{"rendered":"https:\/\/quasarcomunicacion.com.ar\/web\/?p=5146"},"modified":"2014-10-28T16:12:30","modified_gmt":"2014-10-28T19:12:30","slug":"se-realizo-en-entre-cielos-el-malbec-sunset-concert-atardecer-del-alma","status":"publish","type":"post","link":"https:\/\/quasarcomunicacion.com.ar\/web\/se-realizo-en-entre-cielos-el-malbec-sunset-concert-atardecer-del-alma\/","title":{"rendered":"Se realiz\u00f3 en Entre Cielos el Malbec Sunset Concert:  Atardecer del alma"},"content":{"rendered":"<p style=\"text-align: left;\" align=\"center\"><span style=\"font-family: Verdana; font-size: small;\">\u00a0<\/span><b style=\"font-family: Verdana; font-size: small;\">Entre Cielos Luxury Wine Hotel &amp; Spa<\/b><span style=\"font-family: Verdana; font-size: small;\">, realiz\u00f3 la primera edici\u00f3n del <\/span><b style=\"font-family: Verdana; font-size: small;\">Malbec Sunset Concert: Atardecer del alma <\/b><span style=\"font-family: Verdana; font-size: small;\">con los acordes de Natalio Faingold, compositor y pianista mendocino que estuvo acompa\u00f1ado por Javier Gonz\u00e1lez con sus gongs. Ambos propusieron durante la puesta del sol, mirar, escuchar, sentir y degustar vinos Malbec junto a un entorno m\u00e1gico en los jardines del hotel de Vistalba.<!--more--><a href=\"https:\/\/quasarcomunicacion.com.ar\/web\/wp-content\/uploads\/2014\/10\/malbecsunset1.jpg\"><img class=\"aligncenter\" alt=\"malbecsunset1\" src=\"https:\/\/quasarcomunicacion.com.ar\/web\/wp-content\/uploads\/2014\/10\/malbecsunset1.jpg\" \/><\/a><\/span><\/p>\n<p>\u00a0Mientras se suscitaba un hermoso atardecer llegaron los visitantes que fueron recibidos con\u00a0 una copa del Marantal Malbec Rosado de los vi\u00f1edos de <b>Entre Cielos<\/b>. Luego se ubicaron en las\u00a0 las c\u00f3modas islas repartidas armoniosamente en el entorno de los jardines delante de las lujosas habitaciones y la pileta, con vista a los Andes y a los artistas.<br \/>\nUna vez ubicados, se los convid\u00f3 con Gazpacho, rag\u00fa de ternera y risotto acompa\u00f1ados por Marantal Cl\u00e1sico.<br \/>\nPuntual, al atardecer, con lo \u00faltimos rayos del sol, empezaron los gongs de Javier Gonz\u00e1lez, dejando a todos en silencio, concentrados y suavemente entr\u00f3 Natalio Faingold con su introducci\u00f3n y el recital.<br \/>\nLa combinaci\u00f3n de los 4 gongs con el piano dieron un ambiente de m\u00fasica desconocida, algo similar a new jazz improvisado. Fue impresionante el maridaje de la m\u00fasica, el espect\u00e1culo del atardecer, la mirada a las monta\u00f1as, de los vinos de la tierra mendocina y las delicias de la cocina de Katharina.<br \/>\nCabe destacar que parte de lo recaudado fue para la Fundaci\u00f3n Servir, quien organiza entregas de ropas, juguetes, brindando educaci\u00f3n y experiencias pedag\u00f3gicas, y libros a la comunidad boliviana de Ugarteche quienes trabajan como cosechadores en los vi\u00f1edos mendocinos.<br \/>\n<span style=\"font-family: Verdana; font-size: small;\">\u00abNos pareci\u00f3 una sinergia optima para el <b>Malbec Sunset Concert<\/b> el darle a los auspiciantes la posibilidad de donar a una buena causa\u00bb, dijo Cecile Adam, co-propietaria de <b>Entre Cielos Luxury Wine Hotel &amp; Spa.<\/b><\/span><br \/>\n<span style=\"font-family: Verdana; font-size: small;\">Una vez concluido el recital, se sirvi\u00f3 el espumante Cruzat, y los dulces para que los invitados disfruten un final inolvidable.<\/span><br \/>\n<span style=\"font-family: Verdana; font-size: small;\">El concierto termin\u00f3 con un agregado a las 20.10, un tema especialmente compuesto por Natalio para Entre Cielos que termin\u00f3 con los aplausos de invitados y hu\u00e9spedes. <\/span><br \/>\n<span style=\"font-family: Verdana; font-size: small;\"><b>Entre Cielos<\/b> y Mendoza Turismo fueron los Mainsponsor del evento que cont\u00f3 con la participaci\u00f3n de Bodega Cruzat.<\/span><br \/>\n<span style=\"font-family: Verdana; font-size: small;\">Para conocer m\u00e1s acerca de <b> Entre Cielos Luxury Wine Hotel &amp; Spa<\/b>, visitar su p\u00e1gina web <a href=\"http:\/\/www.entrecielos.com\/\">www.entrecielos.com<\/a> <\/span><br \/>\n<span style=\"font-family: Verdana; font-size: small;\"><b>Fundaci\u00f3n Servir<\/b> es una agrupaci\u00f3n sin fines de lucro que naci\u00f3 en Noviembre de 2012 con la misi\u00f3n de proveer capacitaciones profesionales, cursos, y talleres gratuitos para ni\u00f1os y adultos en las zonas rurales vitivin\u00edcolas en Mendoza.<\/span><br \/>\n<span style=\"font-family: Verdana; font-size: small;\">Para mayor informaci\u00f3n, saber como donar o trabajar como voluntario, por favor cont\u00e1ctese con la Fundaci\u00f3n: fundacionservirmdza@gmail.com, \u00f3 al tel\u00e9fono 261 340 5742<\/span><br \/>\n<b><span style=\"font-family: Verdana; font-size: small;\">Sobre los artistas<\/span><\/b><br \/>\n<span style=\"font-family: Verdana; font-size: small;\"><b>Natalio Faingold <\/b> <\/span><span style=\"font-family: Verdana; font-size: xx-small;\">naci\u00f3 en Mendoza, Argentina, al pie de Los Andes. Es compositor y multi instrumentista. Desde los 5 a\u00f1os estudia m\u00fasica. Las clases de la maestra Lucrecia Dublanc fueron una impronta importante en su formaci\u00f3n. A los 16 a\u00f1os form\u00f3 una banda de m\u00fasica original que juega desde con el tango contempor\u00e1neo hasta con el rock progresivo. Con Altablanca grabaron dos discos. En medio del caos argentino de los 70, se va a Par\u00eds, a tocar y estudiar composici\u00f3n y piano con quien fue su gran profesora, Lucy Galper\u00edn. En 1983, en Buenos Aires, graba su primer disco solista, Adolescencia, con Lito Vitale como ingeniero de sonido. En esa \u00e9poca sol\u00eda tocar junto a Geniol en el m\u00edtico Einstein, compartiendo escenario con Sumo, Soda Stereo y otras bandas que marcar\u00edan el futuro de la m\u00fasca argentina. Como productor, pianista y compositor, se incorpor\u00f3 a Alcohol Et\u00edlico, grupo con el que se sumerge en el mundo de las canciones. En 1985, en b\u00fasqueda de m\u00e1s conocimientos musicales, se instala en Boston, para estudiar Film Scoring en Berklee College of Music. All\u00ed conoce a su esposa Tiffany Crawford, vocalista inglesa, quien empieza a interpretar sus canciones y a coescribir bajo el paraguas del latin jazz. Era la \u00e9poca de Pat Metheny y Boston un centro de vanguardia. Compartieron tablas con grandes m\u00fasicos como Diego Urcola, Luciana Souza, George Valiente, entre tantos otros. Se gradu\u00f3 de Berklee College of Music en 1989 y se mudan a Londres, donde en una audici\u00f3n pas\u00f3 a formar parte de Fast Freddie\u00b4s Fingertips, con Dave Robinson (Stiff Records). Siguieron tres a\u00f1os de gira por Inglaterra tocando soul. The Evening Standard los nos nombr\u00f3 una de las mejores bandas en vivo de UK.\u00a0 Una nueva etapa, que todav\u00eda no termina, empieza al encontrarse con Dewan German, guitarrista de Maroon Town, en el Delancey Caf\u00e9 de Londres. Maroon Town abre las puertas para sus composiciones sin l\u00edmites estil\u00edsticos. En el 1995 trabaja con Joan Armatrading como tecladista y vive en aeropuertos por dos a\u00f1os, ganando mucha experiencia musical de esta guitarrista y songwriter de excelencia. En 1998, nuevamente en Mendoza, Argentina. El viejo anhelo de volver a Sudam\u00e9rica se concreta. Se mudan al pie de los Andes con la familia, donde mont\u00f3 un estudio, produce y compone, tanto proyectos personales como para discogr\u00e1ficas y compa\u00f1\u00edas de cine y televisi\u00f3n.\u00a0 En el invierno del 2009 comienza a escribir El Futre y junto a un excelente grupo de m\u00fasicos, graba el oratorio rock.\u00a0 A fines del 2009 hace una gira por India y es en ese viaje cuando es recomendado a Hugh Wooldridge director de renombre brit\u00e1nico, quien se interesa y se pasa a ser el Mentory comienzan a trabajar juntos en El Futre. En 2010 se presenta El Futre en Mendoza , San Rafael y San Juan con un impacto medi\u00e1tico y una respuesta muy grande y favorable del publico. En este momento desde La Flora, su propio Estudio de grabaci\u00f3n est\u00e1 desarrollando La Opera De Deolinda Correa ( Difunta Correa) que es parte de una trilog\u00eda que dio comienzo con El Futre, apostando a la cultura Cuyana desde la creaci\u00f3n de nuevos caminos. <\/span><br \/>\n<span style=\"font-family: Verdana; font-size: small;\"><b>Javier Gonz\u00e1lez<\/b><\/span><span style=\"font-family: Verdana; font-size: xx-small;\"> naci\u00f3 en Mendoza, Argentina, donde reside actualmente. Desde hace m\u00e1s de diez a\u00f1os se ha desarrollado en diferentes terapias acu\u00e1ticas con maestros internacionales pioneros en las mismas \u2013 watsu, jahara, aquarelax, etc.- Asimismo se especializ\u00f3 en terapia craneosacral \u2013 liberaci\u00f3n somatoemocional &#8211; Instituto Upledger Argentina. Durante su experiencia en este campo, ha integrado estos distintos enfoques con el poder terap\u00e9utico y vibratorio del sonido, impartiendo cursos tanto a nivel nacional como internacional. Actualmente se encuentra desarrollando nuevas formas de acercamiento terap\u00e9utico enfocadas principalmente en la conexi\u00f3n sutil.<\/span><br \/>\n<b><i>Por otras im\u00e1genes, audios o entrevistas no dude en contactarse<\/i><\/b><\/p>\n<p align=\"center\">Acceso a toda la informaci\u00f3n ingresando en \u00a0<b><i><br \/>\n<a href=\"http:\/\/www.quasarcomunicacion.com.ar\/entrecielos\"> www.quasarcomunicacion.com.ar\/web\/entrecielos<\/a>\u00a0 <\/i><\/b><\/p>\n<p align=\"center\"><span style=\"font-size: small;\"><b><i> Contactos de Prensa<\/i><\/b><\/span><\/p>\n<div align=\"left\">\n<table width=\"100%\" border=\"1\" cellpadding=\"2\" align=\"left\">\n<tbody>\n<tr>\n<td align=\"center\" width=\"50%\">\n<p align=\"left\"><span style=\"font-size: medium;\"><strong> <span style=\"color: #808080; font-family: Arial; font-size: small;\"> Camila Sarmiento &#8211; Asistente de Cuentas<br \/>\n<\/span> <\/strong><\/span> <span style=\"font-size: xx-small;\"><span style=\"color: #ff0000;\"> Directo<\/span><b>: <\/b> 0230<\/span><span style=\"font-size: xx-small;\">-4664772<br \/>\n<\/span><span style=\"color: #ff0000; font-size: xx-small;\"> Skype:<\/span><span style=\"font-size: xx-small;\"> quasarcomunicacion<br \/>\n<\/span><span style=\"color: #ff0000; font-size: xx-small;\"> Twitter:<\/span><span style=\"font-size: xx-small;\"> @quasarpilar<br \/>\n<\/span><span style=\"color: #ff0000; font-size: xx-small;\"> Gr<\/span><span style=\"color: #ff0000; font-size: xx-small;\">upo y p\u00e1gina en Facebook: <\/span> <span style=\"color: #808080; font-size: xx-small;\">www.facebook.com\/<\/span><a href=\"mailto:mfipata@gmail.com\"><span style=\"font-size: xx-small;\">Quasar<\/span><\/a><span style=\"font-size: xx-small;\">Comunicacion<br \/>\n<\/span><span style=\"color: #ff0000; font-size: xx-small;\"> Web:<\/span><b><\/b> <a href=\"http:\/\/www.quasarcomunicacion.com.ar\/\"> <span style=\"font-size: xx-small;\">www.quasarcomunicacion.com.ar<\/span><\/a><\/p>\n<p align=\"left\"><span style=\"font-size: xx-small;\"> <span style=\"color: #ff0000;\">Mail<\/span><b>:<\/b><\/span><span style=\"font-size: xx-small;\"> <a href=\"mailto:fernanda@quasarcomunicacion.com.ar\"> asistente@quasarcomunicacion.com.ar<\/a><\/span><\/p>\n<\/td>\n<td align=\"center\" width=\"50%\">\n<p align=\"right\"><span style=\"font-size: medium;\"><strong> <span style=\"color: #808080; font-family: Arial; font-size: small;\"> Lic. Mar\u00eda Fernanda Ipata &#8211; Directora<br \/>\n<\/span> <\/strong><\/span> <span style=\"font-size: xx-small;\"><span style=\"color: #ff0000;\"><br \/>\nDirecto<\/span><b>: <\/b> 0230<\/span><span style=\"font-size: xx-small;\">-4664772<\/span><span style=\"font-size: xx-small;\"><br \/>\n<\/span><span style=\"font-size: xx-small;\"> <span style=\"color: #ff0000;\">M\u00f3vil:<\/span><b> <\/b> 0230<\/span><span style=\"font-size: xx-small;\">-15-4584535<br \/>\n011-15-6096-4656 ID 558*3763<br \/>\n<\/span><span style=\"color: #ff0000; font-size: xx-small;\"> Skype:<\/span><span style=\"font-size: xx-small;\"> quasarcomunicacion<br \/>\n<\/span><span style=\"color: #ff0000; font-size: xx-small;\"> Twitter:<\/span><span style=\"font-size: xx-small;\"> @quasarpilar<br \/>\n<\/span><span style=\"color: #ff0000; font-size: xx-small;\"> Gr<\/span><span style=\"color: #ff0000; font-size: xx-small;\">upo y p\u00e1gina en Facebook: <\/span> <span style=\"color: #808080; font-size: xx-small;\">www.facebook.com\/<\/span><a href=\"mailto:mfipata@gmail.com\"><span style=\"font-size: xx-small;\">Quasar<\/span><\/a><span style=\"font-size: xx-small;\">Comunicacion<br \/>\n<\/span><span style=\"font-size: xx-small;\"> <span style=\"color: #ff0000;\">LinkedIn<\/span><b>:\u00a0 <\/b><\/span> <span style=\"font-size: xx-small;\"><b> <a href=\"http:\/\/www.linkedin.com\/in\/mfipata\"> http:\/\/www.linkedin.com\/in\/mfipata<\/a><\/b><\/span><span style=\"font-size: xx-small;\"><br \/>\n<\/span><span style=\"color: #ff0000; font-size: xx-small;\"> Web:<\/span><b><\/b> <a href=\"http:\/\/www.quasarcomunicacion.com.ar\/\"> <span style=\"font-size: xx-small;\">www.quasarcomunicacion.com.ar<\/span><\/a><span style=\"font-size: xx-small;\"><br \/>\n<\/span><span style=\"font-size: xx-small;\"> <span style=\"color: #ff0000;\">Mail<\/span><b>:<\/b><\/span><span style=\"font-size: xx-small;\"><a href=\"mailto:fernanda@quasarcomunicacion.com.ar\"> fernanda@quasarcomunicacion.com.ar<\/a><\/span><\/p>\n<\/td>\n<\/tr>\n<\/tbody>\n<\/table>\n<\/div>\n","protected":false},"excerpt":{"rendered":"<p>\u00a0Entre Cielos Luxury Wine Hotel &amp; Spa, realiz\u00f3 la primera edici\u00f3n del Malbec Sunset Concert: Atardecer del alma con los [&hellip;]<\/p>\n","protected":false},"author":2,"featured_media":5147,"comment_status":"open","ping_status":"open","sticky":false,"template":"","format":"standard","meta":[],"categories":[2],"tags":[],"_links":{"self":[{"href":"https:\/\/quasarcomunicacion.com.ar\/web\/wp-json\/wp\/v2\/posts\/5146"}],"collection":[{"href":"https:\/\/quasarcomunicacion.com.ar\/web\/wp-json\/wp\/v2\/posts"}],"about":[{"href":"https:\/\/quasarcomunicacion.com.ar\/web\/wp-json\/wp\/v2\/types\/post"}],"author":[{"embeddable":true,"href":"https:\/\/quasarcomunicacion.com.ar\/web\/wp-json\/wp\/v2\/users\/2"}],"replies":[{"embeddable":true,"href":"https:\/\/quasarcomunicacion.com.ar\/web\/wp-json\/wp\/v2\/comments?post=5146"}],"version-history":[{"count":0,"href":"https:\/\/quasarcomunicacion.com.ar\/web\/wp-json\/wp\/v2\/posts\/5146\/revisions"}],"wp:featuredmedia":[{"embeddable":true,"href":"https:\/\/quasarcomunicacion.com.ar\/web\/wp-json\/wp\/v2\/media\/5147"}],"wp:attachment":[{"href":"https:\/\/quasarcomunicacion.com.ar\/web\/wp-json\/wp\/v2\/media?parent=5146"}],"wp:term":[{"taxonomy":"category","embeddable":true,"href":"https:\/\/quasarcomunicacion.com.ar\/web\/wp-json\/wp\/v2\/categories?post=5146"},{"taxonomy":"post_tag","embeddable":true,"href":"https:\/\/quasarcomunicacion.com.ar\/web\/wp-json\/wp\/v2\/tags?post=5146"}],"curies":[{"name":"wp","href":"https:\/\/api.w.org\/{rel}","templated":true}]}}